{"id":10082,"date":"2024-12-19T08:11:36","date_gmt":"2024-12-19T07:11:36","guid":{"rendered":"https:\/\/www.frantiskani.cz\/?p=10082"},"modified":"2024-12-19T08:11:39","modified_gmt":"2024-12-19T07:11:39","slug":"kristus-ve-vsech-vsichni-v-kristu","status":"publish","type":"post","link":"https:\/\/www.frantiskani.cz\/index.php\/2024\/12\/19\/kristus-ve-vsech-vsichni-v-kristu\/","title":{"rendered":"Kristus ve v\u0161ech, v\u0161ichni v\u00a0Kristu"},"content":{"rendered":"\n<h6 class=\"wp-block-heading\">Pades\u00e1t\u00fd prvn\u00ed t\u00fdden: Vz\u00e1jemn\u00e9 ob\u00fdv\u00e1n\u00ed<\/h6>\n\n\n\n<p><em>Bo\u017e\u00ed pl\u00e1n pro plnost \u010das\u016f, shrnut\u00ed v\u0161eho v Kristu, na nebi i na zemi. -Efesan\u016fm 1,10<\/em><\/p>\n\n\n\n<p><em>Anglick\u00e1 mysti\u010dka dvac\u00e1t\u00e9ho stolet\u00ed Caryll Houselander (1901-1954) popisuje, jak se oby\u010dejn\u00e1 cesta lond\u00fdnsk\u00fdm metrem prom\u011bnila v mocnou vizi Krista p\u0159eb\u00fdvaj\u00edc\u00edho ve v\u0161ech lidech.\u00a0<\/em><\/p>\n\n\n\n<h4 class=\"wp-block-heading\">Kristus v metru<\/h4>\n\n\n\n<p>Sed\u011bla jsem ve vlaku metra, v p\u0159epln\u011bn\u00e9m vlaku, v n\u011bm\u017e se tla\u010dili nejr\u016fzn\u011bj\u0161\u00ed lid\u00e9, sed\u00edc\u00ed a vis\u00edc\u00ed na dr\u017e\u00e1c\u00edch &#8211; d\u011bln\u00edci v\u0161eho druhu, kte\u0159\u00ed se na konci dne vraceli dom\u016f. Zcela n\u00e1hle jsem v duchu, ale tak \u017eiv\u011b jako na n\u00e1dhern\u00e9m obraze, uvid\u011bl Krista v nich v\u0161ech. Ale vid\u011bl jsem v\u00edc ne\u017e to: nejen\u017ee byl Kristus v ka\u017ed\u00e9m z nich, \u017eil v nich, um\u00edral v nich, radoval se v nich, smutnil v nich &#8211; ale proto\u017ee byl v nich a proto\u017ee oni byli tady, byl tady i cel\u00fd sv\u011bt&#8230; v\u0161ichni ti lid\u00e9, kte\u0159\u00ed \u017eili v minulosti, a v\u0161ichni ti, kte\u0159\u00ed teprve p\u0159ijdou.<\/p>\n\n\n\n<p><em>Houselanderov\u00e9 vize d\u016fv\u011brn\u00e9 p\u0159\u00edtomnosti Krista v ka\u017ed\u00e9m \u010dlov\u011bku pokra\u010dovala, kdy\u017e proch\u00e1zela ulicemi m\u011bsta:&nbsp;<\/em><\/p>\n\n\n\n<h4 class=\"wp-block-heading\">Kristus v&nbsp;h\u0159\u00ed\u0161n\u00edc\u00edch<\/h4>\n\n\n\n<p>Vy\u0161la jsem na ulici a dlouho jsem kr\u00e1\u010dela v davu. Bylo to tu stejn\u00e9, na ka\u017ed\u00e9 stran\u011b, v ka\u017ed\u00e9m kolemjdouc\u00edm, v\u0161ude &#8211; Kristus&#8230;..<\/p>\n\n\n\n<p>Vid\u011bla jsem tak\u00e9 \u00factu, kterou mus\u00ed m\u00edt ka\u017ed\u00fd k h\u0159\u00ed\u0161n\u00edkovi; m\u00edsto aby \u010dlov\u011bk schvaloval [jeho] h\u0159\u00edch, kter\u00fd je ve skute\u010dnosti [jeho] nejv\u011bt\u0161\u00edm z\u00e1rmutkem, mus\u00ed ut\u011b\u0161ovat Krista, kter\u00fd v [n\u011bm] trp\u00ed. A tuto \u00factu je t\u0159eba prokazovat i t\u011bm h\u0159\u00ed\u0161n\u00edk\u016fm, jejich\u017e du\u0161e se zdaj\u00ed b\u00fdt mrtv\u00e9, proto\u017ee pr\u00e1v\u011b Kristus, kter\u00fd je \u017eivotem du\u0161e, je v nich mrtv\u00fd; jsou jeho hroby a Kristus v hrob\u011b je potenci\u00e1ln\u011b vzk\u0159\u00ed\u0161en\u00fd Kristus&#8230;.<\/p>\n\n\n\n<h4 class=\"wp-block-heading\">Kristus v osamn\u011bl\u00fdch<\/h4>\n\n\n\n<p>Kristus je v\u0161ude; v n\u011bm m\u00e1 ka\u017ed\u00fd druh \u017eivota smysl a m\u00e1 vliv na ka\u017ed\u00fd jin\u00fd druh \u017eivota&#8230;. Uv\u011bdom\u011bn\u00ed si na\u0161\u00ed jednoty v Kristu je jedin\u00fdm l\u00e9kem na lidskou osam\u011blost. I pro m\u011b je to jedin\u00fd kone\u010dn\u00fd smysl \u017eivota, jedin\u00e1 v\u011bc, kter\u00e1 d\u00e1v\u00e1 ka\u017ed\u00e9mu \u017eivotu smysl a c\u00edl.<\/p>\n\n\n\n<p>Po n\u011bkolika dnech \u201evize\u201c vybledla. Lid\u00e9 vypadali op\u011bt stejn\u011b, u\u017e to pro m\u011b nebyl stejn\u00fd \u0161ok z proz\u0159en\u00ed poka\u017ed\u00e9, kdy\u017e jsem se ocitl tv\u00e1\u0159\u00ed v tv\u00e1\u0159 jin\u00e9 lidsk\u00e9 bytosti. Kristus byl op\u011bt skryt\u00fd; vskutku, v n\u00e1sleduj\u00edc\u00edch letech jsem ho musel hledat a obvykle jsem ho nach\u00e1zel v druh\u00fdch &#8211; a je\u0161t\u011b v\u00edce v sob\u011b &#8211; jen d\u00edky v\u011bdom\u00e9mu a slep\u00e9mu aktu v\u00edry.&nbsp;<\/p>\n\n\n\n<p class=\"has-small-font-size\">P\u0159e\u010dt\u011bte si tuto meditaci na cac.org.<\/p>\n\n\n\n<p class=\"has-small-font-size\">Translated with DeepL.com (free version)<\/p>\n\n\n\n<h6 class=\"wp-block-heading\">Prameny:<\/h6>\n\n\n\n<p class=\"has-small-font-size\">Caryll Houselander,&nbsp;<em>A Rocking-Horse Catholic<\/em>&nbsp;(New York: Sheed and Ward, 1955), 137\u2013139, 140.&nbsp;<\/p>\n\n\n\n<p class=\"has-small-font-size\"><strong>Image credit and inspiration<\/strong>: Susan Wilkinson,&nbsp;<em>Untitled&nbsp;<\/em>(detail), 2021, acrylic paint,&nbsp;<a href=\"https:\/\/email.cac.org\/t\/d-l-svjrky-itiuujuudy-h\/\">Unsplash<\/a>.&nbsp;<a href=\"https:\/\/email.cac.org\/t\/d-l-svjrky-itiuujuudy-k\/\">Click here to enlarge image.<\/a>&nbsp;<em>Just like the colors swirl together in this painting, we and God swirl in our dwelling\/indwelling.<\/em>&nbsp;<\/p>\n","protected":false},"excerpt":{"rendered":"<p>Anglick\u00e1 mysti\u010dka dvac\u00e1t\u00e9ho stolet\u00ed Caryll Houselander (1901-1954) popisuje, jak se oby\u010dejn\u00e1 cesta lond\u00fdnsk\u00fdm metrem prom\u011bnila v mocnou vizi Krista p\u0159eb\u00fdvaj\u00edc\u00edho ve v\u0161ech lidech.\u00a0<\/p>\n","protected":false},"author":1,"featured_media":10054,"comment_status":"open","ping_status":"open","sticky":false,"template":"","format":"standard","meta":{"footnotes":""},"categories":[198],"tags":[1934,1933],"class_list":["post-10082","post","type-post","status-publish","format-standard","has-post-thumbnail","hentry","category-richard-rohr-ofm-centrum-pro-zivot-a-rozjimani","tag-kristus-ve-vsech","tag-mysticka","latest_post"],"_links":{"self":[{"href":"https:\/\/www.frantiskani.cz\/index.php\/wp-json\/wp\/v2\/posts\/10082","targetHints":{"allow":["GET"]}}],"collection":[{"href":"https:\/\/www.frantiskani.cz\/index.php\/wp-json\/wp\/v2\/posts"}],"about":[{"href":"https:\/\/www.frantiskani.cz\/index.php\/wp-json\/wp\/v2\/types\/post"}],"author":[{"embeddable":true,"href":"https:\/\/www.frantiskani.cz\/index.php\/wp-json\/wp\/v2\/users\/1"}],"replies":[{"embeddable":true,"href":"https:\/\/www.frantiskani.cz\/index.php\/wp-json\/wp\/v2\/comments?post=10082"}],"version-history":[{"count":1,"href":"https:\/\/www.frantiskani.cz\/index.php\/wp-json\/wp\/v2\/posts\/10082\/revisions"}],"predecessor-version":[{"id":10083,"href":"https:\/\/www.frantiskani.cz\/index.php\/wp-json\/wp\/v2\/posts\/10082\/revisions\/10083"}],"wp:featuredmedia":[{"embeddable":true,"href":"https:\/\/www.frantiskani.cz\/index.php\/wp-json\/wp\/v2\/media\/10054"}],"wp:attachment":[{"href":"https:\/\/www.frantiskani.cz\/index.php\/wp-json\/wp\/v2\/media?parent=10082"}],"wp:term":[{"taxonomy":"category","embeddable":true,"href":"https:\/\/www.frantiskani.cz\/index.php\/wp-json\/wp\/v2\/categories?post=10082"},{"taxonomy":"post_tag","embeddable":true,"href":"https:\/\/www.frantiskani.cz\/index.php\/wp-json\/wp\/v2\/tags?post=10082"}],"curies":[{"name":"wp","href":"https:\/\/api.w.org\/{rel}","templated":true}]}}