{"id":10095,"date":"2024-12-20T08:21:06","date_gmt":"2024-12-20T07:21:06","guid":{"rendered":"https:\/\/www.frantiskani.cz\/?p=10095"},"modified":"2024-12-20T08:21:09","modified_gmt":"2024-12-20T07:21:09","slug":"buh-o-nas-uvazuje","status":"publish","type":"post","link":"https:\/\/www.frantiskani.cz\/index.php\/2024\/12\/20\/buh-o-nas-uvazuje\/","title":{"rendered":"B\u016fh o n\u00e1s uva\u017euje"},"content":{"rendered":"\n<h6 class=\"wp-block-heading\">Pades\u00e1t\u00fd prvn\u00ed t\u00fdden: Vz\u00e1jemn\u00e9 ob\u00fdv\u00e1n\u00ed<\/h6>\n\n\n\n<p>U\u010d<em>itel CAC Jim Finley popisuje, jak B\u016fh ka\u017ed\u00e9ho z n\u00e1s d\u016fv\u011brn\u011b zn\u00e1, proto\u017ee jsme \u201eskryti s Kristem v Bohu\u201c:<\/em><\/p>\n\n\n\n<h4 class=\"wp-block-heading\">B\u016fh v\u00ed k\u00fdm jste<\/h4>\n\n\n\n<p>Kdy\u017e t\u011b B\u016fh stvo\u0159il, nemusel vym\u00fd\u0161let, k\u00fdm bys mohl b\u00fdt. B\u016fh &#8230; v\u011b\u010dn\u011b v\u00ed, k\u00fdm v\u011b\u010dn\u011b jste a k \u010demu jste povol\u00e1ni ji\u017e p\u0159ed vznikem vesm\u00edru. Jak \u0159\u00edk\u00e1 svat\u00fd Pavel: \u201eV\u00e1\u0161 \u017eivot je skryt s Kristem v Bohu\u201c (Kol 3,3).&nbsp;<\/p>\n\n\n\n<h4 class=\"wp-block-heading\">Jste v Bohu<\/h4>\n\n\n\n<p>T\u00edm, k\u00fdm B\u016fh [Stvo\u0159itel] v\u011b\u010dn\u011b uva\u017euje, \u017ee jste v Kristu Slovu, jste byli p\u0159edt\u00edm, ne\u017e jste se kdy zrodili&#8230;.. Nikdy p\u0159edt\u00edm neexistoval okam\u017eik, kdy by v\u00e1s B\u016fh v\u011b\u010dn\u011b neznal v Kristu Slovu, skrze n\u011bho\u017e je v\u0161echno stvo\u0159eno. Nekone\u010dn\u00e1 Bo\u017e\u00ed prostota nep\u0159ipou\u0161t\u00ed \u017e\u00e1dn\u00e9 rozd\u011blen\u00ed. V t\u00e9to poetick\u00e9 meditaci o va\u0161em prav\u00e9m j\u00e1 p\u0159edt\u00edm, ne\u017e jste se narodili, je meditace o v\u00e1s v Bohu jako o Bohu, v \u017e\u00e1dn\u00e9m p\u0159\u00edpad\u011b jin\u00e9m nebo men\u0161\u00edm ne\u017e v\u0161echno, \u010d\u00edm B\u016fh je.&nbsp;<\/p>\n\n\n\n<h4 class=\"wp-block-heading\">Odevzd\u00e1v\u00e1te se Bohu<\/h4>\n\n\n\n<p>Na\u0161e odpov\u011b\u010f na Bo\u017e\u00ed l\u00e1sku k n\u00e1m m\u016f\u017ee vy\u00fastit v to, \u017ee Bohu vr\u00e1t\u00edme sv\u016fj \u017eivot:<\/p>\n\n\n\n<p>B\u016fh Otec [nebo Matka] v\u00e1s stvo\u0159il jako osobu, abyste se stali t\u00edm, k\u00fdm [B\u016fh] v\u011b\u010dn\u011b v\u00ed, \u017ee jste v Kristu Slovu. Bo\u017e\u00ed &#8230; fiat [\u201enech\u0165 se stane\u201c] stvo\u0159en\u00ed &#8230; t\u011b uv\u00e1d\u00ed do byt\u00ed a d\u00e1v\u00e1 ti p\u0159irozenost&#8230;.. Ve sv\u00e9 lidsk\u00e9 p\u0159irozenosti jste kone\u010dn\u00fdm Bo\u017e\u00edm stvo\u0159en\u00edm obda\u0159en\u00fdm schopnost\u00ed pozn\u00e1vat a milovat. Pro\u010d? Abyste skrze svou lidskou p\u0159irozenost pozn\u00e1vali Boha t\u00edm, \u017ee se nau\u010d\u00edte milovat Boha a odevzd\u00e1vat se Bohu, kter\u00fd je p\u016fvodem, z\u00e1kladem a napln\u011bn\u00edm va\u0161eho \u017eivota jako osoby stvo\u0159en\u00e9 Bohem &#8230; skrze Krista Slovo.&nbsp;<\/p>\n\n\n\n<p><em>Finley se zam\u00fd\u0161l\u00ed nad t\u00edm, jak n\u00e1m meditace m\u016f\u017ee umo\u017enit zakusit na\u0161i jednotu s Bohem:&nbsp;<\/em><\/p>\n\n\n\n<h4 class=\"wp-block-heading\">B\u016fh je n\u00e1m d\u00e1n<\/h4>\n\n\n\n<p>Okam\u017eiky spont\u00e1nn\u00ed medita\u010dn\u00ed zku\u0161enosti lze ch\u00e1pat jako z\u00e1blesky uv\u011bdom\u011bn\u00ed, kdy se do lidsk\u00e9ho v\u011bdom\u00ed prodere osoba, kterou jsme. N\u00e1hle si uv\u011bdom\u00edme jednotu s Bohem, kterou intuitivn\u011b rozpozn\u00e1v\u00e1me jako Bo\u017e\u00ed identitu a z\u00e1rove\u0148 jako svou vlastn\u00ed. Ve chv\u00edl\u00edch meditativn\u00edho probuzen\u00ed nejasn\u011b c\u00edt\u00edme, \u017ee to, kdo jsme my a kdo je B\u016fh, je jak\u00fdmsi nevyzpytateln\u00fdm zp\u016fsobem jedno tajemstv\u00ed. Udr\u017eov\u00e1ni v tomto v\u011bdom\u00ed si uv\u011bdomujeme, \u017ee kdybychom se sna\u017eili naj\u00edt sami sebe jako n\u011bkoho jin\u00e9ho ne\u017e Boha, hledali bychom marn\u011b. Kdybychom cht\u011bli hledat Boha jako n\u011bkoho jin\u00e9ho ne\u017e sebe, bylo by na\u0161e hled\u00e1n\u00ed stejn\u011b marn\u00e9.<\/p>\n\n\n\n<h4 class=\"wp-block-heading\">B\u016fh je n\u00e1m d\u00e1n<\/h4>\n\n\n\n<p>Uv\u011bdomujeme si toti\u017e, \u017ee B\u016fh je n\u00e1m d\u00e1n, zcela a \u00fapln\u011b, v jednot\u011b, kter\u00e1 je z\u00e1rove\u0148 v\u0161\u00edm, \u010d\u00edm B\u016fh je, i v\u0161\u00edm, \u010d\u00edm skute\u010dn\u011b jsme.<\/p>\n\n\n\n<p>My nejsme B\u016fh. Ale nejsme ani jin\u00ed ne\u017e B\u016fh. Jako osoby jsme t\u00edm, k\u00fdm n\u00e1s B\u016fh v\u011b\u010dn\u011b zn\u00e1 v [Bo\u017e\u00edm] nekone\u010dn\u00e9m pozn\u00e1n\u00ed [Bo\u017e\u00ed] nekone\u010dn\u00e9 aktu\u00e1lnosti. A v t\u00e9to paradoxn\u00ed pravd\u011b spo\u010d\u00edv\u00e1 podstata toho, co znamen\u00e1 b\u00fdt lidskou bytost\u00ed ur\u010denou k v\u011b\u010dn\u00e9 jednot\u011b s Bohem.&nbsp;<\/p>\n\n\n\n<p class=\"has-small-font-size\">Tuto meditaci si m\u016f\u017eete p\u0159e\u010d\u00edst na str\u00e1nk\u00e1ch cac.org.<\/p>\n\n\n\n<p class=\"has-small-font-size\">Translated with DeepL.com (free version)<\/p>\n\n\n\n<h6 class=\"wp-block-heading\">Prameny:<\/h6>\n\n\n\n<p class=\"has-small-font-size\">James Finley,&nbsp;<em>Christian Meditation: Experiencing the Presence of God&nbsp;<\/em>(San Francisco, CA: HarperSanFrancisco, 2004), 185\u2013187.<em>&nbsp;<\/em>&nbsp;<\/p>\n\n\n\n<p class=\"has-small-font-size\"><strong>Image credit and inspiration<\/strong>: Susan Wilkinson,&nbsp;<em>Untitled&nbsp;<\/em>(detail), 2021, acrylic paint,&nbsp;<a href=\"https:\/\/email.cac.org\/t\/d-l-svjrud-tlkrhyidn-h\/\">Unsplash<\/a>.&nbsp;<a href=\"https:\/\/email.cac.org\/t\/d-l-svjrud-tlkrhyidn-k\/\">Click here to enlarge image.<\/a>&nbsp;<em>Just like the colors swirl together in this painting, we and God swirl in our dwelling\/indwelling.<\/em>&nbsp;<\/p>\n","protected":false},"excerpt":{"rendered":"<p>J. Finley: Uv\u011bdomujeme si toti\u017e, \u017ee B\u016fh je n\u00e1m d\u00e1n, zcela a \u00fapln\u011b, v jednot\u011b, kter\u00e1 je z\u00e1rove\u0148 v\u0161\u00edm, \u010d\u00edm B\u016fh je, i v\u0161\u00edm, \u010d\u00edm skute\u010dn\u011b jsme.<\/p>\n<p>My nejsme B\u016fh. Ale nejsme ani jin\u00ed ne\u017e B\u016fh. Jako osoby jsme t\u00edm, k\u00fdm n\u00e1s B\u016fh v\u011b\u010dn\u011b zn\u00e1 v [Bo\u017e\u00edm] nekone\u010dn\u00e9m pozn\u00e1n\u00ed [Bo\u017e\u00ed] nekone\u010dn\u00e9 aktu\u00e1lnosti. A v t\u00e9to paradoxn\u00ed pravd\u011b spo\u010d\u00edv\u00e1 podstata toho, co znamen\u00e1 b\u00fdt lidskou bytost\u00ed ur\u010denou k v\u011b\u010dn\u00e9 jednot\u011b s Bohem.<\/p>\n","protected":false},"author":1,"featured_media":10054,"comment_status":"open","ping_status":"open","sticky":false,"template":"","format":"standard","meta":{"footnotes":""},"categories":[198],"tags":[694,1936,1935],"class_list":["post-10095","post","type-post","status-publish","format-standard","has-post-thumbnail","hentry","category-richard-rohr-ofm-centrum-pro-zivot-a-rozjimani","tag-buh","tag-kym-jsme","tag-my-v-bohu","latest_post"],"_links":{"self":[{"href":"https:\/\/www.frantiskani.cz\/index.php\/wp-json\/wp\/v2\/posts\/10095","targetHints":{"allow":["GET"]}}],"collection":[{"href":"https:\/\/www.frantiskani.cz\/index.php\/wp-json\/wp\/v2\/posts"}],"about":[{"href":"https:\/\/www.frantiskani.cz\/index.php\/wp-json\/wp\/v2\/types\/post"}],"author":[{"embeddable":true,"href":"https:\/\/www.frantiskani.cz\/index.php\/wp-json\/wp\/v2\/users\/1"}],"replies":[{"embeddable":true,"href":"https:\/\/www.frantiskani.cz\/index.php\/wp-json\/wp\/v2\/comments?post=10095"}],"version-history":[{"count":1,"href":"https:\/\/www.frantiskani.cz\/index.php\/wp-json\/wp\/v2\/posts\/10095\/revisions"}],"predecessor-version":[{"id":10096,"href":"https:\/\/www.frantiskani.cz\/index.php\/wp-json\/wp\/v2\/posts\/10095\/revisions\/10096"}],"wp:featuredmedia":[{"embeddable":true,"href":"https:\/\/www.frantiskani.cz\/index.php\/wp-json\/wp\/v2\/media\/10054"}],"wp:attachment":[{"href":"https:\/\/www.frantiskani.cz\/index.php\/wp-json\/wp\/v2\/media?parent=10095"}],"wp:term":[{"taxonomy":"category","embeddable":true,"href":"https:\/\/www.frantiskani.cz\/index.php\/wp-json\/wp\/v2\/categories?post=10095"},{"taxonomy":"post_tag","embeddable":true,"href":"https:\/\/www.frantiskani.cz\/index.php\/wp-json\/wp\/v2\/tags?post=10095"}],"curies":[{"name":"wp","href":"https:\/\/api.w.org\/{rel}","templated":true}]}}