{"id":10100,"date":"2024-12-21T09:18:15","date_gmt":"2024-12-21T08:18:15","guid":{"rendered":"https:\/\/www.frantiskani.cz\/?p=10100"},"modified":"2024-12-21T09:18:16","modified_gmt":"2024-12-21T08:18:16","slug":"vzajemne-obyvani","status":"publish","type":"post","link":"https:\/\/www.frantiskani.cz\/index.php\/2024\/12\/21\/vzajemne-obyvani\/","title":{"rendered":"Vz\u00e1jemn\u00e9 ob\u00fdv\u00e1n\u00ed"},"content":{"rendered":"\n<h6 class=\"wp-block-heading\">Shrnut\u00ed pades\u00e1t\u00e9ho prvn\u00edho t\u00fddne 15. prosince &#8211; 20. prosince 2024<\/h6>\n\n\n\n<h4 class=\"wp-block-heading\">Ned\u011ble<\/h4>\n\n\n\n<p>Jedin\u00e9, co m\u016f\u017eeme d\u011blat, je upadnout do V\u011b\u010dn\u00e9ho Milosrdenstv\u00ed &#8211; do L\u00e1sky -, z n\u00ed\u017e ve skute\u010dnosti nikdy nem\u016f\u017eeme vypadnout, proto\u017ee \u201emy pat\u0159\u00edme Kristu a Kristus pat\u0159\u00ed Bohu\u201c. -Richard Rohr<\/p>\n\n\n\n<h4 class=\"wp-block-heading\">Pond\u011bl\u00ed<\/h4>\n\n\n\n<p>Abychom mohli n\u00e9st Slovo, abychom mohli vstoupit do Kr\u00e1lovstv\u00ed, mus\u00edme se skute\u010dn\u011b narodit z Ducha, ne podruh\u00e9 v l\u016fn\u011b na\u0161\u00ed p\u0159irozen\u00e9 matky, ale neust\u00e1le v l\u00e1sce Matky Bo\u017e\u00ed, kter\u00e1 porodila sv\u00e9ho syna, a stejn\u011b jako ona, ve stejn\u00e9m pohybu, n\u00e9st i Krista. -Maggie Rossov\u00e1<\/p>\n\n\n\n<h4 class=\"wp-block-heading\">\u00dater\u00fd<\/h4>\n\n\n\n<p>V\u0161ichni m\u00e1me stejn\u00fd objektivn\u00ed dar, ale r\u016fzn\u00e9 zp\u016fsoby, jak \u0159\u00edci ano a souhlasit s n\u00edm. Existuje tolik zp\u016fsob\u016f, jak projevit Boha, kolik je bytost\u00ed ve vesm\u00edru. A\u010dkoli se li\u0161\u00edme v podobnosti, Bo\u017e\u00ed obraz (imago Dei) p\u0159etrv\u00e1v\u00e1 a proza\u0159uje v\u0161echny stvo\u0159en\u00e9 v\u011bci. -Richard Rohr&nbsp;<\/p>\n\n\n\n<h4 class=\"wp-block-heading\">St\u0159eda<\/h4>\n\n\n\n<p>Pro v\u011bt\u0161inu z n\u00e1s je na\u0161e vlastn\u00ed nejhlub\u0161\u00ed identita st\u00e1le dob\u0159e skryt\u00e1. Hlavn\u00edm a nenahraditeln\u00fdm \u00fakolem n\u00e1bo\u017eenstv\u00ed je p\u0159iv\u00e9st tuto z\u00e1kladn\u00ed pravdu o na\u0161\u00ed spole\u010dn\u00e9 identit\u011b v Bohu k pln\u00e9mu a vd\u011b\u010dn\u00e9mu v\u011bdom\u00ed. -Richard Rohr<\/p>\n\n\n\n<h4 class=\"wp-block-heading\">\u010ctvrtek<\/h4>\n\n\n\n<p>Nejr\u016fzn\u011bj\u0161\u00ed lid\u00e9 se tla\u010dili, sed\u011bli a viseli na \u0159em\u00ednc\u00edch &#8211; d\u011bln\u00edci v\u0161eho druhu, kte\u0159\u00ed se na konci dne vraceli dom\u016f. Zcela ne\u010dekan\u011b jsem v nich v\u0161ech, ale tak \u017eiv\u011b jako v n\u00e1dhern\u00e9m obraze, spat\u0159il Krista. -Caryll Houselander<\/p>\n\n\n\n<h4 class=\"wp-block-heading\">P\u00e1tek<\/h4>\n\n\n\n<p>Kdy\u017e t\u011b B\u016fh stvo\u0159il, nemusel vym\u00fd\u0161let, k\u00fdm bys mohl b\u00fdt. B\u016fh v\u011b\u010dn\u011b v\u00ed, k\u00fdm v\u011b\u010dn\u011b jste a k \u010demu jste povol\u00e1ni ji\u017e p\u0159ed vznikem vesm\u00edru. Jak \u0159\u00edk\u00e1 svat\u00fd Pavel: \u201eV\u00e1\u0161 \u017eivot je skryt s Kristem v Bohu\u201c (Kolosk\u00fdm 3,3).&nbsp; -James Finley<\/p>\n\n\n\n<h1 class=\"wp-block-heading\">Vdechov\u00e1n\u00ed Bo\u017e\u00edho dechu<\/h1>\n\n\n\n<h6 class=\"wp-block-heading\">Pades\u00e1t\u00fd prvn\u00ed t\u00fdden cvi\u010den\u00ed<\/h6>\n\n\n\n<p><em>Duchovn\u00ed spisovatelka Christine Aroney-Sine nab\u00edz\u00ed modlitbu a praxi vdechov\u00e1n\u00ed:&nbsp;<\/em><\/p>\n\n\n\n<h4 class=\"wp-block-heading\">D\u00fdch\u00e1n\u00ed<\/h4>\n\n\n\n<p>Pohodln\u011b se posa\u010fte s nohama pevn\u011b na zemi. Zav\u0159ete o\u010di. Pomalu se zhluboka nadechn\u011bte a vydechn\u011bte. P\u0159i n\u00e1dechu si uv\u011bdomte, \u017ee v\u00e1\u0161 dech proch\u00e1z\u00ed \u00fasty nebo nosem a pln\u00ed pl\u00edce \u017eivotod\u00e1rn\u00fdm kysl\u00edkem.&nbsp;<\/p>\n\n\n\n<p>Zadr\u017ete dech na deset vte\u0159in a pot\u00e9 pomalu vydechn\u011bte, abyste z t\u011bla vypustili toxiny. P\u0159edstavte si, \u017ee nap\u011bt\u00ed, \u00fazkost a tlak ve va\u0161em t\u011ble p\u0159i tom odch\u00e1zej\u00ed. P\u0159ij\u010fte si odpo\u010dinout, zklidn\u011bte svou mysl a uvoln\u011bte sv\u00e9 t\u011blo.<\/p>\n\n\n\n<p>Od\u0159\u00edkejte dechovou modlitbu a minutu ti\u0161e se\u010fte nebo st\u016fjte v Bo\u017e\u00ed p\u0159\u00edtomnosti.&nbsp;<\/p>\n\n\n\n<h4 class=\"wp-block-heading\">Aroney-Sine sd\u00edl\u00ed tuto dechovou modlitbu:<\/h4>\n\n\n\n<p>Vdechujte Bo\u017e\u00ed dech.<\/p>\n\n\n\n<p>Vydechn\u011bte sv\u00e9 starosti a obavy<\/p>\n\n\n\n<p>Vdechn\u011bte Bo\u017e\u00ed l\u00e1sku<\/p>\n\n\n\n<p>Vydechn\u011bte sv\u00e9 pochybnosti a zoufalstv\u00ed<\/p>\n\n\n\n<p>Vdechn\u011bte Bo\u017e\u00ed \u017eivot<\/p>\n\n\n\n<p>Vydechn\u011bte sv\u00e9 obavy a frustrace<\/p>\n\n\n\n<p>Ti\u0161e sed\u00edme p\u0159ed t\u00edm, kdo d\u00e1v\u00e1 \u017eivot a l\u00e1sku v\u0161emu stvo\u0159en\u00ed.<\/p>\n\n\n\n<p>Sed\u00edme v \u00fact\u011b p\u0159ed T\u00edm, kter\u00fd n\u00e1s stvo\u0159il v mat\u010din\u011b l\u016fn\u011b.<\/p>\n\n\n\n<p>Sed\u00edme v pokoji obklopeni T\u00edm, kter\u00fd napl\u0148uje ka\u017ed\u00e9 vl\u00e1kno na\u0161\u00ed bytosti.<\/p>\n\n\n\n<p>Vdechujeme Bo\u017e\u00ed dech<\/p>\n\n\n\n<p>Vydechn\u011bte sv\u00e9 nap\u011bt\u00ed a zmatek<\/p>\n\n\n\n<p>Vdechn\u011bte Bo\u017e\u00ed l\u00e1sku<\/p>\n\n\n\n<p>Vydechn\u011bte sv\u016fj sp\u011bch a shon<\/p>\n\n\n\n<p>Vdechn\u011bte Bo\u017e\u00ed \u017eivot<\/p>\n\n\n\n<p>Vydechn\u011bte svou pr\u00e1ci a starosti<\/p>\n\n\n\n<p>Sed\u00edme ti\u0161e p\u0159ed T\u00edm, kter\u00fd d\u00e1v\u00e1 \u017eivot a l\u00e1sku v\u0161emu stvo\u0159en\u00ed.<\/p>\n\n\n\n<p>Sed\u00edme v \u00fact\u011b p\u0159ed T\u00edm, kter\u00fd n\u00e1s stvo\u0159il v l\u016fn\u011b na\u0161ich matek.<\/p>\n\n\n\n<p>Sed\u00edme v pokoji obklopeni T\u00edm, kter\u00fd napl\u0148uje ka\u017ed\u00e9 vl\u00e1kno na\u0161\u00ed bytosti.<\/p>\n\n\n\n<p class=\"has-small-font-size\">P\u0159e\u010dt\u011bte si tuto meditaci na str\u00e1nk\u00e1ch cac.org.<\/p>\n\n\n\n<p class=\"has-small-font-size\">Translated with DeepL.com (free version)<\/p>\n\n\n\n<h6 class=\"wp-block-heading\">Prameny:<\/h6>\n\n\n\n<p class=\"has-small-font-size\">Christine Aroney-Sine,&nbsp;<a href=\"https:\/\/email.cac.org\/t\/d-l-svjyz-tlkrhyidn-n\/\"><em>The Gift of Wonder: Creative Practices for Delighting in God<\/em><\/a><em>&nbsp;<\/em>(Downers Grove, IL: IVP Books, 2019), 128\u2013129. Used with permission.&nbsp;&nbsp;<\/p>\n\n\n\n<p class=\"has-small-font-size\"><strong>Image credit and inspiration<\/strong>: Susan Wilkinson,&nbsp;<em>Untitled&nbsp;<\/em>(detail), 2021, acrylic paint,&nbsp;<a href=\"https:\/\/email.cac.org\/t\/d-l-svjyz-tlkrhyidn-p\/\">Unsplash<\/a>.&nbsp;<a href=\"https:\/\/email.cac.org\/t\/d-l-svjyz-tlkrhyidn-x\/\">Click here to enlarge image.<\/a>&nbsp;<em>Just like the colors swirl together in this painting, we and God swirl in our dwelling\/indwelling.<\/em>&nbsp;<\/p>\n\n\n\n<p><\/p>\n","protected":false},"excerpt":{"rendered":"<p>Nejr\u016fzn\u011bj\u0161\u00ed lid\u00e9 se tla\u010dili, sed\u011bli a viseli na \u0159em\u00ednc\u00edch &#8211; d\u011bln\u00edci v\u0161eho druhu, kte\u0159\u00ed se na konci dne vraceli dom\u016f. Zcela ne\u010dekan\u011b jsem v nich v\u0161ech, ale tak \u017eiv\u011b jako v n\u00e1dhern\u00e9m obraze, spat\u0159il Krista. -Caryll Houselander<\/p>\n","protected":false},"author":1,"featured_media":10054,"comment_status":"open","ping_status":"open","sticky":false,"template":"","format":"standard","meta":{"footnotes":""},"categories":[198],"tags":[336,1087],"class_list":["post-10100","post","type-post","status-publish","format-standard","has-post-thumbnail","hentry","category-richard-rohr-ofm-centrum-pro-zivot-a-rozjimani","tag-buh-v-nas","tag-dychani","latest_post"],"_links":{"self":[{"href":"https:\/\/www.frantiskani.cz\/index.php\/wp-json\/wp\/v2\/posts\/10100","targetHints":{"allow":["GET"]}}],"collection":[{"href":"https:\/\/www.frantiskani.cz\/index.php\/wp-json\/wp\/v2\/posts"}],"about":[{"href":"https:\/\/www.frantiskani.cz\/index.php\/wp-json\/wp\/v2\/types\/post"}],"author":[{"embeddable":true,"href":"https:\/\/www.frantiskani.cz\/index.php\/wp-json\/wp\/v2\/users\/1"}],"replies":[{"embeddable":true,"href":"https:\/\/www.frantiskani.cz\/index.php\/wp-json\/wp\/v2\/comments?post=10100"}],"version-history":[{"count":1,"href":"https:\/\/www.frantiskani.cz\/index.php\/wp-json\/wp\/v2\/posts\/10100\/revisions"}],"predecessor-version":[{"id":10101,"href":"https:\/\/www.frantiskani.cz\/index.php\/wp-json\/wp\/v2\/posts\/10100\/revisions\/10101"}],"wp:featuredmedia":[{"embeddable":true,"href":"https:\/\/www.frantiskani.cz\/index.php\/wp-json\/wp\/v2\/media\/10054"}],"wp:attachment":[{"href":"https:\/\/www.frantiskani.cz\/index.php\/wp-json\/wp\/v2\/media?parent=10100"}],"wp:term":[{"taxonomy":"category","embeddable":true,"href":"https:\/\/www.frantiskani.cz\/index.php\/wp-json\/wp\/v2\/categories?post=10100"},{"taxonomy":"post_tag","embeddable":true,"href":"https:\/\/www.frantiskani.cz\/index.php\/wp-json\/wp\/v2\/tags?post=10100"}],"curies":[{"name":"wp","href":"https:\/\/api.w.org\/{rel}","templated":true}]}}