{"id":10136,"date":"2024-12-25T09:32:37","date_gmt":"2024-12-25T08:32:37","guid":{"rendered":"https:\/\/www.frantiskani.cz\/?p=10136"},"modified":"2024-12-25T09:32:40","modified_gmt":"2024-12-25T08:32:40","slug":"za-hranice-sentimentality","status":"publish","type":"post","link":"https:\/\/www.frantiskani.cz\/index.php\/2024\/12\/25\/za-hranice-sentimentality\/","title":{"rendered":"Za hranice sentimentality"},"content":{"rendered":"\n<h6 class=\"wp-block-heading\">Pades\u00e1t\u00fd druh\u00fd t\u00fdden: Svat\u00e9 vt\u011blen\u00ed<\/h6>\n\n\n\n<p><em>Otec Richard vyb\u00edz\u00ed k\u0159es\u0165any, aby se posunuli od sentimentality ke zral\u00e9mu pochopen\u00ed d\u016fsledk\u016f vt\u011blen\u00ed:<\/em><\/p>\n\n\n\n<h4 class=\"wp-block-heading\">vt\u011blen\u00ed je ji\u017e vykoupen\u00edm<\/h4>\n\n\n\n<p>Je t\u0159eba p\u0159ekonat pouh\u00e9 sentiment\u00e1ln\u00ed ch\u00e1p\u00e1n\u00ed V\u00e1noc jako \u201e\u010dek\u00e1n\u00ed na Je\u017e\u00ed\u0161ka\u201c a dosp\u011bl\u00fdm a spole\u010dn\u00fdm zp\u016fsobem ocenit poselstv\u00ed o vt\u011blen\u00ed Boha v Kristu. My franti\u0161k\u00e1ni jsme v\u017edy v\u011b\u0159ili, \u017ee vt\u011blen\u00ed je ji\u017e vykoupen\u00edm, proto\u017ee v Je\u017e\u00ed\u0161ov\u011b narozen\u00ed B\u016fh \u0159\u00edk\u00e1, \u017ee je dobr\u00e9 b\u00fdt \u010dlov\u011bkem a \u017ee B\u016fh je na na\u0161\u00ed stran\u011b.<\/p>\n\n\n\n<h4 class=\"wp-block-heading\">A posl\u00e1n\u00ed Krista je Bo\u017e\u00ed vl\u00e1da<\/h4>\n\n\n\n<p>Je\u017e\u00ed\u0161 ztoto\u017enil sv\u00e9 vlastn\u00ed posl\u00e1n\u00ed s t\u00edm, co nazval nadch\u00e1zej\u00edc\u00ed \u201eBo\u017e\u00ed vl\u00e1dou\u201c. My jsme se m\u00edsto toho \u010dasto spokojili se sladk\u00fdm p\u0159\u00edchodem d\u00edt\u011bte, kter\u00e9 od n\u00e1s ne\u017e\u00e1dalo t\u00e9m\u011b\u0159 nic, pokud jde o odevzd\u00e1n\u00ed, setk\u00e1n\u00ed, vz\u00e1jemnost nebo jak\u00fdkoli souhlas se skute\u010dn\u00fdm Je\u017e\u00ed\u0161ov\u00fdm u\u010den\u00edm. P\u0159\u00edli\u0161n\u00e1 sentimentalita nebo vyprazd\u0148ov\u00e1n\u00ed na\u0161ich emoc\u00ed m\u016f\u017ee b\u00fdt n\u00e1hra\u017ekou skute\u010dn\u00e9ho vztahu, jak to vid\u00edme i v na\u0161ich mezilidsk\u00fdch vztaz\u00edch. Kdy\u017e jsme tak poblouzn\u011bni \u201esladkost\u00ed\u201c nebo \u201edokonalost\u00ed\u201c druh\u00e9ho, snadno \u201evypadneme\u201c z l\u00e1sky p\u0159i prvn\u00edm n\u00e1znaku jeho lidskosti.\u202fNedopus\u0165me, aby se to stalo s nekone\u010dn\u011b podmanivou osobou Je\u017e\u00ed\u0161e!<\/p>\n\n\n\n<h4 class=\"wp-block-heading\">V\u00e1noce jsou prosba o zrozen\u00ed d\u011bjin<\/h4>\n\n\n\n<p>Oslava V\u00e1noc nen\u00ed v\u00fdhradn\u011b sentiment\u00e1ln\u00edm \u010dek\u00e1n\u00edm na narozen\u00ed d\u00edt\u011bte. Mnohem v\u00edce je to prosba o zrozen\u00ed d\u011bjin! Stvo\u0159en\u00ed st\u00e9n\u00e1 ve sv\u00fdch porodn\u00edch bolestech a \u010dek\u00e1 na na\u0161i \u00fa\u010dast s Bohem na sv\u00e9 obnov\u011b (viz \u0158\u00edm 8,20-23). Evangeliu neprokazujeme \u017e\u00e1dnou laskavost, kdy\u017e z Je\u017e\u00ed\u0161e, v\u011b\u010dn\u00e9ho Krista, d\u011bl\u00e1me v\u011b\u010dn\u00e9 d\u00edt\u011b, kter\u00e9 od n\u00e1s ne\u017e\u00e1d\u00e1 t\u00e9m\u011b\u0159 \u017e\u00e1dnou odpov\u011b\u010f dosp\u011bl\u00fdch. \u010clov\u011bk se dokonce div\u00ed, jak\u00e1 mysl by cht\u011bla Je\u017e\u00ed\u0161e udr\u017eovat v roli d\u00edt\u011bte. Snad jen takov\u00e1, kter\u00e1 se spokoj\u00ed s \u201ed\u011btsk\u00fdm k\u0159es\u0165anstv\u00edm\u201c.<\/p>\n\n\n\n<h4 class=\"wp-block-heading\">B\u016fh miluje partnerstv\u00ed s n\u00e1mi<\/h4>\n\n\n\n<p>Ka\u017ed\u00e1 spiritualita, kter\u00e1 si z Je\u017e\u00ed\u0161e d\u00edt\u011bte d\u011bl\u00e1 p\u0159\u00edli\u0161 mnoho, mo\u017en\u00e1 je\u0161t\u011b nen\u00ed p\u0159ipravena na \u201eprime-time\u201c \u017eivot. M\u00e1me-li v\u011b\u0159it biblick\u00fdm text\u016fm, B\u016fh zjevn\u011b chce, aby p\u0159\u00e1tel\u00e9 a partne\u0159i byli obrazy bo\u017estv\u00ed. Zd\u00e1 se, \u017ee B\u016fh od n\u00e1s chce zral\u00e9 n\u00e1bo\u017eenstv\u00ed a promy\u0161lenou, svobodnou odpov\u011b\u010f. B\u016fh n\u00e1s miluje v partnerstv\u00ed, se vz\u00e1jemn\u00fdm d\u00e1v\u00e1n\u00edm a p\u0159ij\u00edm\u00e1n\u00edm, a my se nakonec st\u00e1v\u00e1me obrazy Boha, kter\u00e9ho milujeme.\u202f<\/p>\n\n\n\n<h4 class=\"wp-block-heading\">Jsme \u00fady Kristova t\u011bla<\/h4>\n\n\n\n<p>Kristus, kter\u00e9ho \u017e\u00e1d\u00e1me a na kter\u00e9ho \u010dek\u00e1me, zahrnuje na\u0161e vlastn\u00ed pln\u00e9 zrozen\u00ed a dal\u0161\u00ed zrozen\u00ed d\u011bjin a stvo\u0159en\u00ed.\u202fTomuto dosp\u011bl\u00e9mu a kosmick\u00e9mu Kristu m\u016f\u017eeme \u0159\u00edci: \u201eP\u0159ij\u010f, Pane Je\u017e\u00ed\u0161i\u201c (Zj 22,20) se zcela nov\u00fdm porozum\u011bn\u00edm a z\u00e1m\u011brnou v\u00e1\u0161n\u00ed.\u202fT\u00edm se cel\u00fd n\u00e1\u0161 \u017eivot i \u017eivot c\u00edrkve st\u00e1v\u00e1 jedn\u00edm obrovsk\u00fdm \u201eadventem\u201c.<\/p>\n\n\n\n<p>Kristus zahrnuje celou \u0161\u00ed\u0159i stvo\u0159en\u00ed a d\u011bjin, kter\u00e9 se k n\u011bmu p\u0159ipojily &#8211; a tak\u00e9 ka\u017ed\u00e9ho z n\u00e1s. To je univerz\u00e1ln\u00ed (nebo kosmick\u00fd) Kristus. [1] My sami jsme \u00fady Kristova t\u011bla a Univerz\u00e1ln\u00edho Krista, i kdy\u017e nejsme historick\u00fdm Je\u017e\u00ed\u0161em.\u202fVelmi spr\u00e1vn\u011b tedy v\u011b\u0159\u00edme v \u201eJe\u017e\u00ed\u0161e Krista\u201c a ob\u011b slova jsou podstatn\u00e1.&nbsp;<\/p>\n\n\n\n<p class=\"has-small-font-size\">P\u0159e\u010dt\u011bte si tuto meditaci na str\u00e1nk\u00e1ch cac.org.<\/p>\n\n\n\n<p class=\"has-small-font-size\">Translated with DeepL.com (free version)<\/p>\n\n\n\n<h6 class=\"wp-block-heading\">Prameny:<\/h6>\n\n\n\n<p class=\"has-small-font-size\">Universal or Cosmic Christ, see Richard Rohr,&nbsp;<em><a href=\"https:\/\/email.cac.org\/t\/d-l-svhdit-tlkrhyidn-k\/\">The Universal Christ: How a Forgotten Reality Can Change Everything We See, Hope for, and Believe<\/a><\/em>(New York: Convergent, 2019, 2021).&nbsp;<\/p>\n\n\n\n<p class=\"has-small-font-size\">Adapted from Richard Rohr,&nbsp;<em><a href=\"https:\/\/email.cac.org\/t\/d-l-svhdit-tlkrhyidn-u\/\">Preparing for Christmas: Daily Meditations for Advent<\/a>&nbsp;<\/em>(Cincinnati, OH: Franciscan Media, 2008), xiii\u2013xiv, 8\u20139, 7.<\/p>\n\n\n\n<p class=\"has-small-font-size\"><strong>Image credit and inspiration:<\/strong>&nbsp;Nathan Dumlao,&nbsp;<em>Untitled&nbsp;<\/em>(detail), 2020, photo,&nbsp;<a href=\"https:\/\/email.cac.org\/t\/d-l-svhdit-tlkrhyidn-o\/\">Unsplash<\/a>.&nbsp;<a href=\"https:\/\/email.cac.org\/t\/d-l-svhdit-tlkrhyidn-b\/\">Click here to enlarge image.<\/a>&nbsp;<em>We are born into this world a holy incarnation.<\/em>&nbsp;<\/p>\n","protected":false},"excerpt":{"rendered":"<p>R.Rohr:<br \/>\nKristus, kter\u00e9ho \u017e\u00e1d\u00e1me a na kter\u00e9ho \u010dek\u00e1me, zahrnuje na\u0161e vlastn\u00ed pln\u00e9 zrozen\u00ed a dal\u0161\u00ed zrozen\u00ed d\u011bjin a stvo\u0159en\u00ed.\u202fTomuto dosp\u011bl\u00e9mu a kosmick\u00e9mu Kristu m\u016f\u017eeme \u0159\u00edci: \u201eP\u0159ij\u010f, Pane Je\u017e\u00ed\u0161i\u201c (Zj 22,20) se zcela nov\u00fdm porozum\u011bn\u00edm a z\u00e1m\u011brnou v\u00e1\u0161n\u00ed.\u202fT\u00edm se cel\u00fd n\u00e1\u0161 \u017eivot i \u017eivot c\u00edrkve st\u00e1v\u00e1 jedn\u00edm obrovsk\u00fdm \u201eadventem\u201c.<\/p>\n","protected":false},"author":1,"featured_media":10107,"comment_status":"open","ping_status":"open","sticky":false,"template":"","format":"standard","meta":{"footnotes":""},"categories":[198],"tags":[399,409,305,425],"class_list":["post-10136","post","type-post","status-publish","format-standard","has-post-thumbnail","hentry","category-richard-rohr-ofm-centrum-pro-zivot-a-rozjimani","tag-kristus-v-nas","tag-spaseni","tag-univerzalni-kristus","tag-vteleni","latest_post"],"_links":{"self":[{"href":"https:\/\/www.frantiskani.cz\/index.php\/wp-json\/wp\/v2\/posts\/10136","targetHints":{"allow":["GET"]}}],"collection":[{"href":"https:\/\/www.frantiskani.cz\/index.php\/wp-json\/wp\/v2\/posts"}],"about":[{"href":"https:\/\/www.frantiskani.cz\/index.php\/wp-json\/wp\/v2\/types\/post"}],"author":[{"embeddable":true,"href":"https:\/\/www.frantiskani.cz\/index.php\/wp-json\/wp\/v2\/users\/1"}],"replies":[{"embeddable":true,"href":"https:\/\/www.frantiskani.cz\/index.php\/wp-json\/wp\/v2\/comments?post=10136"}],"version-history":[{"count":1,"href":"https:\/\/www.frantiskani.cz\/index.php\/wp-json\/wp\/v2\/posts\/10136\/revisions"}],"predecessor-version":[{"id":10137,"href":"https:\/\/www.frantiskani.cz\/index.php\/wp-json\/wp\/v2\/posts\/10136\/revisions\/10137"}],"wp:featuredmedia":[{"embeddable":true,"href":"https:\/\/www.frantiskani.cz\/index.php\/wp-json\/wp\/v2\/media\/10107"}],"wp:attachment":[{"href":"https:\/\/www.frantiskani.cz\/index.php\/wp-json\/wp\/v2\/media?parent=10136"}],"wp:term":[{"taxonomy":"category","embeddable":true,"href":"https:\/\/www.frantiskani.cz\/index.php\/wp-json\/wp\/v2\/categories?post=10136"},{"taxonomy":"post_tag","embeddable":true,"href":"https:\/\/www.frantiskani.cz\/index.php\/wp-json\/wp\/v2\/tags?post=10136"}],"curies":[{"name":"wp","href":"https:\/\/api.w.org\/{rel}","templated":true}]}}