{"id":10261,"date":"2025-01-12T08:31:50","date_gmt":"2025-01-12T07:31:50","guid":{"rendered":"https:\/\/www.frantiskani.cz\/?p=10261"},"modified":"2025-01-12T08:31:53","modified_gmt":"2025-01-12T07:31:53","slug":"nasledovani-tech-kteri-nas-inspiruji","status":"publish","type":"post","link":"https:\/\/www.frantiskani.cz\/index.php\/2025\/01\/12\/nasledovani-tech-kteri-nas-inspiruji\/","title":{"rendered":"N\u00e1sledov\u00e1n\u00ed t\u011bch, kte\u0159\u00ed n\u00e1s inspiruj\u00ed"},"content":{"rendered":"\n<h6 class=\"wp-block-heading\">T\u0159et\u00ed t\u00fdden: L\u00e9\u010ditel\u00e9 a tv\u016frci zm\u011bn<\/h6>\n\n\n\n<p><em>Otec Richard Rohr popisuje, pro\u010d vzory a osobn\u00ed p\u0159\u00edklady \u010dasto inspiruj\u00ed ke zm\u011bn\u011b \u00fa\u010dinn\u011bji ne\u017e spr\u00e1vn\u00e9 my\u0161lenky a p\u0159esv\u011bd\u010den\u00ed:&nbsp;<\/em><\/p>\n\n\n\n<h4 class=\"wp-block-heading\">Du\u0161e pot\u0159ebuje k r\u016fstu \u017eiv\u00e9 vzory<\/h4>\n\n\n\n<p>Spr\u00e1vn\u00e9 my\u0161lenky a c\u00edrkevn\u00ed mand\u00e1ty nemohou zp\u016fsobit takovou zm\u011bnu, jakou du\u0161e pot\u0159ebuje. Du\u0161e pot\u0159ebuje k r\u016fstu \u017eiv\u00e9 vzory, p\u0159\u00edklady s expanzivn\u00ed energi\u00ed l\u00e1sky. Lid\u00e9, kte\u0159\u00ed tou\u017e\u00ed milovat, n\u00e1s m\u011bn\u00ed na hlub\u0161\u00edch \u00farovn\u00edch. Zd\u00e1 se, \u017ee jen oni jsou schopni otev\u0159\u00edt pole mysli i srdce z\u00e1rove\u0148. Kdy\u017e se nach\u00e1z\u00edme v tomto jin\u00e9m stavu &#8211; a o tom to je -, zji\u0161\u0165ujeme, \u017ee jsme otev\u0159eni sm\u011br\u016fm nebo mo\u017enostem, kter\u00e9 bychom si d\u0159\u00edve nedovolili nebo nedok\u00e1zali p\u0159edstavit.\u202f<\/p>\n\n\n\n<h4 class=\"wp-block-heading\">p\u0159\u00ed\u010dina exempl\u00e1rn\u00ed<\/h4>\n\n\n\n<p>Kdy\u017e jsem v semin\u00e1\u0159i studoval scholastickou filozofii, u\u010dili jsme se, \u017ee existuj\u00ed form\u00e1ln\u00ed p\u0159\u00ed\u010diny v\u011bc\u00ed, materi\u00e1ln\u00ed p\u0159\u00ed\u010diny, \u00fa\u010dinn\u00e9 p\u0159\u00ed\u010diny, exempl\u00e1rn\u00ed p\u0159\u00ed\u010diny a kone\u010dn\u00e9 p\u0159\u00ed\u010diny. Po vzniku newtonovsk\u00e9 fyziky si v\u011bt\u0161ina lid\u00ed myslela, \u017ee \u00fa\u010dinn\u00e9 p\u0159\u00ed\u010diny jsou jedin\u00fdm zp\u016fsobem, jak se v\u011bci mohou d\u00edt, nap\u0159\u00edklad siln\u00e9 pa\u017ee zp\u016fsob\u00ed, \u017ee se k\u00e1men vymr\u0161t\u00ed z pole, ale druh p\u0159\u00ed\u010diny, kter\u00fd m\u011b obzvl\u00e1\u0161\u0165 zaujal, byla p\u0159\u00ed\u010dina exempl\u00e1rn\u00ed. U tohoto druhu p\u0159\u00ed\u010diny n\u011bkdo nebo n\u011bjak\u00e1 ud\u00e1lost jen t\u00edm, \u017ee je t\u00edm, \u010d\u00edm je, \u017ee je p\u0159\u00edkladem nebo modelem, \u201ezp\u016fsobuje\u201c, \u017ee se v d\u016fsledku toho d\u011bj\u00ed jin\u00e9 v\u011bci.&nbsp;<\/p>\n\n\n\n<h4 class=\"wp-block-heading\">Vize jasn\u00e9ho c\u00edle<\/h4>\n\n\n\n<p>Kone\u010dn\u00e9 p\u0159\u00ed\u010diny funguj\u00ed podobn\u00fdm zp\u016fsobem &#8211; t\u00e1hnou n\u00e1s kup\u0159edu prost\u0159ednictv\u00edm p\u0159ita\u017elivosti a v\u00e1ben\u00ed. Kone\u010dn\u00e9 p\u0159\u00ed\u010diny \u201ezp\u016fsobuj\u00ed\u201c, \u017ee v\u011bci vznikaj\u00ed a vyv\u00edjej\u00ed se ur\u010dit\u00fdm zp\u016fsobem t\u00edm, \u017ee nab\u00edzej\u00ed ide\u00e1ly, vzory a svody, kter\u00e9 n\u00e1s t\u00e1hnou vp\u0159ed. Svat\u00fd Bonaventura u\u010dil, \u017ee n\u00e1\u0161 osud nebo c\u00edl (telos) nakonec ur\u010duje n\u00e1\u0161 smysl. Pokud je n\u00e1m n\u00e1\u0161 kone\u010dn\u00fd c\u00edl jasn\u00fd, m\u00e1me svou severn\u00ed hv\u011bzdu pro ucelen\u00fd \u017eivotn\u00ed c\u00edl. Ta n\u00e1s zcela pravdiv\u011b a nevyhnuteln\u011b t\u00e1hne vp\u0159ed a ud\u00e1v\u00e1 n\u00e1m jasnou trajektorii.\u202f\u202f<\/p>\n\n\n\n<h4 class=\"wp-block-heading\">Nelson Mandela<\/h4>\n\n\n\n<p>Kdy\u017e jsem u\u010dil v Jihoafrick\u00e9 republice, znovu a znovu jsem sl\u00fdchal, jak Nelson Mandela inicioval kulturn\u00ed skok vp\u0159ed u mnoha africk\u00fdch mu\u017e\u016f, zejm\u00e9na kdy\u017e vid\u011bli jeho fotografie, jak okop\u00e1v\u00e1 na poli, co\u017e st\u00e1le pova\u017eovali za \u017eenskou pr\u00e1ci. Byl dobr\u00fdm p\u0159\u00edkladem p\u0159\u00edkladn\u00e9 i kone\u010dn\u00e9 p\u0159\u00ed\u010diny. Pro mnoho lid\u00ed zm\u011bnil tangentu a mo\u017enosti.&nbsp;<\/p>\n\n\n\n<h4 class=\"wp-block-heading\">Sv. Franti\u0161ek<\/h4>\n\n\n\n<p>Domn\u00edv\u00e1m se, \u017ee samotn\u00e9 evangelium a franti\u0161k\u00e1nsk\u00e1 vize evangelia se p\u0159ed\u00e1v\u00e1 p\u0159edev\u0161\u00edm prost\u0159ednictv\u00edm bohat\u011b symbolick\u00fdch lidsk\u00fdch \u017eivot\u016f, kter\u00e9 p\u016fsob\u00ed jako prvotn\u00ed atraktory a exempl\u00e1\u0159e: Franti\u0161ek se v t\u00e9to souvislosti zm\u00ednil o tom, \u017ee \u201elid\u00e9, kte\u0159\u00ed jsou viditeln\u011b \u010din\u011bni v l\u00e1sce, jsou konkr\u00e9tn\u00edmi a viditeln\u00fdmi lidmi, kte\u0159\u00ed \u201ad\u00e1vaj\u00ed druh\u00fdm d\u016fvody k duchovn\u00ed radosti\u2018 &#8211; jak \u0159ekl Franti\u0161ek, kdy\u017e t\u0159el dv\u011b pali\u010dky o sebe, aby zahr\u00e1l na imagin\u00e1rn\u00ed housle, a jak to ud\u011blal pape\u017e Franti\u0161ek, kdy\u017e um\u00fdval nohy v\u011bz\u0148\u016fm, \u017een\u00e1m a muslim\u016fm\u201c &#8211; a \u017ee \u201elid\u00e9, kte\u0159\u00ed jsou viditeln\u011b \u010din\u011bni v l\u00e1sce, jsou konkr\u00e9tn\u00edmi a viditeln\u00fdmi lidmi, kte\u0159\u00ed \u201ad\u00e1vaj\u00ed druh\u00fdm d\u016fvody k duchovn\u00ed radosti\u2018. Kdy\u017e pak takov\u00ed lid\u00e9 mluv\u00ed nebo jednaj\u00ed, jejich slova p\u00e1l\u00ed a jejich \u010diny usv\u011bd\u010duj\u00ed!&nbsp;<\/p>\n\n\n\n<h4 class=\"wp-block-heading\">Bu\u0165te sv\u00edcnem, kvasem a sol\u00ed<\/h4>\n\n\n\n<p>Jist\u011b to m\u011bl Je\u017e\u00ed\u0161 na mysli, kdy\u017e n\u00e1m \u0159ekl, abychom byli \u201esv\u011btlem na sv\u00edcnu\u201c nebo abychom byli \u201ekvasem\u201c a \u201esol\u00ed\u201c (Mt 5,13-15; 13,33). V\u011bd\u011bl, \u017ee svatost se p\u0159ed\u00e1v\u00e1 prost\u0159ednictv\u00edm n\u00e1kazy.<\/p>\n\n\n\n<p class=\"has-small-font-size\">P\u0159e\u010dt\u011bte si tuto meditaci na str\u00e1nk\u00e1ch cac.org.<\/p>\n\n\n\n<p class=\"has-small-font-size\">Translated with DeepL.com (free version)<\/p>\n\n\n\n<h6 class=\"wp-block-heading\">Prameny:<\/h6>\n\n\n\n<p class=\"has-small-font-size\">Adapted from Richard Rohr,&nbsp;<em><a href=\"https:\/\/email.cac.org\/t\/d-l-syhuug-tlkrhyidn-h\/\">Eager to Love: The Alternative Way of Francis of Assisi<\/a><\/em>&nbsp;(Franciscan Media, 2014, 2024), 252\u2013254, 266\u2013267.\u202f\u202f<\/p>\n\n\n\n<p class=\"has-small-font-size\"><strong>Image Credit and inspiration:&nbsp;<\/strong>Gerson Pancorbo,&nbsp;<em>Untitled&nbsp;<\/em>(detail), 2021, photo,&nbsp;<a href=\"https:\/\/email.cac.org\/t\/d-l-syhuug-tlkrhyidn-k\/\">Unsplash<\/a>.&nbsp;<a href=\"https:\/\/email.cac.org\/t\/d-l-syhuug-tlkrhyidn-u\/\">Click here to enlarge image.<\/a>&nbsp;<em>Musicians can be inspired by what they witness and then compose music that heals and creates change.<\/em>&nbsp;<\/p>\n","protected":false},"excerpt":{"rendered":"<p>R.Rohr: Domn\u00edv\u00e1m se, \u017ee samotn\u00e9 evangelium a franti\u0161k\u00e1nsk\u00e1 vize evangelia se p\u0159ed\u00e1v\u00e1 p\u0159edev\u0161\u00edm prost\u0159ednictv\u00edm bohat\u011b symbolick\u00fdch lidsk\u00fdch \u017eivot\u016f, kter\u00e9 p\u016fsob\u00ed jako prvotn\u00ed atraktory a exempl\u00e1\u0159e: Franti\u0161ek se v t\u00e9to souvislosti zm\u00ednil o tom, \u017ee \u201elid\u00e9, kte\u0159\u00ed jsou viditeln\u011b \u010din\u011bni v l\u00e1sce, jsou konkr\u00e9tn\u00edmi a viditeln\u00fdmi lidmi, kte\u0159\u00ed \u201ad\u00e1vaj\u00ed druh\u00fdm d\u016fvody k duchovn\u00ed radosti\u2018 &#8211; jak \u0159ekl Franti\u0161ek, kdy\u017e t\u0159el dv\u011b pali\u010dky o sebe, aby zahr\u00e1l na imagin\u00e1rn\u00ed housle<\/p>\n","protected":false},"author":1,"featured_media":10262,"comment_status":"open","ping_status":"open","sticky":false,"template":"","format":"standard","meta":{"footnotes":""},"categories":[198],"tags":[1655,1968,1969],"class_list":["post-10261","post","type-post","status-publish","format-standard","has-post-thumbnail","hentry","category-richard-rohr-ofm-centrum-pro-zivot-a-rozjimani","tag-inspirace","tag-lidsky-vzor","tag-mit-jasny-cil","latest_post"],"_links":{"self":[{"href":"https:\/\/www.frantiskani.cz\/index.php\/wp-json\/wp\/v2\/posts\/10261","targetHints":{"allow":["GET"]}}],"collection":[{"href":"https:\/\/www.frantiskani.cz\/index.php\/wp-json\/wp\/v2\/posts"}],"about":[{"href":"https:\/\/www.frantiskani.cz\/index.php\/wp-json\/wp\/v2\/types\/post"}],"author":[{"embeddable":true,"href":"https:\/\/www.frantiskani.cz\/index.php\/wp-json\/wp\/v2\/users\/1"}],"replies":[{"embeddable":true,"href":"https:\/\/www.frantiskani.cz\/index.php\/wp-json\/wp\/v2\/comments?post=10261"}],"version-history":[{"count":1,"href":"https:\/\/www.frantiskani.cz\/index.php\/wp-json\/wp\/v2\/posts\/10261\/revisions"}],"predecessor-version":[{"id":10263,"href":"https:\/\/www.frantiskani.cz\/index.php\/wp-json\/wp\/v2\/posts\/10261\/revisions\/10263"}],"wp:featuredmedia":[{"embeddable":true,"href":"https:\/\/www.frantiskani.cz\/index.php\/wp-json\/wp\/v2\/media\/10262"}],"wp:attachment":[{"href":"https:\/\/www.frantiskani.cz\/index.php\/wp-json\/wp\/v2\/media?parent=10261"}],"wp:term":[{"taxonomy":"category","embeddable":true,"href":"https:\/\/www.frantiskani.cz\/index.php\/wp-json\/wp\/v2\/categories?post=10261"},{"taxonomy":"post_tag","embeddable":true,"href":"https:\/\/www.frantiskani.cz\/index.php\/wp-json\/wp\/v2\/tags?post=10261"}],"curies":[{"name":"wp","href":"https:\/\/api.w.org\/{rel}","templated":true}]}}