{"id":10392,"date":"2025-02-01T09:40:33","date_gmt":"2025-02-01T08:40:33","guid":{"rendered":"https:\/\/www.frantiskani.cz\/?p=10392"},"modified":"2025-02-01T09:44:17","modified_gmt":"2025-02-01T08:44:17","slug":"jezisova-sluzba-uzdravovani","status":"publish","type":"post","link":"https:\/\/www.frantiskani.cz\/index.php\/2025\/02\/01\/jezisova-sluzba-uzdravovani\/","title":{"rendered":"Je\u017e\u00ed\u0161ova slu\u017eba uzdravov\u00e1n\u00ed"},"content":{"rendered":"\n<h6 class=\"wp-block-heading\">Shrnut\u00ed p\u00e1t\u00e9ho t\u00fddne &#8211; 26. ledna &#8211; 31. ledna 2025<\/h6>\n\n\n\n<h4 class=\"wp-block-heading\">Ned\u011ble<\/h4>\n\n\n\n<p>Je\u017e\u00ed\u0161ovo jedn\u00e1n\u00ed a jeho fyzick\u00e1 uzdraven\u00ed d\u016fsledn\u011b m\u011bn\u00ed chybn\u00e9 vztahy &#8211; s vlastn\u00edm sebeobrazem lid\u00ed, s druh\u00fdmi lidmi, se spole\u010dnost\u00ed a s Bohem, kter\u00fd je od nyn\u011bj\u0161ka vn\u00edm\u00e1n jako ten, kdo je na jejich stran\u011b. -Richard Rohr<\/p>\n\n\n\n<h4 class=\"wp-block-heading\">Pond\u011bl\u00ed<\/h4>\n\n\n\n<p>I kdy\u017e m\u00e1me tendenci pos\u00edlat je k terapeut\u016fm m\u00edsto ke svat\u00fdm lidem, obecn\u011b plat\u00ed, \u017ee jedin\u00fdm l\u00e9kem na negativn\u00ed posedlost je pozitivn\u00ed znovunabyt\u00ed! Je\u017e\u00ed\u0161 lidi v\u017edycky \u201eznovuz\u00edsk\u00e1v\u00e1\u201c &#8211; pro n\u011b samotn\u00e9 i pro Boha. -Richard Rohr&nbsp;<\/p>\n\n\n\n<h4 class=\"wp-block-heading\">\u00dater\u00fd<\/h4>\n\n\n\n<p>M\u00e9 posti\u017een\u00e9 t\u011blo je chr\u00e1mem pro Ducha svat\u00e9ho. M\u00e1m Kristovu mysl. Nazna\u010dovat, \u017ee jsem n\u011bco m\u00e9n\u011b ne\u017e posv\u011bcen\u00fd a vykoupen\u00fd, znamen\u00e1 potla\u010dovat Bo\u017e\u00ed obraz v m\u00e9m posti\u017een\u00e9m t\u011ble a omezovat to, jak B\u016fh ji\u017e p\u016fsob\u00ed skrze m\u016fj \u017eivot. -Amy Kenny<\/p>\n\n\n\n<h4 class=\"wp-block-heading\">St\u0159eda<\/h4>\n\n\n\n<p>V\u00edra je p\u0159edstaven\u00ed prom\u011bny, kdy se star\u00e9 st\u00e1v\u00e1 nov\u00fdm, ztracen\u00e9 nalezen\u00e9, mrtv\u00e9 o\u017eiven\u00e9. A cel\u00fd vesm\u00edr je napln\u011bn zp\u011bvem b\u00fdval\u00fdch klav\u00edrist\u016f, Bo\u017e\u00edch svat\u00fdch, kte\u0159\u00ed dosv\u011bd\u010duj\u00ed, \u017ee od svat\u00e9ho Boha jsou d\u00e1ny dary, kter\u00e9 tvo\u0159\u00ed \u017eivot. -Walter Brueggemann<\/p>\n\n\n\n<h4 class=\"wp-block-heading\">\u010ctvrtek<\/h4>\n\n\n\n<p>Jak by to vypadalo, kdybychom byli p\u0159\u00e1tel\u00e9 sni\u017euj\u00edc\u00ed na\u0161i sestru p\u0159ed Je\u017e\u00ed\u0161em? Jak by to vypadalo, kdybychom jako spole\u010denstv\u00ed p\u0159i\u0161li kolem na\u0161ich lid\u00ed v nouzi a \u0159ekli: \u201eP\u0159\u00edteli, m\u00e1m t\u011b v t\u00e9to nouzi\u201c? Jak c\u00edrkev vytv\u00e1\u0159\u00ed prostor, kde se lid\u00e9 c\u00edt\u00ed dostate\u010dn\u011b bezpe\u010dn\u011b a pohodln\u011b, aby p\u0159i\u0161li a \u0159ekli: \u201ePot\u0159ebuji pomoc, jsem v nebezpe\u010d\u00ed\u201c? -Kamilah Hall Sharp<\/p>\n\n\n\n<h4 class=\"wp-block-heading\">P\u00e1tek<\/h4>\n\n\n\n<p>Zoufale pot\u0159ebujeme uzdraven\u00ed skupin, instituc\u00ed, man\u017eelstv\u00ed, ran v\u00e1lky, n\u00e1sil\u00ed, rasismu a nekone\u010dn\u00fdch soci\u00e1ln\u00edch probl\u00e9m\u016f, v nich\u017e se dnes top\u00edme. Nebudeme v\u0161ak v\u011bd\u011bt, jak se uzdravit, pokud se nenau\u010d\u00edme dovednostem v bod\u011b nula: v individu\u00e1ln\u00edm lidsk\u00e9m srdci. -Richard Rohr<\/p>\n\n\n\n<h1 class=\"wp-block-heading\">N\u011bkdy to bol\u00ed<\/h1>\n\n\n\n<h5 class=\"wp-block-heading\">P\u00e1t\u00fd t\u00fdden cvi\u010den\u00ed<\/h5>\n\n\n\n<p><em>Objevila se \u017eena s duchem, kter\u00fd ji osmn\u00e1ct let mrza\u010dil. Byla ohnut\u00e1 a zcela neschopn\u00e1 se narovnat. Kdy\u017e ji Je\u017e\u00ed\u0161 spat\u0159il, zavolal si ji a \u0159ekl: \u201e\u017deno, jsi osvobozena od sv\u00e9 nemoci.\u201c \u017dena se na n\u011bj pod\u00edvala a \u0159ekla: \u201eNeboj se. Kdy\u017e na ni vlo\u017eil ruce, okam\u017eit\u011b se narovnala a za\u010dala chv\u00e1lit Boha.-Luk\u00e1\u0161 13,11-13<\/em><\/p>\n\n\n\n<p><em>Autorka Nadia Bolz-Weberov\u00e1 se v \u00favah\u00e1ch nad Luk\u00e1\u0161ov\u00fdm evangeliem zam\u00fd\u0161l\u00ed nad t\u00edm, jak m\u016f\u017ee b\u00fdt uzdraven\u00ed bolestiv\u00fdm procesem:&nbsp;<\/em><\/p>\n\n\n\n<h4 class=\"wp-block-heading\">Bol\u00ed to<\/h4>\n\n\n\n<p>P\u0159istihla jsem se, \u017ee m\u011b to bol\u00ed&#8230; nejen bolest z toho, \u017ee jsem se poprv\u00e9 po t\u00e9m\u011b\u0159 dvaceti letech narovnala, ale tak\u00e9 proto, \u017ee uzdraven\u00ed m\u016f\u017ee bolet &#8211; osvobozen\u00ed od toho, co n\u00e1s svazuje, zvl\u00e1\u0161t\u011b pokud se se sv\u00fdm tr\u00e1pen\u00edm p\u0159\u00edli\u0161 ztoto\u017e\u0148ujeme. B\u00fdt uzdraven a osvobozen od v\u011bc\u00ed, o kter\u00fdch si mysl\u00edme, \u017ee n\u00e1s d\u011blaj\u00ed v\u00fdjime\u010dn\u00fdmi, m\u016f\u017ee bolet. M\u016f\u017ee bolet b\u00fdt pln\u011b vid\u011bn, i kdy\u017e je to to, po \u010dem nejv\u00edce tou\u017e\u00edme. Jako krev vracej\u00edc\u00ed se do omrzl\u00fdch prst\u016f&#8230;..<\/p>\n\n\n\n<h4 class=\"wp-block-heading\">Str\u017eeni duchem sv\u011bta<\/h4>\n\n\n\n<p>Mo\u017en\u00e1 v\u00e1s t\u00e1hne dol\u016f duch perfekcionismu.<\/p>\n\n\n\n<p>nebo duchem z\u00e1vislosti<\/p>\n\n\n\n<p>nebo duchem srovn\u00e1v\u00e1n\u00ed<\/p>\n\n\n\n<p>nebo duch nespln\u011bn\u00fdch o\u010dek\u00e1v\u00e1n\u00ed<\/p>\n\n\n\n<p>nebo duchem arogance<\/p>\n\n\n\n<p>nebo duch sebel\u00edtosti \u010di sebenen\u00e1visti.<\/p>\n\n\n\n<p>nebo str\u017eeni duchem sv\u011bta, kter\u00fd v\u00e1m zlom\u00ed srdce a \u0159ekne v\u00e1m, \u017ee na tom nez\u00e1le\u017e\u00ed (s\u00e1m jsem v r\u016fzn\u00fdch obdob\u00edch poc\u00edtil gravita\u010dn\u00ed s\u00edlu ka\u017ed\u00e9ho z nich), ale nic z toho nen\u00ed t\u00edm, k\u00fdm jste.<\/p>\n\n\n\n<h4 class=\"wp-block-heading\">Bude se uzdravovat<\/h4>\n\n\n\n<p>Nev\u00edm, z \u010deho jste se uzdravil, ani z jak\u00e9 sou\u010dasn\u00e9 bolesti, z n\u00ed\u017e se, d\u00e1-li B\u016fh, budete v budoucnu uzdravovat.<\/p>\n\n\n\n<p>Ale bez ohledu na to, co je ve va\u0161em \u017eivot\u011b viditeln\u00e9 nebo neviditeln\u00e9 pro ostatn\u00ed, bez ohledu na to, z \u010deho jste se ji\u017e uzdravili, bez ohledu na to, jak\u00e1 bolest z\u016fst\u00e1v\u00e1 skryt\u00e1, bez ohledu na to, \u017ee B\u016fh v\u00e1s miluje p\u0159\u00edli\u0161 na to, aby v\u00e1s nechal neviditeln\u00e9ho a (p\u0159inejmen\u0161\u00edm) citov\u011b neuzdraven\u00e9ho.<\/p>\n\n\n\n<p class=\"has-small-font-size\">P\u0159e\u010dt\u011bte si tuto meditaci na cac.org.<\/p>\n\n\n\n<p class=\"has-small-font-size\">Translated with DeepL.com (free version)<\/p>\n\n\n\n<h6 class=\"wp-block-heading\">Prameny:<\/h6>\n\n\n\n<p class=\"has-small-font-size\">Nadia Bolz-Weber, \u201c<a href=\"https:\/\/email.cac.org\/t\/d-l-sjtykjt-tlkrhyidn-n\/\">Sometimes It Stings<\/a>,\u201d&nbsp;<em>The Corners<\/em>(Substack newsletter), August 30, 2023. Used with permission.&nbsp;<\/p>\n\n\n\n<p class=\"has-small-font-size\">Gabriel Jimenez,&nbsp;<em>Untitled&nbsp;<\/em>(detail), 2017, photo,&nbsp;<a href=\"https:\/\/email.cac.org\/t\/d-l-sjtykjt-tlkrhyidn-p\/\">Unsplash<\/a>.&nbsp;<a href=\"https:\/\/email.cac.org\/t\/d-l-sjtykjt-tlkrhyidn-x\/\">Click here to enlarge image.<\/a>&nbsp;<em>Humble soil and saliva are base elements and essential to one of Jesus&#8216; healings. The capacity for healing need not be elaborate or ostentatious.<\/em>&nbsp;<\/p>\n","protected":false},"excerpt":{"rendered":"<p>Ale bez ohledu na to, co je ve va\u0161em \u017eivot\u011b viditeln\u00e9 nebo neviditeln\u00e9 pro ostatn\u00ed, bez ohledu na to, z \u010deho jste se ji\u017e uzdravili, bez ohledu na to, jak\u00e1 bolest z\u016fst\u00e1v\u00e1 skryt\u00e1, bez ohledu na to, \u017ee B\u016fh v\u00e1s miluje p\u0159\u00edli\u0161 na to, aby v\u00e1s nechal neviditeln\u00e9ho a (p\u0159inejmen\u0161\u00edm) citov\u011b neuzdraven\u00e9ho.<\/p>\n","protected":false},"author":1,"featured_media":10357,"comment_status":"open","ping_status":"open","sticky":false,"template":"","format":"standard","meta":{"footnotes":""},"categories":[198],"tags":[2002],"class_list":["post-10392","post","type-post","status-publish","format-standard","has-post-thumbnail","hentry","category-richard-rohr-ofm-centrum-pro-zivot-a-rozjimani","tag-uzdraveni-jezisem","latest_post"],"_links":{"self":[{"href":"https:\/\/www.frantiskani.cz\/index.php\/wp-json\/wp\/v2\/posts\/10392","targetHints":{"allow":["GET"]}}],"collection":[{"href":"https:\/\/www.frantiskani.cz\/index.php\/wp-json\/wp\/v2\/posts"}],"about":[{"href":"https:\/\/www.frantiskani.cz\/index.php\/wp-json\/wp\/v2\/types\/post"}],"author":[{"embeddable":true,"href":"https:\/\/www.frantiskani.cz\/index.php\/wp-json\/wp\/v2\/users\/1"}],"replies":[{"embeddable":true,"href":"https:\/\/www.frantiskani.cz\/index.php\/wp-json\/wp\/v2\/comments?post=10392"}],"version-history":[{"count":2,"href":"https:\/\/www.frantiskani.cz\/index.php\/wp-json\/wp\/v2\/posts\/10392\/revisions"}],"predecessor-version":[{"id":10395,"href":"https:\/\/www.frantiskani.cz\/index.php\/wp-json\/wp\/v2\/posts\/10392\/revisions\/10395"}],"wp:featuredmedia":[{"embeddable":true,"href":"https:\/\/www.frantiskani.cz\/index.php\/wp-json\/wp\/v2\/media\/10357"}],"wp:attachment":[{"href":"https:\/\/www.frantiskani.cz\/index.php\/wp-json\/wp\/v2\/media?parent=10392"}],"wp:term":[{"taxonomy":"category","embeddable":true,"href":"https:\/\/www.frantiskani.cz\/index.php\/wp-json\/wp\/v2\/categories?post=10392"},{"taxonomy":"post_tag","embeddable":true,"href":"https:\/\/www.frantiskani.cz\/index.php\/wp-json\/wp\/v2\/tags?post=10392"}],"curies":[{"name":"wp","href":"https:\/\/api.w.org\/{rel}","templated":true}]}}