{"id":10424,"date":"2025-02-05T13:39:06","date_gmt":"2025-02-05T12:39:06","guid":{"rendered":"https:\/\/www.frantiskani.cz\/?p=10424"},"modified":"2025-02-05T13:39:09","modified_gmt":"2025-02-05T12:39:09","slug":"prorocke-vedeni","status":"publish","type":"post","link":"https:\/\/www.frantiskani.cz\/index.php\/2025\/02\/05\/prorocke-vedeni\/","title":{"rendered":"Prorock\u00e9 veden\u00ed"},"content":{"rendered":"\n<h6 class=\"wp-block-heading\">\u0160est\u00fd t\u00fdden: Cesta proroka<\/h6>\n\n\n\n<p><em>Richard Rohr v knize Slzy v\u011bc\u00ed poukazuje na neuchopitelnost prorock\u00e9ho veden\u00ed:&nbsp;<\/em><\/p>\n\n\n\n<h4 class=\"wp-block-heading\">Je\u017e\u00ed\u0161 a mocensk\u00fd syst\u00e9m<\/h4>\n\n\n\n<p>B\u011b\u017en\u00fd mocensk\u00fd syst\u00e9m na\u0161eho sv\u011bta uct\u00edv\u00e1 s\u00e1m sebe, a ne Boha. Z tohoto d\u016fvodu proroci t\u00e9m\u011b\u0159 nikdy nezast\u00e1vaj\u00ed ofici\u00e1ln\u00ed pozice, jako je pozice kr\u00e1le, kn\u011bze nebo star\u0161\u00edho. Neodm\u00edtaj\u00ed v\u0161ak ani n\u00e1le\u017eit\u00e9 role, kter\u00e9 hraj\u00ed vl\u00e1dci a kn\u011b\u017e\u00ed p\u0159i udr\u017eov\u00e1n\u00ed z\u00e1kladn\u00edho \u0159\u00e1du spole\u010dnosti. Dobr\u00fdm p\u0159\u00edkladem je, kdy\u017e Je\u017e\u00ed\u0161 n\u011bkolikr\u00e1t pot\u00e9, co uzdravil lidi zcela mimo chr\u00e1mov\u00fd syst\u00e9m, jim p\u0159esto \u0159\u00edk\u00e1, aby se \u0159\u00eddili jeho pravidly (viz Luk\u00e1\u0161 17,14; Matou\u0161 8,4). Jinde hlasit\u011b a ve\u0159ejn\u011b kritizuje n\u00e1bo\u017eensk\u00e9 p\u0159edstavitele, ale nakonec nenastoluje antagonismus. Nevyd\u011bl\u00e1v\u00e1 na selh\u00e1n\u00ed jin\u00e9 skupiny, jak bych byl v poku\u0161en\u00ed ud\u011blat j\u00e1. V\u0161e nakonec pat\u0159\u00ed k sob\u011b.&nbsp;<\/p>\n\n\n\n<h4 class=\"wp-block-heading\">Spojen\u00ed v\u016fdce a proroka<\/h4>\n\n\n\n<p>V pr\u016fb\u011bhu d\u011bjin jsme \u010dekali, kdy se charismatick\u00fd prorok a institucion\u00e1ln\u00ed v\u016fdce spoj\u00ed v jedn\u00e9 osob\u011b, ale st\u00e1v\u00e1 se to jen v\u00fdjime\u010dn\u011b, jako v p\u0159\u00edpad\u011b kr\u00e1le Davida pot\u00e9, co se pod\u0159\u00eddil proroku N\u00e1tanovi. Pozd\u011bji v d\u011bjin\u00e1ch jsme vid\u011bli v\u00edce v\u016fdc\u016f, kte\u0159\u00ed dok\u00e1zali plnit ob\u011b role najednou: osoby jako Tom\u00e1\u0161 Becket, arcibiskup z Canterbury, kr\u00e1lovna Al\u017eb\u011bta Uhersk\u00e1, matka Kate\u0159ina Drexelov\u00e1 z Filadelfie a \u00d3scar Romero, arcibiskup ze San Salvadoru, kte\u0159\u00ed byli institucion\u00e1ln\u00edmi lidmi, nicm\u00e9n\u011b p\u016fsobili v kritick\u00e9m odstupu od sv\u00e9 c\u00edrkevn\u00ed role, aby byli v\u011brn\u00ed sv\u00e9mu vlastn\u00edmu povol\u00e1n\u00ed. V na\u0161\u00ed dob\u011b je pape\u017e Franti\u0161ek \u00fa\u017easn\u00fdm a nanejv\u00fd\u0161 vz\u00e1cn\u00fdm p\u0159\u00edkladem \u010dlov\u011bka, kter\u00fd m\u016f\u017ee p\u016fsobit jako velekn\u011bz i velekn\u011bz-prorok (ne v\u0161ak bez sv\u00fdch kritik\u016f).<\/p>\n\n\n\n<h4 class=\"wp-block-heading\">Proroci jsou buditel\u00e9 masy<\/h4>\n\n\n\n<p>Proroci se \u010dasto vyno\u0159uj\u00ed z \u0159adov\u00fdch \u010dlen\u016f, kte\u0159\u00ed plat\u00ed poplatky sv\u00e9 skupin\u011b, aby ji pozd\u011bji mohli kritizovat a nebyli vn\u00edm\u00e1ni jako outside\u0159i. Ukazuj\u00ed se jako nikoli obrazoborci, ale legitimn\u00ed reform\u00e1to\u0159i zevnit\u0159. Jsou to vlastn\u011b \u201ebuditel\u00e9\u201c kritick\u00e9 masy, v\u017edy moud\u0159\u00ed nad sv\u016fj v\u011bk a \u017eij\u00edc\u00ed podle vy\u0161\u0161\u00edch hodnot, kter\u00e9 jsou jejich sou\u010dasn\u00edk\u016fm ciz\u00ed. Zd\u00e1 se, \u017ee vedou jen t\u00edm, \u017ee \u017eij\u00ed sv\u016fj \u017eivot, a nepot\u0159ebuj\u00ed \u017e\u00e1dn\u00e9 \u010destn\u00e9 tituly ani inici\u00e1ly za jm\u00e9nem.<\/p>\n\n\n\n<h4 class=\"wp-block-heading\">&nbsp; Proroci mezi n\u00e1mi dnes<\/h4>\n\n\n\n<p>Prorok\u016f je dnes mezi n\u00e1mi v ka\u017ed\u00e9 c\u00edrkvi a spole\u010dnosti dost a je \u017eivotn\u011b d\u016fle\u017eit\u00e9, abychom jim naslouchali, podporovali je a chr\u00e1nili. \u010casto nejsou form\u00e1ln\u011b spojeni s n\u00e1bo\u017eenstv\u00edm, p\u0159esto jsou hluboce ovlivn\u011bni jeho nejhlub\u0161\u00edmi hodnotami, podobn\u011b jako \u201ehrdinov\u00e9\u201c, kter\u00e9 ka\u017edoro\u010dn\u011b oslavuje CNN, nebo ti, kte\u0159\u00ed bez v\u011bt\u0161\u00edho pov\u0161imnut\u00ed a odm\u011bny ne\u00fanavn\u011b pracuj\u00ed za pr\u00e1va \u017een, d\u011bt\u00ed a lidsk\u00e1 pr\u00e1va. Z\u00e1m\u011brn\u011b je neza\u010d\u00edn\u00e1m konkr\u00e9tn\u011b jmenovat, proto\u017ee je jich tolik. Stejn\u011b jako trp\u00edc\u00ed slu\u017eebn\u00edk z Izaj\u00e1\u0161e, i oni<\/p>\n\n\n\n<pre class=\"wp-block-verse\">Nek\u0159i\u010dte a nevyk\u0159ikujte nahlas,<br>ani nevyd\u00e1vaj\u00ed sv\u016fj hlas na ulic\u00edch;<br>ale v\u011brn\u011b p\u0159in\u00e1\u0161ej\u00ed pravou spravedlnost<br>a odm\u00edtaj\u00ed se nechat zviklat nebo rozdrtit,<br>dokud nebude na zemi nastolena prav\u00e1 spravedlnost.<br><em>-Izaj\u00e1\u0161 42:2-4<\/em><\/pre>\n\n\n\n<p class=\"has-small-font-size\">P\u0159e\u010dt\u011bte si tuto meditaci na str\u00e1nk\u00e1ch cac.org.<\/p>\n\n\n\n<p class=\"has-small-font-size\">Translated with DeepL.com (free version)<\/p>\n\n\n\n<h6 class=\"wp-block-heading\">Prameny:<\/h6>\n\n\n\n<p class=\"has-small-font-size\">Adapted from Richard Rohr,&nbsp;<em><a href=\"https:\/\/email.cac.org\/t\/d-l-sjdthuy-tlkrhyidn-h\/\">The Tears of Things: Prophetic Wisdom for an Age of Outrage<\/a>&nbsp;<\/em>(Convergent, 2025), 33\u201334, 41\u201342.&nbsp;<\/p>\n\n\n\n<p class=\"has-small-font-size\"><strong>Image credit and inspiration:<\/strong>&nbsp;Eddie Kopp,&nbsp;<em>Untitled&nbsp;<\/em>(detail), 2017, photo,&nbsp;<a href=\"https:\/\/email.cac.org\/t\/d-l-sjdthuy-tlkrhyidn-k\/\">Unsplash<\/a>.&nbsp;<a href=\"https:\/\/email.cac.org\/t\/d-l-sjdthuy-tlkrhyidn-u\/\">Click here to enlarge image.<\/a>&nbsp;<em>Prophets break things down in order to make room to create something new.<\/em>&nbsp;<\/p>\n\n\n\n<p><\/p>\n","protected":false},"excerpt":{"rendered":"<p>Prorok\u016f je dnes mezi n\u00e1mi v ka\u017ed\u00e9 c\u00edrkvi a spole\u010dnosti dost a je \u017eivotn\u011b d\u016fle\u017eit\u00e9, abychom jim naslouchali, podporovali je a chr\u00e1nili. \u010casto nejsou form\u00e1ln\u011b spojeni s n\u00e1bo\u017eenstv\u00edm, p\u0159esto jsou hluboce ovlivn\u011bni jeho nejhlub\u0161\u00edmi hodnotami, podobn\u011b jako \u201ehrdinov\u00e9\u201c, kter\u00e9 ka\u017edoro\u010dn\u011b oslavuje CNN, nebo ti, kte\u0159\u00ed bez v\u011bt\u0161\u00edho pov\u0161imnut\u00ed a odm\u011bny ne\u00fanavn\u011b pracuj\u00ed za pr\u00e1va \u017een, d\u011bt\u00ed a lidsk\u00e1 pr\u00e1va. Z\u00e1m\u011brn\u011b je neza\u010d\u00edn\u00e1m konkr\u00e9tn\u011b jmenovat, proto\u017ee je jich tolik. Stejn\u011b jako trp\u00edc\u00ed slu\u017eebn\u00edk z Izaj\u00e1\u0161e, i oni<\/p>\n","protected":false},"author":1,"featured_media":10399,"comment_status":"open","ping_status":"open","sticky":false,"template":"","format":"standard","meta":{"footnotes":""},"categories":[198],"tags":[2005,374,2006],"class_list":["post-10424","post","type-post","status-publish","format-standard","has-post-thumbnail","hentry","category-richard-rohr-ofm-centrum-pro-zivot-a-rozjimani","tag-buditele","tag-proroci","tag-vudci","latest_post"],"_links":{"self":[{"href":"https:\/\/www.frantiskani.cz\/index.php\/wp-json\/wp\/v2\/posts\/10424","targetHints":{"allow":["GET"]}}],"collection":[{"href":"https:\/\/www.frantiskani.cz\/index.php\/wp-json\/wp\/v2\/posts"}],"about":[{"href":"https:\/\/www.frantiskani.cz\/index.php\/wp-json\/wp\/v2\/types\/post"}],"author":[{"embeddable":true,"href":"https:\/\/www.frantiskani.cz\/index.php\/wp-json\/wp\/v2\/users\/1"}],"replies":[{"embeddable":true,"href":"https:\/\/www.frantiskani.cz\/index.php\/wp-json\/wp\/v2\/comments?post=10424"}],"version-history":[{"count":1,"href":"https:\/\/www.frantiskani.cz\/index.php\/wp-json\/wp\/v2\/posts\/10424\/revisions"}],"predecessor-version":[{"id":10425,"href":"https:\/\/www.frantiskani.cz\/index.php\/wp-json\/wp\/v2\/posts\/10424\/revisions\/10425"}],"wp:featuredmedia":[{"embeddable":true,"href":"https:\/\/www.frantiskani.cz\/index.php\/wp-json\/wp\/v2\/media\/10399"}],"wp:attachment":[{"href":"https:\/\/www.frantiskani.cz\/index.php\/wp-json\/wp\/v2\/media?parent=10424"}],"wp:term":[{"taxonomy":"category","embeddable":true,"href":"https:\/\/www.frantiskani.cz\/index.php\/wp-json\/wp\/v2\/categories?post=10424"},{"taxonomy":"post_tag","embeddable":true,"href":"https:\/\/www.frantiskani.cz\/index.php\/wp-json\/wp\/v2\/tags?post=10424"}],"curies":[{"name":"wp","href":"https:\/\/api.w.org\/{rel}","templated":true}]}}