{"id":10440,"date":"2025-02-08T08:26:06","date_gmt":"2025-02-08T07:26:06","guid":{"rendered":"https:\/\/www.frantiskani.cz\/?p=10440"},"modified":"2025-02-08T08:26:09","modified_gmt":"2025-02-08T07:26:09","slug":"prorokova-cesta","status":"publish","type":"post","link":"https:\/\/www.frantiskani.cz\/index.php\/2025\/02\/08\/prorokova-cesta\/","title":{"rendered":"Prorokova cesta"},"content":{"rendered":"\n<h6 class=\"wp-block-heading\">Shrnut\u00ed \u0161est\u00e9ho t\u00fddne 2. \u00fanora &#8211; 7. \u00fanora 2025<\/h6>\n\n\n\n<h4 class=\"wp-block-heading\">Ned\u011ble<\/h4>\n\n\n\n<p>Stejn\u011b jako v\u011bt\u0161ina z n\u00e1s, i proroci za\u010d\u00ednali nejen s odsuzov\u00e1n\u00edm a hn\u011bvem, ale tak\u00e9 s komplexem nad\u0159azenosti, kdy se stav\u011bli nad ostatn\u00ed. Pot\u00e9 se od tohoto hn\u011bvu a odsuzov\u00e1n\u00ed p\u0159esunuli k nov\u00e9mu uspo\u0159\u00e1d\u00e1n\u00ed v\u011bdom\u00ed, v n\u011bm\u017e se za\u010dali v\u00edce podobat Bohu: byli trp\u011bliv\u011bj\u0161\u00ed jako B\u016fh, odpou\u0161t\u011bli v\u00edce jako B\u016fh, milovali v\u00edce jako B\u016fh. -Richard Rohr<\/p>\n\n\n\n<h4 class=\"wp-block-heading\">Pond\u011bl\u00ed<\/h4>\n\n\n\n<p>Tehdy i dnes bylo hluboce zapot\u0159eb\u00ed n\u011bkoho, kdo by lidi vyzval k n\u00e1vratu k Bohu a ke spravedlnosti. N\u011bkoho, kdo by je varoval, kritizoval a zjevil jim Bo\u017e\u00ed srdce. \u0158\u00edk\u00e1me jim proroci a pot\u0159ebuje je ka\u017ed\u00e9 n\u00e1bo\u017eenstv\u00ed. -Richard Rohr<\/p>\n\n\n\n<h4 class=\"wp-block-heading\">\u00dater\u00fd<\/h4>\n\n\n\n<p>Kl\u00ed\u010dem k tomu, abychom \u017eili jako prorok-mystik, je uk\u00e1zat se v tom, co je, bez ohledu na to, jak srdcervouc\u00ed nebo nam\u00e1hav\u00e9 to je, jak pln\u00e9 zd\u00e1nliv\u011b ne\u0159e\u0161iteln\u00fdch konflikt\u016f to je a jak l\u00e1kav\u00e9 m\u016f\u017ee b\u00fdt meditovat nebo se modlit, abychom se z bolesti dostali. -Mirabai Starr<\/p>\n\n\n\n<h4 class=\"wp-block-heading\">St\u0159eda<\/h4>\n\n\n\n<p>V ka\u017ed\u00e9 c\u00edrkvi a spole\u010dnosti je dnes mezi n\u00e1mi spousta prorok\u016f a je \u017eivotn\u011b d\u016fle\u017eit\u00e9, abychom jim naslouchali, podporovali je a chr\u00e1nili. \u010casto nejsou form\u00e1ln\u011b spojeni s n\u00e1bo\u017eenstv\u00edm, p\u0159esto jsou hluboce ovlivn\u011bni jeho nejhlub\u0161\u00edmi hodnotami. -Richard Rohr<\/p>\n\n\n\n<h4 class=\"wp-block-heading\">\u010ctvrtek<\/h4>\n\n\n\n<p>Proti extrakci, s\u00edle a odlou\u010den\u00ed proroci vyzdvihovali d\u016fv\u011bru, spr\u00e1vn\u00fd vztah a st\u00e1v\u00e1n\u00ed se. V prorock\u00e9m ch\u00e1p\u00e1n\u00ed tyto t\u0159i kvality zt\u011bles\u0148ovaly cestu v\u011brnosti \u017div\u00e9 p\u0159\u00edtomnosti, cestu \u017eivosti. -Nahum Ward-Lev<\/p>\n\n\n\n<h4 class=\"wp-block-heading\">P\u00e1tek<\/h4>\n\n\n\n<p>Z historick\u00e9ho hlediska proroci \u010dasto uskute\u010d\u0148uj\u00ed zvl\u00e1\u0161tn\u00ed v\u011bci, kter\u00e9 se vymykaj\u00ed ze \u0161katulky toho, co je v jejich spole\u010dnosti pova\u017eov\u00e1no za norm\u00e1ln\u00ed nebo p\u0159ijateln\u00e9. Jejich moudrost \u010dasto vych\u00e1z\u00ed z pro\u017eit\u00e9 zku\u0161enosti na okraji spole\u010dnosti a znovu a znovu se setk\u00e1vaj\u00ed s nepochopen\u00edm.&nbsp; -Cassidy Hallov\u00e1<\/p>\n\n\n\n<h1 class=\"wp-block-heading\">Cena proroctv\u00ed<\/h1>\n\n\n\n<h6 class=\"wp-block-heading\">Praktikum \u0161est\u00e9ho t\u00fddne<\/h6>\n\n\n\n<p>Na\u0161\u00ed povinnost\u00ed je \u0159\u00edkat v\u00e1m pravdu. Proto\u017ee v\u00e1m v\u0161ak nikdy nebyla \u0159e\u010dena pravda, budete v\u011b\u0159it, \u017ee je to le\u017e. Le\u017e je l\u00e1skypln\u011bj\u0161\u00ed ne\u017e pravda a obj\u00edm\u00e1 ob\u011bma rukama. -Robert Jones Jr., Proroci&nbsp;<\/p>\n\n\n\n<p>Je\u017e\u00ed\u0161 \u0159ekl: \u201eJeruzal\u00e9me, Jeruzal\u00e9me, ty, kter\u00fd zab\u00edj\u00ed\u0161 proroky a kamenuje\u0161 ty, kdo jsou k tob\u011b posl\u00e1ni, jak \u010dasto jsem tou\u017eil shrom\u00e1\u017edit tv\u00e9 d\u011bti, jako slepice shroma\u017e\u010fuje sv\u00e1 ku\u0159\u00e1tka pod sv\u00e1 k\u0159\u00eddla, a ty jsi nebyl ochoten. Hle, tv\u016fj d\u016fm ti z\u016fstal opu\u0161t\u011bn\u00fd. \u0158\u00edk\u00e1m v\u00e1m, \u017ee m\u011b u\u017e neuvid\u00edte, dokud ne\u0159eknete: &#8218;Po\u017eehnan\u00fd, kter\u00fd p\u0159ich\u00e1z\u00ed ve jm\u00e9nu Hospodinov\u011b&#8216;.\u201c -Luk\u00e1\u0161 13:34-35<\/p>\n\n\n\n<p>Inspirov\u00e1n Je\u017e\u00ed\u0161ov\u00fdm varov\u00e1n\u00edm jeruzal\u00e9msk\u00e9mu lidu napsal b\u00e1sn\u00edk a pracovn\u00edk CAC Drew Jackson tuto b\u00e1se\u0148, kter\u00e1 ct\u00ed cenu proroctv\u00ed:<\/p>\n\n\n\n<pre class=\"wp-block-verse\">Existuje rod t\u011bch, jejich\u017e krev napl\u0148uje<br>\u00a0\u00a0\u00a0\u00a0 ulice\u00a0<br>m\u011bst a krajin - prorok\u016f, kte\u0159\u00ed<br>\u00a0\u00a0\u00a0\u00a0 mluvili pravdu\u00a0<br>jen proto, aby jejich rty byly pol\u00edbeny tupou rtou<br>hozen\u00fdch kamen\u016f. Znali sv\u016fj konec<br>\u00a0\u00a0\u00a0\u00a0 d\u0159\u00edve, ne\u017e za\u010dali,\u00a0<br>a p\u0159esto pokra\u010dovali. Ohe\u0148 v kostech<br>\u00a0\u00a0\u00a0\u00a0 nelze zadr\u017eet.\u00a0<br>Pouta a okovy nemohou zadr\u017eet<br>\u00a0\u00a0\u00a0\u00a0 jejich poselstv\u00ed.\u00a0<br>V\u00edc ne\u017e podle jejich v\u00fdk\u0159ik\u016f je pozn\u00e1me podle toho, \u017ee<br>\u00a0\u00a0\u00a0\u00a0 jejich slzy...<br>s\u016fl zaschl\u00e1 na jejich tv\u00e1\u0159\u00edch po letech<br>\u00a0\u00a0\u00a0\u00a0 nekone\u010dn\u00e9ho pl\u00e1\u010de.\u00a0<br>Mnoh\u00e1 jejich jm\u00e9na byla smetena<br>\u00a0\u00a0\u00a0\u00a0 v\u011btry\u00a0<br>d\u011bjin. Jsou to v\u00edt\u011bzov\u00e9, kdo p\u00ed\u0161\u00ed<br>\u00a0\u00a0\u00a0\u00a0 \u00fa\u010dty,\u00a0<br>zem\u011b v\u0161ak vyd\u00e1v\u00e1 sv\u011bdectv\u00ed.<\/pre>\n\n\n\n<p class=\"has-small-font-size\">P\u0159e\u010dt\u011bte si toto zamy\u0161len\u00ed na str\u00e1nk\u00e1ch cac.org.&nbsp;&nbsp;<\/p>\n\n\n\n<p class=\"has-small-font-size\">Translated with DeepL.com (free version)<\/p>\n","protected":false},"excerpt":{"rendered":"<p>Z historick\u00e9ho hlediska proroci \u010dasto uskute\u010d\u0148uj\u00ed zvl\u00e1\u0161tn\u00ed v\u011bci, kter\u00e9 se vymykaj\u00ed ze \u0161katulky toho, co je v jejich spole\u010dnosti pova\u017eov\u00e1no za norm\u00e1ln\u00ed nebo p\u0159ijateln\u00e9. Jejich moudrost \u010dasto vych\u00e1z\u00ed z pro\u017eit\u00e9 zku\u0161enosti na okraji spole\u010dnosti a znovu a znovu se setk\u00e1vaj\u00ed s nepochopen\u00edm.  -Cassidy Hallov\u00e1<\/p>\n","protected":false},"author":1,"featured_media":10399,"comment_status":"open","ping_status":"open","sticky":false,"template":"","format":"standard","meta":{"footnotes":""},"categories":[198],"tags":[2009,703],"class_list":["post-10440","post","type-post","status-publish","format-standard","has-post-thumbnail","hentry","category-richard-rohr-ofm-centrum-pro-zivot-a-rozjimani","tag-cena-proroctvi","tag-prproci","latest_post"],"_links":{"self":[{"href":"https:\/\/www.frantiskani.cz\/index.php\/wp-json\/wp\/v2\/posts\/10440","targetHints":{"allow":["GET"]}}],"collection":[{"href":"https:\/\/www.frantiskani.cz\/index.php\/wp-json\/wp\/v2\/posts"}],"about":[{"href":"https:\/\/www.frantiskani.cz\/index.php\/wp-json\/wp\/v2\/types\/post"}],"author":[{"embeddable":true,"href":"https:\/\/www.frantiskani.cz\/index.php\/wp-json\/wp\/v2\/users\/1"}],"replies":[{"embeddable":true,"href":"https:\/\/www.frantiskani.cz\/index.php\/wp-json\/wp\/v2\/comments?post=10440"}],"version-history":[{"count":1,"href":"https:\/\/www.frantiskani.cz\/index.php\/wp-json\/wp\/v2\/posts\/10440\/revisions"}],"predecessor-version":[{"id":10441,"href":"https:\/\/www.frantiskani.cz\/index.php\/wp-json\/wp\/v2\/posts\/10440\/revisions\/10441"}],"wp:featuredmedia":[{"embeddable":true,"href":"https:\/\/www.frantiskani.cz\/index.php\/wp-json\/wp\/v2\/media\/10399"}],"wp:attachment":[{"href":"https:\/\/www.frantiskani.cz\/index.php\/wp-json\/wp\/v2\/media?parent=10440"}],"wp:term":[{"taxonomy":"category","embeddable":true,"href":"https:\/\/www.frantiskani.cz\/index.php\/wp-json\/wp\/v2\/categories?post=10440"},{"taxonomy":"post_tag","embeddable":true,"href":"https:\/\/www.frantiskani.cz\/index.php\/wp-json\/wp\/v2\/tags?post=10440"}],"curies":[{"name":"wp","href":"https:\/\/api.w.org\/{rel}","templated":true}]}}