{"id":10476,"date":"2025-02-10T08:15:59","date_gmt":"2025-02-10T07:15:59","guid":{"rendered":"https:\/\/www.frantiskani.cz\/?p=10476"},"modified":"2025-02-10T08:16:04","modified_gmt":"2025-02-10T07:16:04","slug":"milujici-tajemstvi","status":"publish","type":"post","link":"https:\/\/www.frantiskani.cz\/index.php\/2025\/02\/10\/milujici-tajemstvi\/","title":{"rendered":"Miluj\u00edc\u00ed tajemstv\u00ed"},"content":{"rendered":"\n<h6 class=\"wp-block-heading\">Sedm\u00fd t\u00fdden: Co je to mystika?<\/h6>\n\n\n\n<p><em>Richard Rohr popisuje, jak m\u016f\u017eeme demystifikovat slovo mystika:<\/em><em>\u202f\u202f<\/em><\/p>\n\n\n\n<h4 class=\"wp-block-heading\">Mystika odhaluje skryt\u00e9\u2026<\/h4>\n\n\n\n<p>Je t\u0159eba objasnit v\u00fdznam slova mystika. Toto slovo se pou\u017e\u00edv\u00e1 tolika r\u016fzn\u00fdmi zp\u016fsoby, \u017ee m\u00e1 tendenci v\u00e9st k mystifikaci. Jak nazna\u010duje jeho \u0159eck\u00fd ko\u0159enov\u00fd tvar mu (zav\u0159en\u00e9 o\u010di nebo rty), mystika poukazuje na n\u011bco, co je n\u011bjak\u00fdm zp\u016fsobem skryt\u00e9 a co nelze snadno vid\u011bt nebo o \u010dem nelze snadno mluvit. Mystik odhaluje to, co je pro v\u011bt\u0161inu z n\u00e1s skryt\u00e9, a p\u0159itom je to t\u00e9m\u011b\u0159 v\u017edy to, v co tak\u00e9 douf\u00e1me a co si p\u0159edstavujeme jako pravdiv\u00e9. Zd\u00e1 se, \u017ee skute\u010dnost je na sv\u00fdch skryt\u00fdch a nejhlub\u0161\u00edch \u00farovn\u00edch v\u017edy velmi dobr\u00e1 &#8211; lep\u0161\u00ed, ne\u017e si v\u011bt\u0161ina z n\u00e1s dok\u00e1\u017ee p\u0159edstavit!&nbsp;<\/p>\n\n\n\n<h4 class=\"wp-block-heading\">T\u011bm kte\u0159\u00ed jdou pod povrch<\/h4>\n\n\n\n<p>Slovo mystika pou\u017e\u00edv\u00e1m ve velmi tradi\u010dn\u00edm a klasick\u00e9m smyslu. Nem\u00e1 ozna\u010dovat n\u011bco esoterick\u00e9ho a b\u011b\u017en\u00fdm lidem \u0161iroce nedostupn\u00e9ho. Poukazuje v\u0161ak na n\u011bco, co je dostupn\u00e9 pouze jedinc\u016fm, kte\u0159\u00ed jdou za povrch a vn\u011bj\u0161\u00ed str\u00e1nku, t\u011bm, kte\u0159\u00ed zakou\u0161ej\u00ed vnit\u0159n\u00ed milost a propojenost v\u0161ech v\u011bc\u00ed.<\/p>\n\n\n\n<h4 class=\"wp-block-heading\">Mystika zd\u016fraz\u0148uje propojenost a radost<\/h4>\n\n\n\n<p>Jak sv\u00fdm zp\u016fsobem \u0159\u00edkali Je\u017e\u00ed\u0161, Pavel i Bonaventura, mystika je \u010dasto po\u0161etilost\u00ed pro vzd\u011blance a samoz\u0159ejmost\u00ed pro prost\u00e9.&nbsp;<\/p>\n\n\n\n<p>Zd\u016fraz\u0148uji propojenost, proto\u017ee to je nenau\u010diteln\u00fd dar, kter\u00fd v\u017edy vid\u00edm u prav\u00fdch mystik\u016f. T\u00edm se li\u0161\u00ed od ostatn\u00edch lid\u00ed. Je to tak\u00e9 vlastnost, d\u00edky n\u00ed\u017e se zdaj\u00ed b\u00fdt vz\u00e1cn\u00ed. Mystikov\u00e9 znaj\u00ed a u\u017e\u00edvaj\u00ed si propojen\u00e9 j\u00e1dro skute\u010dnosti, kter\u00e9 je skryt\u00e9 t\u011bm, kdo po n\u011bm netou\u017e\u00ed ani ho nehledaj\u00ed. \u201eCo hled\u00e1te, to dostanete\u201c (viz Mt 7,7-8). K mystice neodmysliteln\u011b pat\u0159\u00ed tak\u00e9 radost. Kdy\u017e v na\u0161em \u017eivot\u011b nen\u00ed p\u0159\u00edtomna hlubok\u00e1 radost, m\u016f\u017eeme b\u00fdt klidn\u011b \u201ev\u011b\u0159\u00edc\u00ed\u201c, ale rozhodn\u011b nejsme mystici.&nbsp;<\/p>\n\n\n\n<h4 class=\"wp-block-heading\">\u010cetba mystik\u016f<\/h4>\n\n\n\n<p>Je ironi\u00ed, \u017ee autenti\u010dt\u00ed mystici by jako prvn\u00ed \u0159ekli, \u017ee tuto intuici v\u016fbec nehledali. To, co n\u00e1m ostatn\u00edm p\u0159ipad\u00e1 tajn\u00e9, je pro n\u011b n\u011bjak\u00fdm zp\u016fsobem naprosto dan\u00e9 a z\u00e1rove\u0148 naprosto z\u0159ejm\u00e9. Nemohli ji hledat, proto\u017ee p\u0159edev\u0161\u00edm nev\u011bd\u011bli, \u017ee jim chyb\u00ed! \u010cetba \u017eivot\u016f mystik\u016f v\u0161ak m\u016f\u017ee odhalit, zda bylo na prvn\u00edm m\u00edst\u011b n\u011bjak\u00e9 osv\u00edcen\u00e9 hled\u00e1n\u00ed, nebo n\u011bjak\u00e9 nezaslou\u017een\u00e9 d\u00e1v\u00e1n\u00ed. Jedin\u00e9, co v\u00edme my a co v\u011bd\u00ed oni, je, \u017ee jsou uvnit\u0159 nesm\u00edrn\u00e9ho a \u00fa\u017easn\u00e9ho tajemstv\u00ed, kter\u00e9 se zd\u00e1 b\u00fdt v\u011bt\u0161in\u011b z n\u00e1s ostatn\u00edch skryto nebo pop\u00edr\u00e1no.&nbsp;<\/p>\n\n\n\n<h4 class=\"wp-block-heading\">Mystikov\u00e9 se d\u00edvaj\u00ed jin\u00fdma o\u010dima<\/h4>\n\n\n\n<p>Mystikov\u00e9 se d\u00edvaj\u00ed jin\u00fdma o\u010dima, kter\u00e9 vid\u00ed milost ve v\u0161ech v\u011bcech a hlubokou souvislost mezi v\u0161emi v\u011bcmi. M\u00e9n\u011b zral\u00ed mystikov\u00e9 mohou rozpoznat souvislost mezi n\u011bkter\u00fdmi nebo v\u011bt\u0161inou v\u011bc\u00ed (nap\u0159\u00edklad lid\u00e9, kte\u0159\u00ed vid\u00ed pouze vnit\u0159n\u00ed souvislost mezi ostatn\u00edmi k\u0159es\u0165any a nedok\u00e1\u017eou ji roz\u0161\u00ed\u0159it na lidi zven\u010d\u00ed nebo na \u201eh\u0159\u00ed\u0161n\u00edky\u201c, jak to ud\u011blal Je\u017e\u00ed\u0161). Kolem n\u00e1s se pohybuje mnoho \u201emini mystik\u016f\u201c, ale ti jsou \u010dasto problemati\u010dt\u00ed, proto\u017ee polovinu pravdy lze \u010dasto po\u0161etile zam\u011bnit za pravdu \u00faplnou.&nbsp;<\/p>\n\n\n\n<p class=\"has-small-font-size\">P\u0159e\u010dt\u011bte si tuto meditaci na cac.org.&nbsp;<\/p>\n\n\n\n<h6 class=\"wp-block-heading\">Prameny:<\/h6>\n\n\n\n<p class=\"has-small-font-size\">Adapted from Richard Rohr, \u201cFranciscan Mysticism: A Cosmic Vision,\u201d&nbsp;<em>Radical Grace<\/em>&nbsp;25, no. 1 (2012): 12.&nbsp;<\/p>\n\n\n\n<p class=\"has-small-font-size\"><strong>Image credit and inspiration<\/strong>: Alexander Klarmann,&nbsp;<em>Untitled&nbsp;<\/em>(detail), 2017, photo,&nbsp;<a href=\"https:\/\/email.cac.org\/t\/d-l-sjkdlil-itiuujuudy-h\/\">Unsplash<\/a>.&nbsp;<a href=\"https:\/\/email.cac.org\/t\/d-l-sjkdlil-itiuujuudy-k\/\">Click here to enlarge image.<\/a>&nbsp;<em>The leaf can be a doorway into being with what is, experiencing the ineffable and intangible nature of the Great Mystery.<\/em>&nbsp;<\/p>\n\n\n\n<p><\/p>\n","protected":false},"excerpt":{"rendered":"<p>R. Rohr: Slovo mystika pou\u017e\u00edv\u00e1m ve velmi tradi\u010dn\u00edm a klasick\u00e9m smyslu. Nem\u00e1 ozna\u010dovat n\u011bco esoterick\u00e9ho a b\u011b\u017en\u00fdm lidem \u0161iroce nedostupn\u00e9ho. Poukazuje v\u0161ak na n\u011bco, co je dostupn\u00e9 pouze jedinc\u016fm, kte\u0159\u00ed jdou za povrch a vn\u011bj\u0161\u00ed str\u00e1nku, t\u011bm, kte\u0159\u00ed zakou\u0161ej\u00ed vnit\u0159n\u00ed milost a propojenost v\u0161ech v\u011bc\u00ed.<\/p>\n","protected":false},"author":1,"featured_media":10461,"comment_status":"open","ping_status":"open","sticky":false,"template":"","format":"standard","meta":{"footnotes":""},"categories":[198],"tags":[937,390,2018],"class_list":["post-10476","post","type-post","status-publish","format-standard","has-post-thumbnail","hentry","category-richard-rohr-ofm-centrum-pro-zivot-a-rozjimani","tag-mystici","tag-mystika","tag-polovicni-mystik","latest_post"],"_links":{"self":[{"href":"https:\/\/www.frantiskani.cz\/index.php\/wp-json\/wp\/v2\/posts\/10476","targetHints":{"allow":["GET"]}}],"collection":[{"href":"https:\/\/www.frantiskani.cz\/index.php\/wp-json\/wp\/v2\/posts"}],"about":[{"href":"https:\/\/www.frantiskani.cz\/index.php\/wp-json\/wp\/v2\/types\/post"}],"author":[{"embeddable":true,"href":"https:\/\/www.frantiskani.cz\/index.php\/wp-json\/wp\/v2\/users\/1"}],"replies":[{"embeddable":true,"href":"https:\/\/www.frantiskani.cz\/index.php\/wp-json\/wp\/v2\/comments?post=10476"}],"version-history":[{"count":1,"href":"https:\/\/www.frantiskani.cz\/index.php\/wp-json\/wp\/v2\/posts\/10476\/revisions"}],"predecessor-version":[{"id":10477,"href":"https:\/\/www.frantiskani.cz\/index.php\/wp-json\/wp\/v2\/posts\/10476\/revisions\/10477"}],"wp:featuredmedia":[{"embeddable":true,"href":"https:\/\/www.frantiskani.cz\/index.php\/wp-json\/wp\/v2\/media\/10461"}],"wp:attachment":[{"href":"https:\/\/www.frantiskani.cz\/index.php\/wp-json\/wp\/v2\/media?parent=10476"}],"wp:term":[{"taxonomy":"category","embeddable":true,"href":"https:\/\/www.frantiskani.cz\/index.php\/wp-json\/wp\/v2\/categories?post=10476"},{"taxonomy":"post_tag","embeddable":true,"href":"https:\/\/www.frantiskani.cz\/index.php\/wp-json\/wp\/v2\/tags?post=10476"}],"curies":[{"name":"wp","href":"https:\/\/api.w.org\/{rel}","templated":true}]}}