{"id":10884,"date":"2025-03-22T07:37:22","date_gmt":"2025-03-22T06:37:22","guid":{"rendered":"https:\/\/www.frantiskani.cz\/?p=10884"},"modified":"2025-03-22T07:37:24","modified_gmt":"2025-03-22T06:37:24","slug":"privitani-cizince","status":"publish","type":"post","link":"https:\/\/www.frantiskani.cz\/index.php\/2025\/03\/22\/privitani-cizince\/","title":{"rendered":"P\u0159iv\u00edt\u00e1n\u00ed cizince"},"content":{"rendered":"\n<h6 class=\"wp-block-heading\">Shrnut\u00ed dvan\u00e1ct\u00e9ho t\u00fddne &#8211; 16. b\u0159ezna &#8211; 21. b\u0159ezna 2024<\/h6>\n\n\n\n<h4 class=\"wp-block-heading\">Ned\u011ble<\/h4>\n\n\n\n<p>V\u0161ichni jsme povol\u00e1ni p\u0159ijmout na\u0161e bratry a sestry, kte\u0159\u00ed prchaj\u00ed p\u0159ed v\u00e1lkou, hladem, n\u00e1sil\u00edm a nelidsk\u00fdmi \u017eivotn\u00edmi podm\u00ednkami. V\u0161ichni spole\u010dn\u011b jsme velkou podp\u016frnou silou pro ty, kdo ztratili svou vlast, rodiny, pr\u00e1ci a d\u016fstojnost. -Pape\u017e Franti\u0161ek<\/p>\n\n\n\n<h4 class=\"wp-block-heading\">Pond\u011bl\u00ed<\/h4>\n\n\n\n<p>Vzpom\u00edn\u00e1me na R\u00fat pro jej\u00ed smluvn\u00ed z\u00e1vazek v\u016f\u010di tchyni a pro jej\u00ed odvahu migrovat, d\u016fv\u011b\u0159ovat Bohu Naomi a za\u010d\u00edt nov\u00fd \u017eivot mezi nov\u00fdm lidem. Tuto odv\u00e1\u017enou migrantku si p\u0159ipom\u00edn\u00e1me tak\u00e9 kv\u016fli jej\u00edm potomk\u016fm, v\u010detn\u011b kr\u00e1le Davida a Je\u017e\u00ed\u0161e Nazaretsk\u00e9ho. -Julia Lambert Fogg<\/p>\n\n\n\n<h4 class=\"wp-block-heading\">\u00dater\u00fd<\/h4>\n\n\n\n<p>Evangelijn\u00ed p\u0159\u00edb\u011bh za\u010d\u00edn\u00e1 \u00fat\u011bkem Je\u017e\u00ed\u0161ovy rodiny p\u0159ed n\u00e1sil\u00edm jako politick\u00fdch uprchl\u00edk\u016f, kter\u00e9 po Palestin\u011b postrkovala c\u00edsa\u0159sk\u00e1 vojska c\u00edsa\u0159e a Heroda. Dosp\u011bl\u00fd Je\u017e\u00ed\u0161 se charakterizuje nejen jako bezdomovec, ale i jako \u010dlov\u011bk bez st\u00e1tn\u00ed p\u0159\u00edslu\u0161nosti. Evangelist\u00e9 tak\u00e9 Je\u017e\u00ed\u0161e l\u00ed\u010d\u00ed jako st\u00e1l\u00e9ho p\u0159\u00edjemce pohostinstv\u00ed, kter\u00fd se n\u011bkdy dokonce \u201ezve k sob\u011b\u201c. -Ched Myers<\/p>\n\n\n\n<h4 class=\"wp-block-heading\">St\u0159eda<\/h4>\n\n\n\n<p>Praxe pohostinnosti odr\u00e1\u017e\u00ed ochotu spole\u010denstv\u00ed lid\u00ed b\u00fdt otev\u0159en\u00fd druh\u00fdm a jejich n\u00e1hled\u016fm, pot\u0159eb\u00e1m a p\u0159\u00edsp\u011bvk\u016fm. Pohostinn\u00e1 spole\u010denstv\u00ed si uv\u011bdomuj\u00ed, \u017ee jsou bez ostatn\u00edch lid\u00ed ne\u00fapln\u00e1, ale tak\u00e9 \u017ee maj\u00ed \u201epoklad\u201c, o kter\u00fd se s nimi mohou pod\u011blit. -Christine Pohl<\/p>\n\n\n\n<h4 class=\"wp-block-heading\">\u010ctvrtek<\/h4>\n\n\n\n<p>V\u017edycky jsem si myslel, \u017ee v\u00edra p\u0159edch\u00e1z\u00ed \u010din\u016fm, a n\u011bkdy tomu tak skute\u010dn\u011b je. Ale a\u017e p\u0159\u00edli\u0161 \u010dasto jsou to praktiky, kter\u00e9 n\u00e1s formuj\u00ed, kter\u00e9 m\u011bn\u00ed na\u0161e p\u0159esv\u011bd\u010den\u00ed a pom\u00e1haj\u00ed n\u00e1m je zvnit\u0159nit zp\u016fsobem, kter\u00fd je transformuj\u00edc\u00ed. U\u010d\u00edme se t\u00edm, \u017ee d\u011bl\u00e1me. -Karen Gonz\u00e1lez<\/p>\n\n\n\n<h4 class=\"wp-block-heading\">P\u00e1tek<\/h4>\n\n\n\n<p>Hranice st\u00e1t\u016f jsou jen libovoln\u00e9 linie a v Bo\u017e\u00edch o\u010d\u00edch znamenaj\u00ed jen m\u00e1lo: \u201eN\u00e1rody zem\u011b jsou jako kapka na okraji v\u011bdra, po\u010d\u00edtaj\u00ed se jako zrnko prachu na v\u00e1ze&#8230;.. V\u0161echny n\u00e1rody v Bo\u017e\u00edch o\u010d\u00edch nic neznamenaj\u00ed. Po\u010d\u00edtaj\u00ed se jako nic a pr\u00e1zdnota\u201c (Izaj\u00e1\u0161 40,15.17). -Richard Rohr<\/p>\n\n\n\n<h1 class=\"wp-block-heading\">Praktikov\u00e1n\u00ed pohostinnosti<\/h1>\n\n\n\n<h6 class=\"wp-block-heading\">Praktikum dvan\u00e1ct\u00e9ho t\u00fddne<\/h6>\n\n\n\n<p><em>Sikhsk\u00e1 aktivistka Valarie Kaur nab\u00edz\u00ed seznam praktick\u00fdch zp\u016fsob\u016f, jak m\u016f\u017eeme p\u0159ij\u00edmat cizince a budovat spole\u010denstv\u00ed na z\u00e1klad\u011b \u010din\u016f ran\u00e9ho sikhsk\u00e9ho v\u016fdce Mata Khiviho (1506-1582):<\/em><\/p>\n\n\n\n<h4 class=\"wp-block-heading\">Najd\u011bte prostor<\/h4>\n\n\n\n<p>Za\u010dn\u011bte tam, kde jste. Vyberte si prostor, kde budete praktikovat sv\u011bt, kter\u00fd chcete. Mata Khiviho s\u00e1l langar [1] byla prost\u00e1 m\u00fdtina s krytem pro st\u00edn. \u017d\u00e1dn\u00fd prostor nen\u00ed p\u0159\u00edli\u0161 mal\u00fd. Jak\u00e9 prostory m\u00e1te k dispozici pro shroma\u017e\u010fov\u00e1n\u00ed lid\u00ed?<\/p>\n\n\n\n<h4 class=\"wp-block-heading\">Dejte naj\u00edst<\/h4>\n\n\n\n<p>Za\u010dn\u011bte se z\u00e1kladn\u00edmi pot\u0159ebami. Nikdo v bl\u00edzkosti haly langar nemus\u00ed m\u00edt hlad. Teprve kdy\u017e je hlad uspokojen, je mo\u017en\u00fd rozkv\u011bt. Jak\u00e9 jsou va\u0161e pot\u0159eby a pot\u0159eby lid\u00ed kolem v\u00e1s pr\u00e1v\u011b te\u010f?<\/p>\n\n\n\n<h4 class=\"wp-block-heading\">Jak\u00e9 m\u00e1me zdroje?<\/h4>\n\n\n\n<p>P\u0159erozd\u011blte zdroje. Mata Khivi shrom\u00e1\u017edil zdroje od v\u0161ech, kte\u0159\u00ed je mohli nab\u00eddnout, a rovnom\u011brn\u011b je rozd\u011blil mezi v\u0161echny. Jak\u00e9 zdroje m\u016f\u017eete nab\u00eddnout vy? Co jste p\u0159ipraveni p\u0159ijmout?<\/p>\n\n\n\n<h4 class=\"wp-block-heading\">Sed\u011bt s cizincem<\/h4>\n\n\n\n<p>Nevid\u011bt ciz\u00edho, nec\u00edtit ciz\u00edho. Mata Khivi vyzvala lidi, aby se posadili do pangatu, nep\u0159eru\u0161ovan\u00e9 \u0159ady, vedle t\u011bch, kter\u00e9 byli zvykl\u00ed vn\u00edmat jako jin\u00e9. Bylo to zt\u011blesn\u011bn\u00e9 spole\u010denstv\u00ed. Kde jste se ocitli ve spole\u010densk\u00e9m \u0159\u00e1du? Jak\u00fd jste m\u011bli prosp\u011bch a jak\u00fd jste ztratili? Jak\u00e9 bari\u00e9ry p\u0159ekro\u010d\u00edte, abyste byli ve spole\u010denstv\u00ed?&#8230;<\/p>\n\n\n\n<h4 class=\"wp-block-heading\">Bu\u010fte mil\u00ed<\/h4>\n\n\n\n<p>Ud\u011blejte to neodolateln\u011b. Mata Khivi vytvo\u0159ila z\u00e1\u017eitek, kter\u00fd byl p\u0159\u00edjemn\u00fd na t\u011ble. Protirasistickou, protihierarchickou praxi zako\u0159en\u011bnou v radosti a spole\u010denstv\u00ed. Jak ud\u011bl\u00e1te svou praxi chutnou?<\/p>\n\n\n\n<h4 class=\"wp-block-heading\">V\u011b\u0159te<\/h4>\n\n\n\n<p>V\u011b\u0159te. Mata Khivi za\u010dala v&nbsp;mal\u00e9m, ale vybudovala praxi, kter\u00e1 trv\u00e1 u\u017e p\u016fl tis\u00edcilet\u00ed. Na\u0161e osvobozovac\u00ed experimenty nejsou m\u00fddlov\u00e9 bubliny, kter\u00e9 zmiz\u00ed; jsou to zvukov\u00e9 vlny, kter\u00e9 sahaj\u00ed daleko do budoucnosti. Kdy\u017e zt\u011bles\u0148ujeme sv\u011bt, kter\u00fd chceme, m\u00edsto abychom jen brojily proti tomu, \u010demu se br\u00e1n\u00edme, p\u0159ed\u00e1v\u00e1me pl\u00e1n pro na\u0161e potomky&#8230;..<\/p>\n\n\n\n<h4 class=\"wp-block-heading\">Projevujte lidskost<\/h4>\n\n\n\n<p>Kdy\u017e se spoj\u00edme, abychom se navz\u00e1jem nasytili, pe\u010dovali o sebe navz\u00e1jem a povzn\u00e1\u0161eli se, vytv\u00e1\u0159\u00edme podm\u00ednky pro milovanou komunitu. Pl\u00e1\u010deme, sm\u011bjeme se, \u017eijeme. S t\u00edm, jak se Zem\u011b otepluje a st\u00e1le v\u00edce z n\u00e1s je ohro\u017eeno, budeme muset b\u00fdt odv\u00e1\u017en\u011bj\u0161\u00ed a bezstarostn\u011bj\u0161\u00ed ve sv\u00e9 l\u00e1sce. Budeme muset vytv\u00e1\u0159et prostory, kter\u00e9 nikdy p\u0159edt\u00edm neexistovaly. Budeme muset praktikovat svou lidskost. Tak se zrod\u00ed sv\u011bt, kter\u00fd p\u0159ijde.<\/p>\n\n\n\n<p class=\"has-small-font-size\">P\u0159e\u010dt\u011bte si tuto meditaci na str\u00e1nk\u00e1ch cac.org.<\/p>\n\n\n\n<p class=\"has-small-font-size\">Translated with DeepL.com (free version)<\/p>\n\n\n\n<h6 class=\"wp-block-heading\">Prameny:<\/h6>\n\n\n\n<p class=\"has-small-font-size\">[1] In the Sikh tradition, a langar hall is a community kitchen where all are served a meal, free of charge. &nbsp;<br>&nbsp;<br>Valarie Kaur,&nbsp;<em>Sage Warrior: Wake to Oneness, Practice Pleasure, Choose Courage, Become Victory<\/em>(One World, 2024), 57, 58.&nbsp;<\/p>\n\n\n\n<p class=\"has-small-font-size\"><strong>Image credit and inspiration<\/strong>: Lucas Dalamarta,&nbsp;<em>Untitled&nbsp;<\/em>(detail), 2024, photo,&nbsp;<a href=\"https:\/\/email.cac.org\/t\/d-l-sirhkn-tlkrhyidn-n\/\">Unsplash<\/a>.&nbsp;<a href=\"https:\/\/email.cac.org\/t\/d-l-sirhkn-tlkrhyidn-p\/\">Click here to enlarge image.<\/a>&nbsp;<em>When engaging with an unknown being we practice holding space for the other and leading with an open heart, even when we don&#8217;t know the outcome.<\/em>&nbsp;<\/p>\n","protected":false},"excerpt":{"rendered":"<p>cizinci:<br \/>\nKdy\u017e se spoj\u00edme, abychom se navz\u00e1jem nasytili, pe\u010dovali o sebe navz\u00e1jem a povzn\u00e1\u0161eli se, vytv\u00e1\u0159\u00edme podm\u00ednky pro milovanou komunitu. Pl\u00e1\u010deme, sm\u011bjeme se, \u017eijeme. S t\u00edm, jak se Zem\u011b otepluje a st\u00e1le v\u00edce z n\u00e1s je ohro\u017eeno, budeme muset b\u00fdt odv\u00e1\u017en\u011bj\u0161\u00ed a bezstarostn\u011bj\u0161\u00ed ve sv\u00e9 l\u00e1sce. Budeme muset vytv\u00e1\u0159et prostory, kter\u00e9 nikdy p\u0159edt\u00edm neexistovaly. Budeme muset praktikovat svou lidskost. Tak se zrod\u00ed sv\u011bt, kter\u00fd p\u0159ijde. (Sikhsk\u00e1 aktivistka Valarie Kaur)<\/p>\n","protected":false},"author":1,"featured_media":10837,"comment_status":"open","ping_status":"open","sticky":false,"template":"","format":"standard","meta":{"footnotes":""},"categories":[198],"tags":[2100,1869,720],"class_list":["post-10884","post","type-post","status-publish","format-standard","has-post-thumbnail","hentry","category-richard-rohr-ofm-centrum-pro-zivot-a-rozjimani","tag-cizinci","tag-lidskost","tag-pohostinnost","latest_post"],"_links":{"self":[{"href":"https:\/\/www.frantiskani.cz\/index.php\/wp-json\/wp\/v2\/posts\/10884","targetHints":{"allow":["GET"]}}],"collection":[{"href":"https:\/\/www.frantiskani.cz\/index.php\/wp-json\/wp\/v2\/posts"}],"about":[{"href":"https:\/\/www.frantiskani.cz\/index.php\/wp-json\/wp\/v2\/types\/post"}],"author":[{"embeddable":true,"href":"https:\/\/www.frantiskani.cz\/index.php\/wp-json\/wp\/v2\/users\/1"}],"replies":[{"embeddable":true,"href":"https:\/\/www.frantiskani.cz\/index.php\/wp-json\/wp\/v2\/comments?post=10884"}],"version-history":[{"count":1,"href":"https:\/\/www.frantiskani.cz\/index.php\/wp-json\/wp\/v2\/posts\/10884\/revisions"}],"predecessor-version":[{"id":10885,"href":"https:\/\/www.frantiskani.cz\/index.php\/wp-json\/wp\/v2\/posts\/10884\/revisions\/10885"}],"wp:featuredmedia":[{"embeddable":true,"href":"https:\/\/www.frantiskani.cz\/index.php\/wp-json\/wp\/v2\/media\/10837"}],"wp:attachment":[{"href":"https:\/\/www.frantiskani.cz\/index.php\/wp-json\/wp\/v2\/media?parent=10884"}],"wp:term":[{"taxonomy":"category","embeddable":true,"href":"https:\/\/www.frantiskani.cz\/index.php\/wp-json\/wp\/v2\/categories?post=10884"},{"taxonomy":"post_tag","embeddable":true,"href":"https:\/\/www.frantiskani.cz\/index.php\/wp-json\/wp\/v2\/tags?post=10884"}],"curies":[{"name":"wp","href":"https:\/\/api.w.org\/{rel}","templated":true}]}}