{"id":11036,"date":"2025-04-09T08:18:47","date_gmt":"2025-04-09T06:18:47","guid":{"rendered":"https:\/\/www.frantiskani.cz\/?p=11036"},"modified":"2025-04-09T08:18:49","modified_gmt":"2025-04-09T06:18:49","slug":"kontra-kulturni-postoj","status":"publish","type":"post","link":"https:\/\/www.frantiskani.cz\/index.php\/2025\/04\/09\/kontra-kulturni-postoj\/","title":{"rendered":"Kontra kulturn\u00ed postoj"},"content":{"rendered":"\n<h6 class=\"wp-block-heading\">Patn\u00e1ct\u00fd t\u00fdden: Moudrost pou\u0161t\u011b<\/h6>\n\n\n\n<p><em>Kontrakulturn\u00ed postoj pou\u0161tn\u00edch abb\u016f a amm\u016f popisuje ve sv\u00e9 p\u0159edn\u00e1\u0161ce pro CAC Living School kontemplativn\u00ed teolog Belden Lane:&nbsp;<\/em><\/p>\n\n\n\n<p>T\u0159i d\u016fle\u017eit\u00e9 v\u011bci odli\u0161ovaly pou\u0161tn\u00ed mnichy od sv\u011bta, kter\u00fd opustili: jednoduchost jazyka, radik\u00e1ln\u00ed odpu\u0161t\u011bn\u00ed a skrytost vlastn\u00edho j\u00e1.&nbsp;<\/p>\n\n\n\n<h4 class=\"wp-block-heading\">Jednoduchost jazyka<\/h4>\n\n\n\n<p>Prvn\u00ed z nich byla jednoduchost jazyka. Kdy\u017e kladete d\u016fraz na ticho a vz\u00e1cnost, jak v\u00e1s to u\u010d\u00ed sama zem\u011b, jazyk, kter\u00fd pou\u017e\u00edv\u00e1te, bude velmi \u0159\u00eddk\u00fd. Lid\u00e9 na pou\u0161ti nemaj\u00ed tendenci p\u0159\u00edli\u0161 mluvit. Mni\u0161i, kte\u0159\u00ed opustili hluk a nepo\u0159\u00e1dek m\u011bstsk\u00e9ho \u017eivota, kladli d\u016fraz na stru\u010dnost \u0159e\u010di. V\u011bd\u011bli, \u017ee slova p\u0159\u00edli\u0161 snadno p\u0159ek\u00e1\u017eej\u00ed tomu, co je nejd\u016fle\u017eit\u011bj\u0161\u00ed&#8230;..&nbsp;<\/p>\n\n\n\n<h4 class=\"wp-block-heading\">\u00daspornost \u0159e\u010di<\/h4>\n\n\n\n<p>\u00daspornost \u0159e\u010di mnich\u016f se projevila i na zp\u016fsobu, jak\u00fdm mluvili o Bohu. Rozlehl\u00fd prostor pou\u0161t\u011b ud\u011blal na my\u0161len\u00ed t\u011bchto prvn\u00edch k\u0159es\u0165an\u016f sv\u00e9. Zlomila jejich z\u00e1vislost na bezelstn\u00fdch odpov\u011bd\u00edch a teologick\u00fdch vysv\u011btlen\u00edch. Velmi snadno se p\u0159istihli, \u017ee jim doch\u00e1z\u00ed \u0159e\u010d. V\u011bd\u011bli, \u017ee v samotn\u00e9m Bo\u017e\u00edm byt\u00ed je obrovsk\u00fd prostor, kter\u00fd p\u0159esahuje jejich schopnost porozum\u011bt, ne nepodobn\u00fd samotn\u00e9 pou\u0161ti. B\u016fh nakonec p\u0159esahuje v\u0161e, co lze vyj\u00e1d\u0159it slovy&#8230;..<\/p>\n\n\n\n<h4 class=\"wp-block-heading\">Radik\u00e1ln\u00ed odpou\u0161t\u011bn\u00ed<\/h4>\n\n\n\n<p>Druh\u00fdm v\u00fdznamn\u00fdm t\u00e9matem teologick\u00e9ho zakotven\u00ed t\u011bchto pou\u0161tn\u00edch k\u0159es\u0165an\u016f byl d\u016fraz na radik\u00e1ln\u00ed odpu\u0161t\u011bn\u00ed. Byli velmi n\u00e1ro\u010dn\u00ed v discipl\u00edn\u011b, kterou p\u0159ijali, ale tato tvrdost byla v\u017edy zakotvena v l\u00e1sce. Byli hluboce citliv\u00ed na zran\u011bn\u00ed, kter\u00e1 si brat\u0159i a sestry s sebou na pou\u0161\u0165 v\u017edy p\u0159in\u00e1\u0161eli.<\/p>\n\n\n\n<h4 class=\"wp-block-heading\">Nesoudit druh\u00e9<\/h4>\n\n\n\n<p>Amma Syncletica zd\u016fraz\u0148ovala, \u017ee p\u0159ijet\u00ed mni\u0161sk\u00e9ho \u017eivota na pou\u0161ti neznamen\u00e1, \u017ee se n\u011bkdo automaticky stane svat\u00fdm. V\u011bd\u011bla, \u017ee ka\u017ed\u00fd p\u0159ich\u00e1z\u00ed do kl\u00e1\u0161tera s celou \u0159adou vnit\u0159n\u00edch zavazadel. Proto byla pr\u00e1ce na zran\u011bn\u00edch, uzdravov\u00e1n\u00ed uvnit\u0159 rozbit\u00fdch m\u00edst, kter\u00e1 si v sob\u011b nesli, neuv\u011b\u0159iteln\u011b d\u016fle\u017eit\u00e1&#8230;..<\/p>\n\n\n\n<h4 class=\"wp-block-heading\">Snaha vid\u011bt dobr\u00e9<\/h4>\n\n\n\n<p>Abbov\u00e9 a ammov\u00e9 v\u011bd\u011bli, \u017ee tato vnit\u0159n\u00ed pr\u00e1ce je pro duchovn\u00ed r\u016fst \u010dlov\u011bka kl\u00ed\u010dov\u00e1. Je z\u00e1sadn\u00ed pro discipl\u00ednu srdce. Ale stejn\u011b rozhodn\u00ed, jako vy\u017eadovali tuto pr\u00e1ci na du\u0161i, byli stejn\u011b rozhodn\u00ed i v praktikov\u00e1n\u00ed radik\u00e1ln\u00edho odpu\u0161t\u011bn\u00ed. V\u017edy pomalu soudili druh\u00e9, v mlad\u0161\u00edch a slab\u0161\u00edch bratrech a sestr\u00e1ch vid\u011bli to nejlep\u0161\u00ed a jejich chov\u00e1n\u00ed si vykl\u00e1dali co nejkr\u00e1sn\u011bji&#8230;..<\/p>\n\n\n\n<h4 class=\"wp-block-heading\">Skrytost sebe sama<\/h4>\n\n\n\n<p>T\u0159et\u00edm a posledn\u00edm t\u00e9matem v teologick\u00e9m zakotven\u00ed k\u0159es\u0165an\u016f pou\u0161t\u011b je jejich d\u016fraz na skrytost sebe sama. Byli si velmi dob\u0159e v\u011bdomi p\u016fsoben\u00ed prav\u00e9ho a fale\u0161n\u00e9ho j\u00e1, jak upozornil Thomas Merton. A\u010dkoli byli v poku\u0161en\u00ed v\u017edy se tv\u00e1\u0159it dob\u0159e a praktikovat \u201eimpression management\u201c, neust\u00e1le si p\u0159ipom\u00ednali, \u017ee B\u016fh m\u00e1 nejv\u011bt\u0161\u00ed radost, kdy\u017e je jejich dobrota p\u0159ed ostatn\u00edmi zcela skryta&#8230;..<\/p>\n\n\n\n<h4 class=\"wp-block-heading\">Fale\u0161n\u00e9 a prav\u00e9 j\u00e1<\/h4>\n\n\n\n<p>Amma Theodora \u0159\u00edkala, \u017ee v mni\u0161sk\u00e9m \u017eivot\u011b je nejt\u011b\u017e\u0161\u00ed sv\u011bt, kter\u00fd mus\u00edte opustit, ten, kter\u00fd nos\u00edte p\u0159\u00edmo ve sv\u00e9m srdci. Mni\u0161i v\u011bd\u011bli, \u017ee fale\u0161n\u00e9 j\u00e1 se na ve\u0159ejnosti tv\u00e1\u0159\u00ed nale\u0161t\u011bn\u011b, aby si vyp\u011bstovalo obdiv druh\u00fdch, ale prav\u00e9 j\u00e1 se spokoj\u00ed s t\u00edm, \u017ee z\u016fstane skryt\u00e9 v Kristu.<\/p>\n\n\n\n<p class=\"has-small-font-size\">Translated with DeepL.com (free version)<\/p>\n","protected":false},"excerpt":{"rendered":"<p>Abbov\u00e9 a ammov\u00e9 v\u011bd\u011bli, \u017ee tato vnit\u0159n\u00ed pr\u00e1ce je pro duchovn\u00ed r\u016fst \u010dlov\u011bka kl\u00ed\u010dov\u00e1. Je z\u00e1sadn\u00ed pro discipl\u00ednu srdce. Ale stejn\u011b rozhodn\u00ed, jako vy\u017eadovali tuto pr\u00e1ci na du\u0161i, byli stejn\u011b rozhodn\u00ed i v praktikov\u00e1n\u00ed radik\u00e1ln\u00edho odpu\u0161t\u011bn\u00ed. V\u017edy pomalu soudili druh\u00e9, v mlad\u0161\u00edch a slab\u0161\u00edch bratrech a sestr\u00e1ch vid\u011bli to nejlep\u0161\u00ed a jejich chov\u00e1n\u00ed si vykl\u00e1dali co nejkr\u00e1sn\u011bji&#8230;..<\/p>\n","protected":false},"author":1,"featured_media":11007,"comment_status":"open","ping_status":"open","sticky":false,"template":"","format":"standard","meta":{"footnotes":""},"categories":[198],"tags":[2140,2138,544,2139],"class_list":["post-11036","post","type-post","status-publish","format-standard","has-post-thumbnail","hentry","category-richard-rohr-ofm-centrum-pro-zivot-a-rozjimani","tag-jednoduchy-jazyk","tag-mnisi","tag-poust","tag-radikalni-odpoustsni","latest_post"],"_links":{"self":[{"href":"https:\/\/www.frantiskani.cz\/index.php\/wp-json\/wp\/v2\/posts\/11036","targetHints":{"allow":["GET"]}}],"collection":[{"href":"https:\/\/www.frantiskani.cz\/index.php\/wp-json\/wp\/v2\/posts"}],"about":[{"href":"https:\/\/www.frantiskani.cz\/index.php\/wp-json\/wp\/v2\/types\/post"}],"author":[{"embeddable":true,"href":"https:\/\/www.frantiskani.cz\/index.php\/wp-json\/wp\/v2\/users\/1"}],"replies":[{"embeddable":true,"href":"https:\/\/www.frantiskani.cz\/index.php\/wp-json\/wp\/v2\/comments?post=11036"}],"version-history":[{"count":1,"href":"https:\/\/www.frantiskani.cz\/index.php\/wp-json\/wp\/v2\/posts\/11036\/revisions"}],"predecessor-version":[{"id":11037,"href":"https:\/\/www.frantiskani.cz\/index.php\/wp-json\/wp\/v2\/posts\/11036\/revisions\/11037"}],"wp:featuredmedia":[{"embeddable":true,"href":"https:\/\/www.frantiskani.cz\/index.php\/wp-json\/wp\/v2\/media\/11007"}],"wp:attachment":[{"href":"https:\/\/www.frantiskani.cz\/index.php\/wp-json\/wp\/v2\/media?parent=11036"}],"wp:term":[{"taxonomy":"category","embeddable":true,"href":"https:\/\/www.frantiskani.cz\/index.php\/wp-json\/wp\/v2\/categories?post=11036"},{"taxonomy":"post_tag","embeddable":true,"href":"https:\/\/www.frantiskani.cz\/index.php\/wp-json\/wp\/v2\/tags?post=11036"}],"curies":[{"name":"wp","href":"https:\/\/api.w.org\/{rel}","templated":true}]}}