{"id":11049,"date":"2025-04-10T08:39:35","date_gmt":"2025-04-10T06:39:35","guid":{"rendered":"https:\/\/www.frantiskani.cz\/?p=11049"},"modified":"2025-04-10T08:39:37","modified_gmt":"2025-04-10T06:39:37","slug":"pestovani-vnitrni-svobody","status":"publish","type":"post","link":"https:\/\/www.frantiskani.cz\/index.php\/2025\/04\/10\/pestovani-vnitrni-svobody\/","title":{"rendered":"P\u011bstov\u00e1n\u00ed vnit\u0159n\u00ed svobody"},"content":{"rendered":"\n<h6 class=\"wp-block-heading\">Patn\u00e1ct\u00fd t\u00fdden: Moudrost pou\u0161t\u011b<\/h6>\n\n\n\n<p><em>Richard Rohr se zam\u00fd\u0161l\u00ed nad t\u00edm, jak bychom mohli podobn\u011b jako pou\u0161tn\u00ed mystici rozv\u00edjet vnit\u0159n\u00ed svobodu prost\u0159ednictv\u00edm praxe a samoty:&nbsp;&nbsp;<\/em><\/p>\n\n\n\n<h4 class=\"wp-block-heading\">Naj\u00edt svoji vnit\u0159n\u00ed svobodu<\/h4>\n\n\n\n<p>Pou\u0161tn\u00ed otcov\u00e9 a matky odch\u00e1zeli z m\u011bst do pou\u0161t\u011b, aby \u017eili svobodn\u011b, nez\u00e1visle na ekonomick\u00e9, kulturn\u00ed a politick\u00e9 struktu\u0159e \u0159\u00edmsk\u00e9 \u0159\u00ed\u0161e. Abbov\u00e9 a ammov\u00e9 v\u011bd\u011bli, stejn\u011b jako bychom m\u011bli v\u011bd\u011bt my, \u017ee imp\u00e9rium bude nespolehliv\u00fdm partnerem. Uv\u011bdomovali si, \u017ee mus\u00ed naj\u00edt vnit\u0159n\u00ed svobodu od syst\u00e9mu, ne\u017e se do n\u011bj budou moci vr\u00e1tit s opravdovou l\u00e1skou, moudrost\u00ed a vst\u0159\u00edcnost\u00ed. To je dodnes p\u0159etrv\u00e1vaj\u00edc\u00ed dynamika, jinak si \u201ekultura d\u00e1v\u00e1 k\u0159es\u0165anstv\u00ed k sn\u00eddani\u201c, abychom pou\u017eili modern\u00ed obrat, a na\u0161e hlubok\u00e1 transforma\u010dn\u00ed s\u00edla se do zna\u010dn\u00e9 m\u00edry ztr\u00e1c\u00ed.<\/p>\n\n\n\n<h4 class=\"wp-block-heading\">Naj\u00edt vnit\u0159n\u00ed klid a ticho<\/h4>\n\n\n\n<p>Jak m\u016f\u017eeme naj\u00edt vnit\u0159n\u00ed svobodu? V\u0161imn\u011bte si, \u017ee kdykoli trp\u00edme bolest\u00ed, mysl se v\u017edy rychle ztoto\u017en\u00ed s negativn\u00edmi aspekty v\u011bc\u00ed a znovu a znovu je p\u0159ehr\u00e1v\u00e1, \u010d\u00edm\u017e n\u00e1s hluboce zra\u0148uje. T\u00e9m\u011b\u0159 v\u0161ichni lid\u00e9 maj\u00ed nutk\u00e1n\u00ed fixovat se t\u00e9m\u011b\u0159 v\u00fdhradn\u011b na to, co je \u0161patn\u011b, co\u017e je d\u016fvod, pro\u010d se tolik lid\u00ed st\u00e1v\u00e1 ustra\u0161en\u00fdmi, pln\u00fdmi nen\u00e1visti a omotan\u00fdmi kolem sv\u00fdch negativn\u00edch koment\u00e1\u0159\u016f. Tento vzorec je t\u0159eba v\u010das a definitivn\u011b rozpoznat. Klid v du\u0161i je oxym\u00f3ron. Kdy\u017e jsme ve sv\u00e9 mysli, m\u00e1lokdy jsme v klidu; kdy\u017e jsme v klidu, nikdy nejsme jen ve sv\u00e9 mysli. Ran\u00ed k\u0159es\u0165an\u0161t\u00ed abbov\u00e9 a ammov\u00e9 to v\u011bd\u011bli a nejprve trvali na nalezen\u00ed vnit\u0159n\u00edho klidu a ticha, kter\u00e9 jsou nezbytn\u00e9 ke zkrocen\u00ed posedl\u00e9 mysli.&nbsp;<\/p>\n\n\n\n<h4 class=\"wp-block-heading\">Naj\u00edt svoji \u201ecelu\u201c<\/h4>\n\n\n\n<p>V p\u0159\u00edb\u011bhu z knihy Benedikta Warda V\u00fdroky pou\u0161tn\u00edch otc\u016f: &#8222;Jeden bratr p\u0159i\u0161el do Scetis nav\u0161t\u00edvit abbu Moj\u017e\u00ed\u0161e a po\u017e\u00e1dal ho o slovo. Sta\u0159ec mu \u0159ekl: \u201eJdi, posa\u010f se do sv\u00e9 cely a tv\u00e1 cela t\u011b v\u0161emu nau\u010d\u00ed.\u201c A on mu odpov\u011bd\u011bl: \u201eJdi, posa\u010f se do sv\u00e9 cely a tv\u00e1 cela t\u011b v\u0161emu nau\u010d\u00ed.\u201c [1]<\/p>\n\n\n\n<h4 class=\"wp-block-heading\">Samot\u00e1\u0159 m\u016f\u017ee klidn\u011b \u017e\u00edt v davu<\/h4>\n\n\n\n<p>Nemus\u00edme v\u0161ak m\u00edt celu a nemus\u00edme ut\u00edkat p\u0159ed povinnostmi aktivn\u00edho \u017eivota, abychom zakusili samotu a ticho. Amma Syncletica \u0159ekla: &#8222;Je mnoho lid\u00ed, kte\u0159\u00ed \u017eij\u00ed v hor\u00e1ch a chovaj\u00ed se, jako by byli ve m\u011bst\u011b, a marn\u00ed sv\u016fj \u010das. Je mo\u017en\u00e9 b\u00fdt v mysli samot\u00e1\u0159em, a p\u0159itom \u017e\u00edt v davu, a je mo\u017en\u00e9, aby ten, kdo je samot\u00e1\u0159, \u017eil v davu [sv\u00fdch] vlastn\u00edch my\u0161lenek&#8220;. [2]<\/p>\n\n\n\n<h4 class=\"wp-block-heading\">Samota je m\u00edsto tv\u00e9ho obr\u00e1cen\u00ed<\/h4>\n\n\n\n<p>Pou\u0161tn\u00ed mystici pod pojmem samota nemysleli pouh\u00e9 soukrom\u00ed nebo chr\u00e1n\u011bn\u00fd prostor, i kdy\u017e i to je pot\u0159eba. Pou\u0161tn\u00ed mystikov\u00e9 vid\u011bli samotu, slovy Henriho Nouwena, jako \u201em\u00edsto obr\u00e1cen\u00ed, m\u00edsto, kde um\u00edr\u00e1 star\u00e9 j\u00e1 a rod\u00ed se nov\u00e9 j\u00e1, m\u00edsto, kde doch\u00e1z\u00ed ke vzniku nov\u00e9ho mu\u017ee a nov\u00e9 \u017eeny\u201c. [3]<\/p>\n\n\n\n<h4 class=\"wp-block-heading\">Samota je setk\u00e1n\u00ed se sv\u00fdm skute\u010dn\u00fdm j\u00e1<\/h4>\n\n\n\n<p>Samota je odv\u00e1\u017en\u00e9 setk\u00e1n\u00ed s na\u0161\u00edm nah\u00fdm, nejsyrov\u011bj\u0161\u00edm a nejskute\u010dn\u011bj\u0161\u00edm j\u00e1 v p\u0159\u00edtomnosti \u010dist\u00e9 l\u00e1sky. Pom\u011brn\u011b \u010dasto k tomu m\u016f\u017ee doj\u00edt p\u0159\u00edmo uprost\u0159ed lidsk\u00fdch vztah\u016f a ru\u0161n\u00e9ho \u017eivota.&nbsp;<\/p>\n\n\n\n<p class=\"has-small-font-size\">Translated with DeepL.com (free version)<\/p>\n\n\n\n<p><\/p>\n","protected":false},"excerpt":{"rendered":"<p>vnit\u0159n\u00ed svoboda ve sv\u011bt\u011b: Samota je odv\u00e1\u017en\u00e9 setk\u00e1n\u00ed s na\u0161\u00edm nah\u00fdm, nejsyrov\u011bj\u0161\u00edm a nejskute\u010dn\u011bj\u0161\u00edm j\u00e1 v p\u0159\u00edtomnosti \u010dist\u00e9 l\u00e1sky. Pom\u011brn\u011b \u010dasto k tomu m\u016f\u017ee doj\u00edt p\u0159\u00edmo uprost\u0159ed lidsk\u00fdch vztah\u016f a ru\u0161n\u00e9ho \u017eivota.\u00a0<\/p>\n","protected":false},"author":1,"featured_media":11007,"comment_status":"open","ping_status":"open","sticky":false,"template":"","format":"standard","meta":{"footnotes":""},"categories":[198],"tags":[994,993,2141,515],"class_list":["post-11049","post","type-post","status-publish","format-standard","has-post-thumbnail","hentry","category-richard-rohr-ofm-centrum-pro-zivot-a-rozjimani","tag-cela","tag-samota","tag-skutecne-ja","tag-vnitrni-ja","latest_post"],"_links":{"self":[{"href":"https:\/\/www.frantiskani.cz\/index.php\/wp-json\/wp\/v2\/posts\/11049","targetHints":{"allow":["GET"]}}],"collection":[{"href":"https:\/\/www.frantiskani.cz\/index.php\/wp-json\/wp\/v2\/posts"}],"about":[{"href":"https:\/\/www.frantiskani.cz\/index.php\/wp-json\/wp\/v2\/types\/post"}],"author":[{"embeddable":true,"href":"https:\/\/www.frantiskani.cz\/index.php\/wp-json\/wp\/v2\/users\/1"}],"replies":[{"embeddable":true,"href":"https:\/\/www.frantiskani.cz\/index.php\/wp-json\/wp\/v2\/comments?post=11049"}],"version-history":[{"count":1,"href":"https:\/\/www.frantiskani.cz\/index.php\/wp-json\/wp\/v2\/posts\/11049\/revisions"}],"predecessor-version":[{"id":11050,"href":"https:\/\/www.frantiskani.cz\/index.php\/wp-json\/wp\/v2\/posts\/11049\/revisions\/11050"}],"wp:featuredmedia":[{"embeddable":true,"href":"https:\/\/www.frantiskani.cz\/index.php\/wp-json\/wp\/v2\/media\/11007"}],"wp:attachment":[{"href":"https:\/\/www.frantiskani.cz\/index.php\/wp-json\/wp\/v2\/media?parent=11049"}],"wp:term":[{"taxonomy":"category","embeddable":true,"href":"https:\/\/www.frantiskani.cz\/index.php\/wp-json\/wp\/v2\/categories?post=11049"},{"taxonomy":"post_tag","embeddable":true,"href":"https:\/\/www.frantiskani.cz\/index.php\/wp-json\/wp\/v2\/tags?post=11049"}],"curies":[{"name":"wp","href":"https:\/\/api.w.org\/{rel}","templated":true}]}}