{"id":11053,"date":"2025-04-11T09:11:21","date_gmt":"2025-04-11T07:11:21","guid":{"rendered":"https:\/\/www.frantiskani.cz\/?p=11053"},"modified":"2025-04-11T09:11:23","modified_gmt":"2025-04-11T07:11:23","slug":"pouste-v-nasich-zivotech","status":"publish","type":"post","link":"https:\/\/www.frantiskani.cz\/index.php\/2025\/04\/11\/pouste-v-nasich-zivotech\/","title":{"rendered":"Pou\u0161t\u011b v na\u0161ich \u017eivotech"},"content":{"rendered":"\n<h6 class=\"wp-block-heading\">Patn\u00e1ct\u00fd t\u00fdden: Moudrost pou\u0161t\u011b<\/h6>\n\n\n\n<p><em>Autorka a podcasterka Cassidy Hallov\u00e1 zkoum\u00e1 pou\u0161\u0165 jako metaforu t\u011b\u017ek\u00fdch obdob\u00ed v na\u0161ich \u017eivotech:&nbsp;<\/em><\/p>\n\n\n\n<h4 class=\"wp-block-heading\">A\u017e na d\u0159e\u0148 v samot\u011b<\/h4>\n\n\n\n<p>N\u011bkdy n\u00e1s pou\u0161tn\u00ed podm\u00ednky vyb\u00edzej\u00ed k tomu, abychom se zbavili v\u0161eho nepot\u0159ebn\u00e9ho a v\u0161eho, co n\u00e1m br\u00e1n\u00ed v kut\u00e1n\u00ed vp\u0159ed&#8230;.. Pou\u0161\u0165 n\u00e1s destiluje do absolutn\u00ed syrovosti toho, k\u00fdm jsme, a pt\u00e1 se n\u00e1s, k\u00fdm chceme b\u00fdt. Pou\u0161\u0165 si v\u017edy najde zp\u016fsob, jak odhalit j\u00e1dro na\u0161eho lidstv\u00ed v cel\u00e9 jeho obna\u017een\u00e9 zranitelnosti. A my mus\u00edme pro\u017e\u00edt okam\u017eiky pou\u0161t\u011b, abychom p\u0159e\u017eili. Slova \u017eivota n\u00e1s dostanou do dal\u0161\u00edho dne. Vybran\u00e9 i nevybran\u00e9 pou\u0161t\u011b je t\u0159eba p\u0159ekra\u010dovat&#8230;.. Jak nazna\u010duj\u00ed pou\u0161tn\u00ed mni\u0161i, jedinou cestou p\u0159es pou\u0161t\u011b \u017eivota je setrvat v praxi zkoum\u00e1n\u00ed sebe sama, setrvat v Bo\u017e\u00ed p\u0159\u00edtomnosti, kdy\u017e se odhalujeme, abychom skute\u010dn\u011b vid\u011bli a byli&#8230;..&nbsp;<\/p>\n\n\n\n<h4 class=\"wp-block-heading\">Dary pou\u0161t\u011b jsou skute\u010dn\u00e9<\/h4>\n\n\n\n<p>I kdy\u017e o dary pou\u0161t\u011b nestoj\u00edm, v\u00edm, \u017ee jsou skute\u010dn\u00e9; \u010dasem je budu schopen p\u0159ijmout. Nevybran\u00e9 pou\u0161t\u011b m\u00e9ho \u017eivota byly \u010dasto m\u00edsty m\u00e9ho nejhlub\u0161\u00edho r\u016fstu, kde jsem nalezl limin\u00e1ln\u00ed pozn\u00e1n\u00ed, uzdraven\u00ed, nov\u00e9 vrstvy zranitelnosti a tich\u00fd rozkv\u011bt. P\u0159ipom\u00edn\u00e1m si slova \u017eivota, kter\u00e1 ke mn\u011b p\u0159ich\u00e1zela v minul\u00fdch zku\u0161enostech, v\u010detn\u011b slov a moudrosti, kter\u00e9 jsem obdr\u017eel od ran\u00fdch i modern\u00edch pou\u0161tn\u00edch mnich\u016f&#8230;..&nbsp;<\/p>\n\n\n\n<h4 class=\"wp-block-heading\">Pochopit sebe sama a sv\u00e9 m\u00edsto v komunit\u011b<\/h4>\n\n\n\n<p>V\u011bt\u0161ina pou\u0161tn\u00edch mnich\u016f se zav\u00e1zala k ur\u010dit\u00e9mu rytmu kombinuj\u00edc\u00edmu modlitbu, sebereflexi a hled\u00e1n\u00ed Boha. A uprost\u0159ed tohoto z\u00e1vazku nab\u00edzela pou\u0161tn\u00ed krajina vlastn\u00ed pozv\u00e1n\u00ed do hloubky, k r\u016fstu a p\u0159ipom\u00ednku, \u017ee nikdy nejsme sami. Pou\u0161tn\u00ed rostliny, stejn\u011b jako pou\u0161tn\u00ed mni\u0161i, n\u00e1s znovu u\u010d\u00ed o nutnosti prohloubit sv\u00e9 ko\u0159eny. Pou\u0161t\u00ed si neseme jen to, co mus\u00edme: na\u0161i z\u00e1vislost na ko\u0159enov\u00fdch syst\u00e9mech, komunitn\u00ed p\u00e9\u010di a vz\u00e1jemn\u00e9m propojen\u00ed; jasnost pozn\u00e1n\u00ed, kter\u00e9 kousky n\u00e1s sam\u00fdch mus\u00ed zem\u0159\u00edt; a nad\u010dasovou lekci, jak poznat a pochopit sebe sama d\u016fv\u011brn\u011bji.<\/p>\n\n\n\n<p><em>D\u00edky zku\u0161enostem z pou\u0161t\u011b se u\u010d\u00edme hloub\u011bji pe\u010dovat o sebe i o sv\u011bt:&nbsp;<\/em><\/p>\n\n\n\n<h4 class=\"wp-block-heading\">Pou\u0161t\u00ed je mnoho &#8211; prostor\u016f pro tebe<\/h4>\n\n\n\n<p>Pou\u0161t\u00ed je mnoho. Vybran\u00e1 i nevybran\u00e1 pou\u0161tn\u00ed setk\u00e1n\u00ed mi otev\u0159ela mo\u017enost vid\u011bt a za\u017e\u00edt v sob\u011b v\u00edce prostoru pro cel\u00fd sv\u011bt &#8211; n\u00e9st sebe, milovan\u00e9 a sv\u011bt s otev\u0159en\u00fdma rukama; se soucitn\u00fdm, zraniteln\u00fdm a n\u011b\u017en\u00fdm p\u0159ijet\u00edm. Odtud rozpozn\u00e1v\u00e1m svou schopnost p\u016fsobit ve sv\u011bt\u011b s hlub\u0161\u00ed jasnost\u00ed o tom, kdo jsem a co m\u00e1m \u0159\u00edkat &#8211; nebo se projevovat&#8230;..&nbsp;<\/p>\n\n\n\n<h4 class=\"wp-block-heading\">Prostory samoty jsou posv\u00e1tn\u00e9<\/h4>\n\n\n\n<p>V prostornosti samoty se otev\u00edr\u00e1me pravd\u011b o sob\u011b sam\u00fdch. Hloub\u011bji zako\u0159e\u0148ujeme, zkoum\u00e1me, zbavujeme se a zjem\u0148ujeme. I v pou\u0161tn\u00edch okam\u017eic\u00edch ka\u017edodenn\u00edho \u017eivota jsme zv\u00e1ni k obnov\u011b, kdy se z\u00e1zrak nejistoty setk\u00e1v\u00e1 s posv\u00e1tn\u00fdm zastaven\u00edm uprost\u0159ed ru\u0161n\u00e9ho dne. A t\u00e9m\u011b\u0159 v\u017edy jsou pou\u0161tn\u00ed prostory m\u00edsty a okam\u017eiky paradoxu: pozn\u00e1n\u00ed uprost\u0159ed nev\u011bd\u011bn\u00ed, osv\u011b\u017een\u00ed na vyprahl\u00fdch m\u00edstech, \u017eivot uprost\u0159ed smrti, plodnost v neplodnosti, p\u016flno\u010dn\u00ed rozkv\u011bt a p\u0159ijet\u00ed ro\u010dn\u00edch obdob\u00ed.<\/p>\n\n\n\n<p class=\"has-small-font-size\">Translated with DeepL.com (free version)<\/p>\n","protected":false},"excerpt":{"rendered":"<p>prosotry pro tebe v samot\u011b<br \/>\nV prostornosti samoty se otev\u00edr\u00e1me pravd\u011b o sob\u011b sam\u00fdch. Hloub\u011bji zako\u0159e\u0148ujeme, zkoum\u00e1me, zbavujeme se a zjem\u0148ujeme. I v pou\u0161tn\u00edch okam\u017eic\u00edch ka\u017edodenn\u00edho \u017eivota jsme zv\u00e1ni k obnov\u011b, kdy se z\u00e1zrak nejistoty setk\u00e1v\u00e1 s posv\u00e1tn\u00fdm zastaven\u00edm uprost\u0159ed ru\u0161n\u00e9ho dne. A t\u00e9m\u011b\u0159 v\u017edy jsou pou\u0161tn\u00ed prostory m\u00edsty a okam\u017eiky paradoxu: pozn\u00e1n\u00ed uprost\u0159ed nev\u011bd\u011bn\u00ed, osv\u011b\u017een\u00ed na vyprahl\u00fdch m\u00edstech, \u017eivot uprost\u0159ed smrti, plodnost v neplodnosti, p\u016flno\u010dn\u00ed rozkv\u011bt a p\u0159ijet\u00ed ro\u010dn\u00edch obdob\u00ed.<\/p>\n","protected":false},"author":1,"featured_media":11007,"comment_status":"open","ping_status":"open","sticky":false,"template":"","format":"standard","meta":{"footnotes":""},"categories":[198],"tags":[544,2142,993],"class_list":["post-11053","post","type-post","status-publish","format-standard","has-post-thumbnail","hentry","category-richard-rohr-ofm-centrum-pro-zivot-a-rozjimani","tag-poust","tag-poznani-sebe-sama","tag-samota","latest_post"],"_links":{"self":[{"href":"https:\/\/www.frantiskani.cz\/index.php\/wp-json\/wp\/v2\/posts\/11053","targetHints":{"allow":["GET"]}}],"collection":[{"href":"https:\/\/www.frantiskani.cz\/index.php\/wp-json\/wp\/v2\/posts"}],"about":[{"href":"https:\/\/www.frantiskani.cz\/index.php\/wp-json\/wp\/v2\/types\/post"}],"author":[{"embeddable":true,"href":"https:\/\/www.frantiskani.cz\/index.php\/wp-json\/wp\/v2\/users\/1"}],"replies":[{"embeddable":true,"href":"https:\/\/www.frantiskani.cz\/index.php\/wp-json\/wp\/v2\/comments?post=11053"}],"version-history":[{"count":2,"href":"https:\/\/www.frantiskani.cz\/index.php\/wp-json\/wp\/v2\/posts\/11053\/revisions"}],"predecessor-version":[{"id":11055,"href":"https:\/\/www.frantiskani.cz\/index.php\/wp-json\/wp\/v2\/posts\/11053\/revisions\/11055"}],"wp:featuredmedia":[{"embeddable":true,"href":"https:\/\/www.frantiskani.cz\/index.php\/wp-json\/wp\/v2\/media\/11007"}],"wp:attachment":[{"href":"https:\/\/www.frantiskani.cz\/index.php\/wp-json\/wp\/v2\/media?parent=11053"}],"wp:term":[{"taxonomy":"category","embeddable":true,"href":"https:\/\/www.frantiskani.cz\/index.php\/wp-json\/wp\/v2\/categories?post=11053"},{"taxonomy":"post_tag","embeddable":true,"href":"https:\/\/www.frantiskani.cz\/index.php\/wp-json\/wp\/v2\/tags?post=11053"}],"curies":[{"name":"wp","href":"https:\/\/api.w.org\/{rel}","templated":true}]}}