{"id":11076,"date":"2025-04-14T09:29:22","date_gmt":"2025-04-14T07:29:22","guid":{"rendered":"https:\/\/www.frantiskani.cz\/?p=11076"},"modified":"2025-04-14T09:32:57","modified_gmt":"2025-04-14T07:32:57","slug":"uvolneni-do-noveho-zivota","status":"publish","type":"post","link":"https:\/\/www.frantiskani.cz\/index.php\/2025\/04\/14\/uvolneni-do-noveho-zivota\/","title":{"rendered":"Uvoln\u011bn\u00ed do nov\u00e9ho \u017eivota"},"content":{"rendered":"\n<h6 class=\"wp-block-heading\">\u0160estn\u00e1ct\u00fd t\u00fdden: Pond\u011bl\u00ed, 14. dubna 2025<\/h6>\n\n\n\n<p><em>Ztr\u00e1ty vytv\u00e1\u0159ej\u00ed p\u0159\u00edle\u017eitosti k tomu, abychom si procvi\u010dili uvoln\u011bn\u00ed sv\u00fdch vazeb k tomu, k\u00fdm si mysl\u00edme, \u017ee jsme. Richard Rohr p\u00ed\u0161e:<\/em><\/p>\n\n\n\n<h4 class=\"wp-block-heading\">Utrpen\u00ed uvoln\u00ed spoutanost k&nbsp;mal\u00e9mu j\u00e1<\/h4>\n\n\n\n<p>N\u011bjak\u00e1 forma utrpen\u00ed nebo smrti &#8211; psychologick\u00e1, duchovn\u00ed, vztahov\u00e1 nebo fyzick\u00e1 &#8211; je jedin\u00fdm zp\u016fsobem, jak uvolnit pouta k na\u0161emu mal\u00e9mu a odd\u011blen\u00e9mu j\u00e1. Teprve pak se objev\u00ed v\u011bt\u0161\u00ed j\u00e1, kter\u00e9 bychom mohli nazvat Vzk\u0159\u00ed\u0161en\u00fdm Kristem, du\u0161\u00ed nebo prav\u00fdm j\u00e1.<\/p>\n\n\n\n<h4 class=\"wp-block-heading\">Ego se prom\u011b\u0148uje u\u017e ve f\u00e1zi um\u00edr\u00e1n\u00ed<\/h4>\n\n\n\n<p>Fyzick\u00fd proces prom\u011bny skrze um\u00edr\u00e1n\u00ed v\u00fdsti\u017en\u011b vyj\u00e1d\u0159ila Kathleen Dowling Singhov\u00e1, kter\u00e1 sv\u016fj \u017eivot str\u00e1vila prac\u00ed v hospici: &#8222;Oby\u010dejn\u00e1 mysl [fale\u0161n\u00e9 j\u00e1] a jej\u00ed iluze um\u00edraj\u00ed p\u0159i zku\u0161enosti bl\u00edzk\u00e9 smrti. Kdy\u017e n\u00e1s smrt odn\u00e1\u0161\u00ed, nen\u00ed u\u017e mo\u017en\u00e9 p\u0159edst\u00edrat, \u017ee to, k\u00fdm jsme, je na\u0161e ego. Ego se prom\u011b\u0148uje u\u017e p\u0159i samotn\u00e9m odn\u00e1\u0161en\u00ed.&#8220; [1] Proto tolik duchovn\u00edch u\u010ditel\u016f \u0159\u00edk\u00e1, \u017ee mus\u00edme zem\u0159\u00edt d\u0159\u00edve, ne\u017e zem\u0159eme.<\/p>\n\n\n\n<h4 class=\"wp-block-heading\">konverze<\/h4>\n\n\n\n<p>P\u0159\u00edli\u0161 br\u00e1n\u011bn\u00e9 ego je m\u00edstem, kde p\u0159eb\u00fdv\u00e1me p\u0159ed t\u011bmito tolik pot\u0159ebn\u00fdmi smrtmi. Prav\u00e9 j\u00e1 (neboli \u201edu\u0161e\u201c) se pro n\u00e1s st\u00e1v\u00e1 skute\u010dn\u00fdm a\u017e pot\u00e9, co projdeme smrt\u00ed a vyjdeme z n\u00ed na druh\u00e9 stran\u011b mnohem v\u011bt\u0161\u00ed a moud\u0159ej\u0161\u00ed. To je to, co m\u00e1me na mysli pod pojmem transformace, konverze nebo osv\u00edcen\u00ed. [2]<\/p>\n\n\n\n<p><em>V\u016fdkyn\u011b za ob\u010dansk\u00e1 pr\u00e1va Rosemarie Freeney Hardingov\u00e1 nab\u00eddla soucitn\u00fd p\u0159\u00edklad nelp\u011bn\u00ed, a to i na samotn\u00e9m \u017eivot\u011b. Jej\u00ed dcera Rachel vypr\u00e1v\u00ed, jak Freeney Hardingov\u00e1 sed\u011bla s um\u00edraj\u00edc\u00edmi:&nbsp;&nbsp;<\/em><\/p>\n\n\n\n<h4 class=\"wp-block-heading\">Smrt\u00ed v\u0161echno nekon\u010d\u00ed<\/h4>\n\n\n\n<p>Maminka si chodila sednout k t\u011bm, kte\u0159\u00ed odtud odch\u00e1zeli. D\u011blala jim spole\u010dnost. Vzala s sebou j\u00eddlo a p\u0159\u00edb\u011bhy a rodinu a ticho, aby si v posledn\u00edch hodin\u00e1ch mohli vzpomenout na n\u011bco kr\u00e1sn\u00e9ho.&nbsp;<\/p>\n\n\n\n<p>Smrt\u00ed v\u0161echno nekon\u010d\u00ed. To, co p\u0159ijde po smrti, je stejn\u011b d\u016fle\u017eit\u00e9 jako to, co p\u0159ijde p\u0159ed n\u00ed. Praktikujte Dharmu, abyste po smrti zanechali siln\u00fd pozitivn\u00ed otisk.&nbsp;<\/p>\n\n\n\n<p>V\u011bd\u011bt tak\u00e9, jak prov\u00e9st odlou\u010den\u00ed: Posledn\u00ed rozhovor. Posledn\u00ed sousto j\u00eddla. \u010clov\u011bk se mus\u00ed zcela odd\u011blit.&nbsp;<\/p>\n\n\n\n<h4 class=\"wp-block-heading\">Odch\u00e1z\u00edme sami<\/h4>\n\n\n\n<p>Kdy\u017e tat\u00ednek [aktivista za ob\u010dansk\u00e1 pr\u00e1va Vincent Harding] zem\u0159el, maminka sed\u011bla u jeho postele a on se j\u00ed zeptal, jestli p\u016fjde s n\u00edm. Po\u0161eptala mu: &#8222;Ne, bl\u00e1zne! Zbl\u00e1znil ses?&#8220; L\u00edbala ho, plakala a dr\u017eela ho za ruku. \u0158ekla mu, \u017ee ne. V\u0161ichni se mu sna\u017eili ud\u011blat co nejv\u011bt\u0161\u00ed pohodl\u00ed, kdy\u017e odch\u00e1zel. Ale on musel odej\u00edt s\u00e1m. \u010cekali na druh\u00e9 stran\u011b &#8211; maminka Kate\u0159ina a oni &#8211; tat\u00ednkovi lid\u00e9. Maminka to v\u011bd\u011bla.&nbsp;<\/p>\n\n\n\n<h4 class=\"wp-block-heading\">U Boha je mnoho p\u0159\u00edbytk\u016f<\/h4>\n\n\n\n<p>(V otcov\u011b dom\u011b je mnoho pokoj\u016f. Jdu p\u0159ipravit m\u00edsto, abyste tam, kde jsem j\u00e1, byli i vy.) Buddha \u0161el nap\u0159ed, aby zjistil, co je skute\u010dn\u00e9. Maminka p\u0159inesla skute\u010dnost do na\u0161eho domova, dala n\u00e1m p\u0159\u00edklad a poslala n\u00e1s do sv\u011bta, abychom se cvi\u010dili. [3]<\/p>\n\n\n\n<p>Richard Rohr uzav\u00edr\u00e1:&nbsp;<\/p>\n\n\n\n<h4 class=\"wp-block-heading\">Cokoli men\u0161\u00edho ne\u017e smrt fale\u0161n\u00e9ho j\u00e1 je zbyte\u010dn\u00e9 n\u00e1bo\u017eenstv\u00ed<\/h4>\n\n\n\n<p>Cokoli men\u0161\u00edho ne\u017e smrt fale\u0161n\u00e9ho j\u00e1 je zbyte\u010dn\u00e9 n\u00e1bo\u017eenstv\u00ed. Vyroben\u00e9 fale\u0161n\u00e9 j\u00e1 mus\u00ed zem\u0159\u00edt, aby prav\u00e9 j\u00e1 mohlo \u017e\u00edt, nebo jak \u0159\u00edk\u00e1 s\u00e1m Je\u017e\u00ed\u0161: \u201eNeodejdu-li j\u00e1, nem\u016f\u017ee p\u0159ij\u00edt Duch\u201c (Jan 16,7). Teologicky \u0159e\u010deno, Je\u017e\u00ed\u0161 (dobr\u00fd jednotliv\u00fd \u010dlov\u011bk) musel zem\u0159\u00edt, aby mohl povstat Kristus (univerz\u00e1ln\u00ed p\u0159\u00edtomnost). To je univerz\u00e1ln\u00ed vzor prom\u011bny. [4]<\/p>\n\n\n\n<p class=\"has-small-font-size\">Translated with DeepL.com (free version)<\/p>\n","protected":false},"excerpt":{"rendered":"<p>Cokoli men\u0161\u00edho ne\u017e smrt fale\u0161n\u00e9ho j\u00e1 je zbyte\u010dn\u00e9 n\u00e1bo\u017eenstv\u00ed. Vyroben\u00e9 fale\u0161n\u00e9 j\u00e1 mus\u00ed zem\u0159\u00edt, aby prav\u00e9 j\u00e1 mohlo \u017e\u00edt, nebo jak \u0159\u00edk\u00e1 s\u00e1m Je\u017e\u00ed\u0161: \u201eNeodejdu-li j\u00e1, nem\u016f\u017ee p\u0159ij\u00edt Duch\u201c (Jan 16,7). Teologicky \u0159e\u010deno, Je\u017e\u00ed\u0161 (dobr\u00fd jednotliv\u00fd \u010dlov\u011bk) musel zem\u0159\u00edt, aby mohl povstat Kristus (univerz\u00e1ln\u00ed p\u0159\u00edtomnost). To je univerz\u00e1ln\u00ed vzor prom\u011bny. <\/p>\n","protected":false},"author":1,"featured_media":11069,"comment_status":"open","ping_status":"open","sticky":false,"template":"","format":"standard","meta":{"footnotes":""},"categories":[198],"tags":[361,1008,2145],"class_list":["post-11076","post","type-post","status-publish","format-standard","has-post-thumbnail","hentry","category-richard-rohr-ofm-centrum-pro-zivot-a-rozjimani","tag-ego","tag-pripoutanost","tag-smrt-ja","latest_post"],"_links":{"self":[{"href":"https:\/\/www.frantiskani.cz\/index.php\/wp-json\/wp\/v2\/posts\/11076","targetHints":{"allow":["GET"]}}],"collection":[{"href":"https:\/\/www.frantiskani.cz\/index.php\/wp-json\/wp\/v2\/posts"}],"about":[{"href":"https:\/\/www.frantiskani.cz\/index.php\/wp-json\/wp\/v2\/types\/post"}],"author":[{"embeddable":true,"href":"https:\/\/www.frantiskani.cz\/index.php\/wp-json\/wp\/v2\/users\/1"}],"replies":[{"embeddable":true,"href":"https:\/\/www.frantiskani.cz\/index.php\/wp-json\/wp\/v2\/comments?post=11076"}],"version-history":[{"count":1,"href":"https:\/\/www.frantiskani.cz\/index.php\/wp-json\/wp\/v2\/posts\/11076\/revisions"}],"predecessor-version":[{"id":11077,"href":"https:\/\/www.frantiskani.cz\/index.php\/wp-json\/wp\/v2\/posts\/11076\/revisions\/11077"}],"wp:featuredmedia":[{"embeddable":true,"href":"https:\/\/www.frantiskani.cz\/index.php\/wp-json\/wp\/v2\/media\/11069"}],"wp:attachment":[{"href":"https:\/\/www.frantiskani.cz\/index.php\/wp-json\/wp\/v2\/media?parent=11076"}],"wp:term":[{"taxonomy":"category","embeddable":true,"href":"https:\/\/www.frantiskani.cz\/index.php\/wp-json\/wp\/v2\/categories?post=11076"},{"taxonomy":"post_tag","embeddable":true,"href":"https:\/\/www.frantiskani.cz\/index.php\/wp-json\/wp\/v2\/tags?post=11076"}],"curies":[{"name":"wp","href":"https:\/\/api.w.org\/{rel}","templated":true}]}}