{"id":11080,"date":"2025-04-15T08:13:41","date_gmt":"2025-04-15T06:13:41","guid":{"rendered":"https:\/\/www.frantiskani.cz\/?p=11080"},"modified":"2025-04-15T08:13:43","modified_gmt":"2025-04-15T06:13:43","slug":"odevzdani-vseho","status":"publish","type":"post","link":"https:\/\/www.frantiskani.cz\/index.php\/2025\/04\/15\/odevzdani-vseho\/","title":{"rendered":"Odevzd\u00e1n\u00ed v\u0161eho"},"content":{"rendered":"\n<h6 class=\"wp-block-heading\">\u0160estn\u00e1ct\u00fd t\u00fdden: \u00dater\u00fd, 15. dubna 2025<\/h6>\n\n\n\n<p><em>Episkop\u00e1ln\u00ed kn\u011bz a emeritn\u00ed profesor CAC Cynthia Bourgeault popisuje, jak m\u016f\u017eeme n\u00e1sledovat cestu sestupu podle Je\u017e\u00ed\u0161ova vzoru:<\/em><\/p>\n\n\n\n<h4 class=\"wp-block-heading\">Kristovo sm\u00fd\u0161len\u00ed<\/h4>\n\n\n\n<p>V Je\u017e\u00ed\u0161i se v\u0161e d\u011bje kolem jedin\u00e9ho t\u011b\u017ei\u0161t\u011b&#8230;.. V \u0159e\u010dtin\u011b sloveso kenosein znamen\u00e1 \u201enechat j\u00edt\u201c nebo \u201evypr\u00e1zdnit se\u201c a pr\u00e1v\u011b toto slovo vol\u00ed Pavel v kl\u00ed\u010dov\u00e9m okam\u017eiku sv\u00e9ho slavn\u00e9ho u\u010den\u00ed v listu Filipan\u016fm 2,5-11, aby popsal, v \u010dem spo\u010d\u00edv\u00e1 \u201eKristovo sm\u00fd\u0161len\u00ed\u201c&#8230;.<\/p>\n\n\n\n<h4 class=\"wp-block-heading\">Sebeob\u011btov\u00e1n\u00ed \u2013 vypr\u00e1zdnil s\u00e1m sebe<\/h4>\n\n\n\n<p>V tomto kr\u00e1sn\u00e9m chvalozp\u011bvu Pavel uzn\u00e1v\u00e1, \u017ee Je\u017e\u00ed\u0161 m\u011bl pouze jeden \u201ezp\u016fsob fungov\u00e1n\u00ed\u201c. V\u0161echno, co d\u011blal, d\u011blal skrze sebeob\u011btov\u00e1n\u00ed. Vypr\u00e1zdnil s\u00e1m sebe a sestoupil do lidsk\u00e9 podoby. A je\u0161t\u011b v\u00edce se vypr\u00e1zdnil (\u201ea\u017e k smrti na k\u0159\u00ed\u017ei\u201c) a propadl se na dno, aby se vr\u00e1til do \u0159\u00ed\u0161e vl\u00e1dy a sl\u00e1vy. A\u0165 u\u017e se Je\u017e\u00ed\u0161 ocitl v jak\u00e9koli \u017eivotn\u00ed situaci, v\u017edy reagoval stejn\u00fdm pohybem sebevypr\u00e1zdn\u011bn\u00ed &#8211; nebo jinak \u0159e\u010deno, stejn\u00fdm pohybem sestupu: sestoupil n\u00ed\u017e, zaujal ni\u017e\u0161\u00ed m\u00edsto, nikoli vy\u0161\u0161\u00ed&#8230;..&nbsp;<\/p>\n\n\n\n<h4 class=\"wp-block-heading\">Sta\u0148 se tv\u00e1 v\u016fle<\/h4>\n\n\n\n<p>Je to cesta, po kter\u00e9 on s\u00e1m kr\u00e1\u010del a\u017e do sam\u00e9ho konce. V Getsemansk\u00e9 zahrad\u011b, kdy\u017e se u br\u00e1ny shrom\u00e1\u017edili jeho zr\u00e1dci a \u017ealobci, bojoval a tr\u00e1pil se, ale z\u016fstal v\u011brn\u00fd sv\u00e9mu sm\u011b\u0159ov\u00e1n\u00ed. Nehromadit, nelp\u011bt &#8211; ani na samotn\u00e9m \u017eivot\u011b. Nech to b\u00fdt, nech to b\u00fdt &#8211; &#8222;Ne m\u00e1 v\u016fle, ale tv\u00e1 se sta\u0148, Pane. Do tv\u00fdch rukou odevzd\u00e1v\u00e1m sv\u00e9ho ducha.&#8220;&nbsp;<\/p>\n\n\n\n<h4 class=\"wp-block-heading\">Darovan\u00e1 l\u00e1ska<\/h4>\n\n\n\n<p>Tak p\u0159i\u0161el a tak ode\u0161el, pln\u011b se odevzdal \u017eivotu a smrti, ztratil se, promarnil se, \u201ehazardoval s ka\u017ed\u00fdm darem, kter\u00fd B\u016fh d\u00e1v\u00e1\u201c. Nebyla to shrom\u00e1\u017ed\u011bn\u00e1 l\u00e1ska, ale l\u00e1ska zcela vylit\u00e1, kter\u00e1 mu otev\u0159ela br\u00e1nu do nebesk\u00e9ho kr\u00e1lovstv\u00ed.&nbsp;<\/p>\n\n\n\n<h4 class=\"wp-block-heading\">Na ni\u010dem nelp\u011bt<\/h4>\n\n\n\n<p>Je\u017e\u00ed\u0161 p\u0159ed n\u00e1s st\u00e1le znovu a znovu stav\u00ed tuto cestu. Nen\u00ed t\u0159eba se ni\u010deho z\u0159\u00edkat ani se j\u00ed br\u00e1nit. V\u0161echno lze p\u0159ijmout, ale h\u00e1\u010dek je v tom, \u017ee na ni\u010dem nelp\u00edme. Nechte to j\u00edt. Proch\u00e1z\u00edte \u017eivotem, jako kdy\u017e n\u016f\u017e proch\u00e1z\u00ed hotov\u00fdm kol\u00e1\u010dem, nic nezved\u00e1te, na ni\u010dem nelp\u00edte, na ni\u010dem nelp\u00edte. A zakotveni v t\u00e9to z\u00e1kladn\u00ed \u010distot\u011b sv\u00e9 bytosti se pak m\u016f\u017eete vrhnout ven, vyl\u00edt se, b\u00fdt schopni v\u0161e vr\u00e1tit, dokonce vr\u00e1tit \u017eivot s\u00e1m. To je v kostce kenotick\u00e1 cesta. Je to velmi, velmi jednoduch\u00e9. Jen to stoj\u00ed v\u0161echno. [1]<\/p>\n\n\n\n<p><em>Hlubinn\u00fd psycholog a kontemplativn\u00ed autor David Benner pova\u017euje Je\u017e\u00ed\u0161e za vzor odevzd\u00e1n\u00ed se do Bo\u017e\u00ed v\u016fle:<\/em><\/p>\n\n\n\n<h4 class=\"wp-block-heading\">Bu\u010f v\u016fle tv\u00e1 &#8211; modlitba<\/h4>\n\n\n\n<p>Kristus je zt\u011blesn\u011bn\u00edm \u017eivota \u017eit\u00e9ho s ochotou. \u201eBu\u010f v\u016fle tv\u00e1,\u201c modlil se v takzvan\u00e9 modlitb\u011b P\u00e1n\u011b (Mt 6,10). A nejen v modlitb\u011b, on tento postoj up\u0159ednost\u0148ov\u00e1n\u00ed Bo\u017e\u00ed v\u016fle p\u0159ed svou vlastn\u00ed i \u017eil. K\u0159es\u0165ansk\u00e1 spiritualita je n\u00e1sledov\u00e1n\u00ed Krista v tomto sebeodevzd\u00e1n\u00ed. Je to n\u00e1sledov\u00e1n\u00ed jeho p\u0159\u00edkladu dobrovoln\u00e9ho odevzd\u00e1n\u00ed se&#8230;..&nbsp;<\/p>\n\n\n\n<h4 class=\"wp-block-heading\">Odevzd\u00e1n\u00ed se Bo\u017e\u00ed v\u016fli a milostiv\u00e9mu Duchu<\/h4>\n\n\n\n<p>\u017divot v hojnosti, kter\u00fd je n\u00e1m v Kristu zasl\u00edben, nepoch\u00e1z\u00ed z uchopen\u00ed, ale z uvoln\u011bn\u00ed. Nep\u0159ich\u00e1z\u00ed z usilov\u00e1n\u00ed, ale z od\u0159\u00edk\u00e1n\u00ed. Nep\u0159ich\u00e1z\u00ed ani tak z bran\u00ed, jako z d\u00e1v\u00e1n\u00ed. Odevzd\u00e1n\u00ed je z\u00e1kladn\u00ed dynamikou k\u0159es\u0165ansk\u00e9 svobody &#8211; odevzd\u00e1n\u00ed m\u00e9ho \u00fasil\u00ed \u017e\u00edt sv\u016fj \u017eivot mimo dosah Bo\u017e\u00ed l\u00e1sky a odevzd\u00e1n\u00ed se Bo\u017e\u00ed v\u016fli a milostiv\u00e9mu Duchu. [2]<\/p>\n\n\n\n<p class=\"has-small-font-size\"><em>Translated with DeepL.com (free version)<\/em><\/p>\n\n\n\n<p><\/p>\n","protected":false},"excerpt":{"rendered":"<p>Nen\u00ed t\u0159eba se ni\u010deho z\u0159\u00edkat ani se j\u00ed br\u00e1nit. V\u0161echno lze p\u0159ijmout, ale h\u00e1\u010dek je v tom, \u017ee na ni\u010dem nelp\u00edme. Nechte to j\u00edt. Proch\u00e1z\u00edte \u017eivotem, jako kdy\u017e n\u016f\u017e proch\u00e1z\u00ed hotov\u00fdm kol\u00e1\u010dem, nic nezved\u00e1te, na ni\u010dem nelp\u00edte, na ni\u010dem nelp\u00edte. A zakotveni v t\u00e9to z\u00e1kladn\u00ed \u010distot\u011b sv\u00e9 bytosti se pak m\u016f\u017eete vrhnout ven, vyl\u00edt se, b\u00fdt schopni v\u0161e vr\u00e1tit, dokonce vr\u00e1tit \u017eivot s\u00e1m. To je v kostce kenotick\u00e1 cesta. Je to velmi, velmi jednoduch\u00e9. Jen to stoj\u00ed v\u0161echno.<\/p>\n","protected":false},"author":1,"featured_media":11069,"comment_status":"open","ping_status":"open","sticky":false,"template":"","format":"standard","meta":{"footnotes":""},"categories":[198],"tags":[2147,344,2148],"class_list":["post-11080","post","type-post","status-publish","format-standard","has-post-thumbnail","hentry","category-richard-rohr-ofm-centrum-pro-zivot-a-rozjimani","tag-bud-vule-tva","tag-odevzdani-se","tag-sebeobetovani","latest_post"],"_links":{"self":[{"href":"https:\/\/www.frantiskani.cz\/index.php\/wp-json\/wp\/v2\/posts\/11080","targetHints":{"allow":["GET"]}}],"collection":[{"href":"https:\/\/www.frantiskani.cz\/index.php\/wp-json\/wp\/v2\/posts"}],"about":[{"href":"https:\/\/www.frantiskani.cz\/index.php\/wp-json\/wp\/v2\/types\/post"}],"author":[{"embeddable":true,"href":"https:\/\/www.frantiskani.cz\/index.php\/wp-json\/wp\/v2\/users\/1"}],"replies":[{"embeddable":true,"href":"https:\/\/www.frantiskani.cz\/index.php\/wp-json\/wp\/v2\/comments?post=11080"}],"version-history":[{"count":1,"href":"https:\/\/www.frantiskani.cz\/index.php\/wp-json\/wp\/v2\/posts\/11080\/revisions"}],"predecessor-version":[{"id":11081,"href":"https:\/\/www.frantiskani.cz\/index.php\/wp-json\/wp\/v2\/posts\/11080\/revisions\/11081"}],"wp:featuredmedia":[{"embeddable":true,"href":"https:\/\/www.frantiskani.cz\/index.php\/wp-json\/wp\/v2\/media\/11069"}],"wp:attachment":[{"href":"https:\/\/www.frantiskani.cz\/index.php\/wp-json\/wp\/v2\/media?parent=11080"}],"wp:term":[{"taxonomy":"category","embeddable":true,"href":"https:\/\/www.frantiskani.cz\/index.php\/wp-json\/wp\/v2\/categories?post=11080"},{"taxonomy":"post_tag","embeddable":true,"href":"https:\/\/www.frantiskani.cz\/index.php\/wp-json\/wp\/v2\/tags?post=11080"}],"curies":[{"name":"wp","href":"https:\/\/api.w.org\/{rel}","templated":true}]}}