{"id":11115,"date":"2025-04-19T08:51:42","date_gmt":"2025-04-19T06:51:42","guid":{"rendered":"https:\/\/www.frantiskani.cz\/?p=11115"},"modified":"2025-04-19T08:51:46","modified_gmt":"2025-04-19T06:51:46","slug":"laskyplne-odevzdani","status":"publish","type":"post","link":"https:\/\/www.frantiskani.cz\/index.php\/2025\/04\/19\/laskyplne-odevzdani\/","title":{"rendered":"L\u00e1skypln\u00e9 odevzd\u00e1n\u00ed"},"content":{"rendered":"\n<h6 class=\"wp-block-heading\">Shrnut\u00ed \u0161estn\u00e1ct\u00e9ho t\u00fddne<\/h6>\n\n\n\n<h6 class=\"wp-block-heading\">13. &#8211; 18. dubna 2025 &#8211; Sobota 19. dubna 2025- &nbsp;B\u00edl\u00e1 sobota<\/h6>\n\n\n\n<h4 class=\"wp-block-heading\">Ned\u011ble<\/h4>\n\n\n\n<p>D\u016fv\u011b\u0159uj dole a B\u016fh se postar\u00e1 naho\u0159e. Lidstvo tak z\u016fst\u00e1v\u00e1 solid\u00e1rn\u00ed s \u017eivotn\u00edm cyklem i mezi sebou navz\u00e1jem a nem\u00e1 pot\u0159ebu vytv\u00e1\u0159et si p\u0159\u00edb\u011bhy o \u00fasp\u011bchu nebo o ne\u00fasp\u011bchu druh\u00fdch. -Richard Rohr<\/p>\n\n\n\n<h4 class=\"wp-block-heading\">Pond\u011bl\u00ed<\/h4>\n\n\n\n<p>N\u011bjak\u00e1 forma utrpen\u00ed nebo smrti &#8211; psychick\u00e9, duchovn\u00ed, vztahov\u00e9 nebo fyzick\u00e9 &#8211; je jedin\u00fdm zp\u016fsobem, jak uvolnit pouta k na\u0161emu mal\u00e9mu a odd\u011blen\u00e9mu j\u00e1. Teprve pak se objev\u00ed v\u011bt\u0161\u00ed j\u00e1, kter\u00e9 bychom mohli nazvat Vzk\u0159\u00ed\u0161en\u00fdm Kristem, du\u0161\u00ed nebo prav\u00fdm j\u00e1. Richard Rohr<\/p>\n\n\n\n<h4 class=\"wp-block-heading\">\u00dater\u00fd<\/h4>\n\n\n\n<p>Je\u017e\u00ed\u0161 p\u0159ed n\u00e1s st\u00e1le znovu a znovu klade tuto cestu. Nen\u00ed t\u0159eba se ni\u010deho z\u0159\u00edkat ani se j\u00ed br\u00e1nit. V\u0161echno lze p\u0159ijmout, ale h\u00e1\u010dek je v tom, \u017ee na ni\u010dem nelp\u00edme. Nechte to j\u00edt. -Cynthia Bourgeault<\/p>\n\n\n\n<h4 class=\"wp-block-heading\">St\u0159eda<\/h4>\n\n\n\n<p>Abychom se vr\u00e1tili k l\u00e1sce, abychom poznali dokonalou l\u00e1sku, vzd\u00e1v\u00e1me se v\u016fle k moci. Pr\u00e1v\u011b toto odhalen\u00ed \u010din\u00ed texty P\u00edsma o dokonal\u00e9 l\u00e1sce tak prorock\u00fdmi a revolu\u010dn\u00edmi pro na\u0161i dobu. Nem\u016f\u017eeme poznat l\u00e1sku, pokud z\u016fstaneme neschopni vzd\u00e1t se sv\u00e9 n\u00e1klonnosti k moci. -bell hooks<\/p>\n\n\n\n<h4 class=\"wp-block-heading\">\u010dtvrtek<\/h4>\n\n\n\n<p>Odevzdat se bo\u017esk\u00e9mu proudu neznamen\u00e1 vzd\u00e1t se, kapitulovat, st\u00e1t se loutkou, b\u00fdt naivn\u00ed, nezodpov\u011bdn\u00fd nebo p\u0159estat pl\u00e1novat a p\u0159em\u00fd\u0161let. Odevzd\u00e1n\u00ed se znamen\u00e1 pokojn\u00e9 vnit\u0159n\u00ed otev\u0159en\u00ed, kter\u00e9 udr\u017euje pr\u016ftok \u017eiv\u00e9 vody k l\u00e1sce. -Richard Rohr<\/p>\n\n\n\n<h4 class=\"wp-block-heading\">p\u00e1tek<\/h4>\n\n\n\n<p>V\u011b\u0159\u00edm, \u017ee k\u0159\u00ed\u017e je obrazem pro na\u0161i dobu a pro ka\u017edou dobu: Jsme pozv\u00e1ni, abychom se d\u00edvali na obraz uk\u0159i\u017eovan\u00e9ho Je\u017e\u00ed\u0161e a obm\u011bk\u010dili tak sv\u00e1 srdce v\u016f\u010di ve\u0161ker\u00e9mu utrpen\u00ed. Se zm\u011bk\u010den\u00fdm srdcem n\u00e1s B\u016fh vede k neoby\u010dejn\u00e9mu a nov\u011b nalezen\u00e9mu soucitu a porozum\u011bn\u00ed. -Richard Rohr<\/p>\n\n\n\n<h1 class=\"wp-block-heading\">Zdr\u017eov\u00e1n\u00ed se v mezidob\u00ed<\/h1>\n\n\n\n<h6 class=\"wp-block-heading\">Praxe \u0161estn\u00e1ct\u00e9ho t\u00fddne<\/h6>\n\n\n\n<p><em>Duchovn\u00ed u\u010ditelka Christine Valters Paintner n\u00e1s zve k trp\u011blivosti, kter\u00e1 je nezbytn\u00e1 k p\u0159ijet\u00ed moudrosti B\u00edl\u00e9 soboty:&nbsp;<\/em><\/p>\n\n\n\n<h4 class=\"wp-block-heading\">Limin\u00e1rn\u00ed oblast<\/h4>\n\n\n\n<p>Triduum, tyto t\u0159i posv\u00e1tn\u00e9 dny rozv\u00edjej\u00edc\u00ed se liturgie, n\u00e1s vyz\u00fdv\u00e1 k pro\u017e\u00edv\u00e1n\u00ed spole\u010denstv\u00ed, ztr\u00e1ty a hrani\u010dn\u00edch prostor nev\u011bdomosti. Svat\u00e1 sobota je pozv\u00e1n\u00edm k v\u011bdom\u00e9mu pr\u016fchodu limin\u00e1ln\u00ed oblast\u00ed mezi&#8230;..&nbsp;<\/p>\n\n\n\n<h4 class=\"wp-block-heading\">Ne\u017e povstaneme z popela<\/h4>\n\n\n\n<p>Svat\u00e1 sobota ve mn\u011b evokuje mnoh\u00e9 o lidsk\u00e9m \u00fad\u011blu. Pom\u00e1h\u00e1 n\u00e1m zkoumat, jak\u00fdm zp\u016fsobem jsme povol\u00e1ni opustit v\u011bci, lidi, identity nebo jistoty. Zaj\u00edm\u00e1 n\u00e1s, co povstane z popela na\u0161ich \u017eivot\u016f&#8230;..<\/p>\n\n\n\n<h4 class=\"wp-block-heading\">Pr\u00e1zdnota \u017eivota<\/h4>\n\n\n\n<p>M\u00edsto abychom sp\u011bchali ke vzk\u0159\u00ed\u0161en\u00ed, mus\u00edme pob\u00fdvat v prostoru nev\u011bdomosti. Mus\u00edme dr\u017eet smrt a \u017eivot v nap\u011bt\u00ed. Jednoho dne m\u016f\u017eeme pomoci ostatn\u00edm pro\u017e\u00edt tyto d\u011bsiv\u00e9 a napjat\u00e9 krajiny. Moudrost tridua spo\u010d\u00edv\u00e1 v tom, \u017ee mus\u00edme b\u00fdt pln\u011b p\u0159\u00edtomni jak p\u00e1te\u010dn\u00ed hr\u016fze, tak sobotn\u00edmu prostoru mezi nimi, ne\u017e budeme moci skute\u010dn\u011b pro\u017e\u00edt vzk\u0159\u00ed\u0161en\u00ed. Mus\u00edme poznat stra\u0161livou zku\u0161enost ztr\u00e1ty, kter\u00e1 se v na\u0161em sv\u011bt\u011b odehr\u00e1v\u00e1. Tato bolest n\u00e1s m\u016f\u017ee nau\u010dit v\u00edce, a\u017e se rozedn\u00ed p\u0159\u00edslib nov\u00e9ho \u017eivota, a my ocen\u00edme jeho sv\u011btlo, proto\u017ee zn\u00e1me temnotu&#8230;..&nbsp;<\/p>\n\n\n\n<h4 class=\"wp-block-heading\">B\u00fdt pr\u00e1zdnot\u011b p\u0159\u00edtomni<\/h4>\n\n\n\n<p>Velkou \u010d\u00e1st na\u0161eho \u017eivota tr\u00e1v\u00edme na m\u00edstech, kde se odehr\u00e1v\u00e1 Velk\u00e1 sobota, ale tolik energie v\u011bnujeme odporu, touze po \u0159e\u0161en\u00ed a uzav\u0159en\u00ed. Na\u0161\u00ed prax\u00ed v tento den je skute\u010dn\u011b vstoupit do limin\u00e1ln\u00ed z\u00f3ny, b\u00fdt j\u00ed p\u0159\u00edtomni ka\u017edou bu\u0148kou sv\u00e9 bytosti.&nbsp;<\/p>\n\n\n\n<h4 class=\"wp-block-heading\">Pro\u017eijte p\u0159\u00edtomnost a nehledejte \u0159e\u0161en\u00ed<\/h4>\n\n\n\n<p>Ud\u011blejte si dnes \u010das na to, abyste si sedli se v\u0161emi paradoxy \u017eivota. Bu\u010fte pln\u011b p\u0159\u00edtomni, abyste mohli \u017e\u00edt v nepohodl\u00ed t\u00e9to zku\u0161enosti. Odpo\u010d\u00edvejte v prostoru \u010dek\u00e1n\u00ed a nesna\u017ete se p\u0159ij\u00edt s jasn\u00fdmi odpov\u011b\u010fmi nebo \u0159e\u0161en\u00edmi. P\u0159edstavte si, \u017ee jste na divok\u00e9 hranici nebo stoj\u00edte na prahu. Vn\u00edmejte sami sebe s v\u011bdom\u00edm, \u017ee nem\u016f\u017eete pln\u011b p\u0159ijmout to, co je na druh\u00e9 stran\u011b, dokud nedovol\u00edte, aby se toto m\u00edsto zformovalo ve va\u0161em srdci. Kdy\u017e si v\u0161imnete, \u017ee se va\u0161e pozornost rozptyluje nebo \u017ee va\u0161e mysl za\u010d\u00edn\u00e1 analyzovat, vra\u0165te se do p\u0159\u00edtomn\u00e9ho okam\u017eiku. Dovolte si c\u00edtit v\u0161e, co se v tomto prostoru objev\u00ed. Uct\u011bte tajemstv\u00ed.<\/p>\n\n\n\n<p class=\"has-small-font-size\">Translated with DeepL.com (free version)<\/p>\n","protected":false},"excerpt":{"rendered":"<p>p\u0159ijmout p\u0159\u00edtomnost b\u00edl\u00e9 soboty<br \/>\nUd\u011blejte si dnes \u010das na to, abyste si sedli se v\u0161emi paradoxy \u017eivota. Bu\u010fte pln\u011b p\u0159\u00edtomni, abyste mohli \u017e\u00edt v nepohodl\u00ed t\u00e9to zku\u0161enosti. Odpo\u010d\u00edvejte v prostoru \u010dek\u00e1n\u00ed a nesna\u017ete se p\u0159ij\u00edt s jasn\u00fdmi odpov\u011b\u010fmi nebo \u0159e\u0161en\u00edmi. P\u0159edstavte si, \u017ee jste na divok\u00e9 hranici nebo stoj\u00edte na prahu. Vn\u00edmejte sami sebe s v\u011bdom\u00edm, \u017ee nem\u016f\u017eete pln\u011b p\u0159ijmout to, co je na druh\u00e9 stran\u011b, dokud nedovol\u00edte, aby se toto m\u00edsto zformovalo ve va\u0161em srdci. <\/p>\n","protected":false},"author":1,"featured_media":11069,"comment_status":"open","ping_status":"open","sticky":false,"template":"","format":"standard","meta":{"footnotes":""},"categories":[198],"tags":[2154,503],"class_list":["post-11115","post","type-post","status-publish","format-standard","has-post-thumbnail","hentry","category-richard-rohr-ofm-centrum-pro-zivot-a-rozjimani","tag-bila-sobota","tag-pritomnost","latest_post"],"_links":{"self":[{"href":"https:\/\/www.frantiskani.cz\/index.php\/wp-json\/wp\/v2\/posts\/11115","targetHints":{"allow":["GET"]}}],"collection":[{"href":"https:\/\/www.frantiskani.cz\/index.php\/wp-json\/wp\/v2\/posts"}],"about":[{"href":"https:\/\/www.frantiskani.cz\/index.php\/wp-json\/wp\/v2\/types\/post"}],"author":[{"embeddable":true,"href":"https:\/\/www.frantiskani.cz\/index.php\/wp-json\/wp\/v2\/users\/1"}],"replies":[{"embeddable":true,"href":"https:\/\/www.frantiskani.cz\/index.php\/wp-json\/wp\/v2\/comments?post=11115"}],"version-history":[{"count":1,"href":"https:\/\/www.frantiskani.cz\/index.php\/wp-json\/wp\/v2\/posts\/11115\/revisions"}],"predecessor-version":[{"id":11116,"href":"https:\/\/www.frantiskani.cz\/index.php\/wp-json\/wp\/v2\/posts\/11115\/revisions\/11116"}],"wp:featuredmedia":[{"embeddable":true,"href":"https:\/\/www.frantiskani.cz\/index.php\/wp-json\/wp\/v2\/media\/11069"}],"wp:attachment":[{"href":"https:\/\/www.frantiskani.cz\/index.php\/wp-json\/wp\/v2\/media?parent=11115"}],"wp:term":[{"taxonomy":"category","embeddable":true,"href":"https:\/\/www.frantiskani.cz\/index.php\/wp-json\/wp\/v2\/categories?post=11115"},{"taxonomy":"post_tag","embeddable":true,"href":"https:\/\/www.frantiskani.cz\/index.php\/wp-json\/wp\/v2\/tags?post=11115"}],"curies":[{"name":"wp","href":"https:\/\/api.w.org\/{rel}","templated":true}]}}