{"id":11147,"date":"2025-04-24T20:27:49","date_gmt":"2025-04-24T18:27:49","guid":{"rendered":"https:\/\/www.frantiskani.cz\/?p=11147"},"modified":"2025-04-24T20:27:52","modified_gmt":"2025-04-24T18:27:52","slug":"velikonocni-lide-ve-svete-velkeho-patku","status":"publish","type":"post","link":"https:\/\/www.frantiskani.cz\/index.php\/2025\/04\/24\/velikonocni-lide-ve-svete-velkeho-patku\/","title":{"rendered":"Velikono\u010dn\u00ed lid\u00e9 ve sv\u011bt\u011b Velk\u00e9ho p\u00e1tku"},"content":{"rendered":"\n<h6 class=\"wp-block-heading\">Sedmn\u00e1ct\u00fd t\u00fdden: \u010ctvrtek 24. dubna 2025<\/h6>\n\n\n\n<p><em>Jsme velikono\u010dn\u00ed lid\u00e9, kte\u0159\u00ed se pohybuj\u00ed ve sv\u011bt\u011b Velk\u00e9ho p\u00e1tku.-Barbara Harrisov\u00e1, Aleluja, tak \u010di onak!<\/em><\/p>\n\n\n\n<p><em>Episkop\u00e1ln\u00ed biskupka Barbara Harrisov\u00e1 (1930-2020) zkoum\u00e1, jak m\u016f\u017eeme slavit Velikonoce i uprost\u0159ed obt\u00ed\u017en\u00fdch \u201evelkop\u00e1te\u010dn\u00edch\u201c okolnost\u00ed:&nbsp;<\/em><\/p>\n\n\n\n<h4 class=\"wp-block-heading\">M\u016f\u017eeme se d\u00edvat na sv\u011bt jin\u00fdma o\u010dima<\/h4>\n\n\n\n<p>Sv\u011bt je pln\u00fd utrpen\u00ed a bolesti Velk\u00e9ho p\u00e1tku. Sta\u010d\u00ed otev\u0159\u00edt denn\u00ed tisk, zapnout televizi a pustit si no\u010dn\u00ed zpr\u00e1vy&#8230; a znovu si p\u0159ipomeneme n\u00e1sil\u00ed, krutost, nouzi a nedostatek, kter\u00e9 prostupuj\u00ed n\u00e1\u0161 sv\u011bt. Sta\u010d\u00ed se pod\u00edvat a zamyslet se nad vlastn\u00edm \u017eivotem, nad vlastn\u00edmi zkou\u0161kami a tr\u00e1pen\u00edmi, nad vlastn\u00edmi starostmi a strastmi. Sta\u010d\u00ed se zamyslet nad t\u00edm, jak\u00fd vztah m\u00e1me k sob\u011b navz\u00e1jem a k na\u0161im soused\u016fm ve sv\u011bt\u011b. Ale my jsme velikono\u010dn\u00ed lid\u00e9 a m\u00e1me b\u00fdt jin\u00ed.&nbsp;<\/p>\n\n\n\n<h4 class=\"wp-block-heading\">Jsme lid\u00e9 velikonoc<\/h4>\n\n\n\n<p>Existuj\u00ed n\u011bkter\u00e9 charakteristick\u00e9 rysy velikono\u010dn\u00edch lid\u00ed, kter\u00e9 n\u00e1s udr\u017euj\u00ed v \u00fazk\u00e9m kontaktu s t\u00edmto Je\u017e\u00ed\u0161em, kter\u00fd \u0159\u00edk\u00e1 truchl\u00edc\u00ed Mart\u011b: &#8222;J\u00e1 jsem vzk\u0159\u00ed\u0161en\u00ed a \u017eivot. Ti, kdo ve mne v\u011b\u0159\u00ed, i kdy\u017e zem\u0159ou, budou \u017e\u00edt, a ka\u017ed\u00fd, kdo \u017eije a v\u011b\u0159\u00ed ve mne, nezem\u0159e nav\u011bky&#8220; [Jan 11,25-26].<\/p>\n\n\n\n<h4 class=\"wp-block-heading\">Na\u0161\u00ed silou je v\u00edra<\/h4>\n\n\n\n<p>Velikono\u010dn\u00ed lid\u00e9 jsou v\u011b\u0159\u00edc\u00ed. V\u011b\u0159\u00edme nejen v mo\u017en\u00e9, v\u011b\u0159\u00edme i v nemo\u017en\u00e9. V\u011b\u0159\u00edme, \u017ee chrom\u00ed za\u010dali chodit a n\u011bm\u00ed mluvit, \u017ee malomocn\u00ed byli o\u010di\u0161t\u011bni a slep\u00ed dostali zrak&#8230;.. M\u016f\u017eeme tak\u00e9 v\u011b\u0159it, \u017ee d\u00edky u\u017eite\u010dn\u00e9 p\u0159\u00edtomnosti Bo\u017e\u00edho Ducha svat\u00e9ho jsme posilov\u00e1ni a podporov\u00e1ni na na\u0161\u00ed pozemsk\u00e9 pouti. D\u00e1le m\u016f\u017eeme v\u011b\u0159it, \u017ee m\u016f\u017eeme vytv\u00e1\u0159et nov\u00e9 \u017eivoty oddan\u00e9 l\u00e1sce, m\u00edru, spravedlnosti a osvobozen\u00ed pro cel\u00fd Bo\u017e\u00ed lid.\u202f\u202f<\/p>\n\n\n\n<h4 class=\"wp-block-heading\">Hled\u00e1me Krista ve v\u0161ech lidech<\/h4>\n\n\n\n<p>Velikono\u010dn\u00ed lid\u00e9 truchl\u00ed a pot\u0159ebuj\u00ed ut\u011b\u0161it. A ano, velikono\u010dn\u00ed lid\u00e9 se zlob\u00ed&#8230; ale mus\u00edme se sna\u017eit tento hn\u011bv usm\u011brnit konstruktivn\u00edm zp\u016fsobem. Zlobit se natolik, abychom mohli \u0159\u00edci a v\u00e1\u017en\u011b myslet: Zavazuji se, \u017ee budu \u017e\u00edt podle k\u0159estn\u00ed smlouvy: hledat Krista ve v\u0161ech lidech a slou\u017eit mu, milovat bli\u017en\u00edho jako sebe sama, usilovat o spravedlnost a m\u00edr mezi v\u0161emi lidmi, respektovat d\u016fstojnost ka\u017ed\u00e9ho \u010dlov\u011bka.\u202f\u202f<\/p>\n\n\n\n<h4 class=\"wp-block-heading\">Sna\u017e\u00edme se vytrvat do konce<\/h4>\n\n\n\n<p>Velikono\u010dn\u00ed lid\u00e9 vydr\u017e\u00ed a\u017e do konce. Stejn\u011b jako \u017eeny, kter\u00e9 st\u00e1ly u k\u0159\u00ed\u017ee, \u017eij\u00ed velikono\u010dn\u00ed lid\u00e9 podle slov star\u00e9ho spiritu\u00e1lu: \u201eP\u016fjdu, p\u016fjdu, abych vid\u011bla, jak\u00fd bude konec.\u201c V\u0161ichni, kte\u0159\u00ed se o Velikonoc\u00edch rozhodli, \u017ee se vydaj\u00ed na cestu, se vydaj\u00ed na cestu. [1]<\/p>\n\n\n\n<p><em>Benediktinsk\u00e1 \u0159eholnice a b\u00e1sn\u00ed\u0159ka Mary Lou Kownacki (1941-2023) tuto moudrost vzk\u0159\u00ed\u0161en\u00ed p\u0159ij\u00edm\u00e1:&nbsp;<\/em><\/p>\n\n\n\n<h4 class=\"wp-block-heading\">Vyjd\u011bme ze sv\u00fdch \u201ehrob\u016f\u201c&nbsp; a konejme<\/h4>\n\n\n\n<p>Velikonoce n\u00e1s chytaj\u00ed pod krkem a k\u0159i\u010d\u00ed: \u201e\u017dij!\u201c. Z\u00e1\u0159iv\u00fd Je\u017e\u00ed\u0161, kter\u00fd opou\u0161t\u00ed hrob, zpochyb\u0148uje na\u0161i samolibost v\u016f\u010di sil\u00e1m smrti, a\u0165 u\u017e jde o beznad\u011bj, strach, skl\u00ed\u010denost nebo nedostatek v\u016fle. Nedovolte smrti, aby m\u011bla ve va\u0161em p\u0159\u00edb\u011bhu posledn\u00ed slovo, vyz\u00fdv\u00e1 Je\u017e\u00ed\u0161. Nikdo z n\u00e1s nem\u00e1 pr\u00e1vo sp\u00e1t ve smrti. I kdy\u017e v\u00e1m nepom\u016f\u017ee \u017e\u00e1dn\u00fd and\u011bl, uchopte dve\u0159e hrobu, kter\u00fd v\u00e1s zadr\u017euje, a roztrhn\u011bte jeho pe\u010de\u0165. Je v tob\u011b p\u0159\u00edli\u0161 mnoho dobra, kter\u00e9 je\u0161t\u011b mus\u00ed povstat, a na sv\u011bt\u011b je p\u0159\u00edli\u0161 mnoho pr\u00e1ce, kterou je t\u0159eba vykonat. [2]&nbsp;<\/p>\n\n\n\n<p class=\"has-small-font-size\">Translated with DeepL.com (free version)<\/p>\n\n\n\n<h6 class=\"wp-block-heading\">Prameny:<\/h6>\n\n\n\n<p class=\"has-small-font-size\">[1] Barbara Clementine Harris, \u201cEaster Grace in a Good Friday World,\u201d in&nbsp;<em>Parting Words: A Farewell Discourse<\/em>&nbsp;(Cowley Publications, 2003), 69\u201370, 71\u201372.\u202f&nbsp;<\/p>\n\n\n\n<p class=\"has-small-font-size\">[2] Mary Lou Kownacki,&nbsp;<em>Everyday Sacred, Everywhere Beauty: Readings from an Old Monk\u2019s Journal<\/em>, ed. Anne McCarthy et al. (Orbis, 2024), 112\u2013113.&nbsp;<\/p>\n\n\n\n<p class=\"has-small-font-size\"><strong>Image credit and inspiration<\/strong>: Krista Joy Montgomery,&nbsp;<em>Unknown&nbsp;<\/em>(detail), 2019, photo,&nbsp;<a href=\"https:\/\/email.cac.org\/t\/d-l-sdijtuy-tlkrhyidn-u\/\">Unsplash<\/a>.&nbsp;<a href=\"https:\/\/email.cac.org\/t\/d-l-sdijtuy-tlkrhyidn-o\/\">Click here to enlarge image.<\/a>&nbsp;<em>We carefully tend the blooms of bright resurrection after the pain of our Good Fridays.<\/em>&nbsp;<\/p>\n","protected":false},"excerpt":{"rendered":"<p>Velikonoce n\u00e1s chytaj\u00ed pod krkem a k\u0159i\u010d\u00ed: \u201e\u017dij!\u201c. Z\u00e1\u0159iv\u00fd Je\u017e\u00ed\u0161, kter\u00fd opou\u0161t\u00ed hrob, zpochyb\u0148uje na\u0161i samolibost v\u016f\u010di sil\u00e1m smrti, a\u0165 u\u017e jde o beznad\u011bj, strach, skl\u00ed\u010denost nebo nedostatek v\u016fle. Nedovolte smrti, aby m\u011bla ve va\u0161em p\u0159\u00edb\u011bhu posledn\u00ed slovo, vyz\u00fdv\u00e1 Je\u017e\u00ed\u0161.<\/p>\n","protected":false},"author":1,"featured_media":11120,"comment_status":"open","ping_status":"open","sticky":false,"template":"","format":"standard","meta":{"footnotes":""},"categories":[198],"tags":[201,398,2158],"class_list":["post-11147","post","type-post","status-publish","format-standard","has-post-thumbnail","hentry","category-richard-rohr-ofm-centrum-pro-zivot-a-rozjimani","tag-velikonoce","tag-vzkriseni","tag-zit-jak-lide-velikonoc","latest_post"],"_links":{"self":[{"href":"https:\/\/www.frantiskani.cz\/index.php\/wp-json\/wp\/v2\/posts\/11147","targetHints":{"allow":["GET"]}}],"collection":[{"href":"https:\/\/www.frantiskani.cz\/index.php\/wp-json\/wp\/v2\/posts"}],"about":[{"href":"https:\/\/www.frantiskani.cz\/index.php\/wp-json\/wp\/v2\/types\/post"}],"author":[{"embeddable":true,"href":"https:\/\/www.frantiskani.cz\/index.php\/wp-json\/wp\/v2\/users\/1"}],"replies":[{"embeddable":true,"href":"https:\/\/www.frantiskani.cz\/index.php\/wp-json\/wp\/v2\/comments?post=11147"}],"version-history":[{"count":1,"href":"https:\/\/www.frantiskani.cz\/index.php\/wp-json\/wp\/v2\/posts\/11147\/revisions"}],"predecessor-version":[{"id":11148,"href":"https:\/\/www.frantiskani.cz\/index.php\/wp-json\/wp\/v2\/posts\/11147\/revisions\/11148"}],"wp:featuredmedia":[{"embeddable":true,"href":"https:\/\/www.frantiskani.cz\/index.php\/wp-json\/wp\/v2\/media\/11120"}],"wp:attachment":[{"href":"https:\/\/www.frantiskani.cz\/index.php\/wp-json\/wp\/v2\/media?parent=11147"}],"wp:term":[{"taxonomy":"category","embeddable":true,"href":"https:\/\/www.frantiskani.cz\/index.php\/wp-json\/wp\/v2\/categories?post=11147"},{"taxonomy":"post_tag","embeddable":true,"href":"https:\/\/www.frantiskani.cz\/index.php\/wp-json\/wp\/v2\/tags?post=11147"}],"curies":[{"name":"wp","href":"https:\/\/api.w.org\/{rel}","templated":true}]}}