{"id":11301,"date":"2025-05-12T08:14:34","date_gmt":"2025-05-12T06:14:34","guid":{"rendered":"https:\/\/www.frantiskani.cz\/?p=11301"},"modified":"2025-05-12T08:14:37","modified_gmt":"2025-05-12T06:14:37","slug":"proc-je-ona-dulezita","status":"publish","type":"post","link":"https:\/\/www.frantiskani.cz\/index.php\/2025\/05\/12\/proc-je-ona-dulezita\/","title":{"rendered":"Pro\u010d je \u201eona\u201c d\u016fle\u017eit\u00e1?"},"content":{"rendered":"\n<h6 class=\"wp-block-heading\">Dvac\u00e1t\u00fd t\u00fdden: Pond\u011bl\u00ed 12. kv\u011btna 2025<\/h6>\n\n\n\n<p><em>Spisovatelka Sue Monk Kiddov\u00e1 popisuje, pro\u010d je p\u011bstov\u00e1n\u00ed obrazu posv\u00e1tn\u00e9ho \u017eenstv\u00ed tak d\u016fle\u017eit\u00e9, zejm\u00e9na pro \u017eeny vychovan\u00e9 v k\u0159es\u0165anstv\u00ed: <\/em><em>\u202f<\/em><\/p>\n\n\n\n<h4 class=\"wp-block-heading\">Jen n\u011bkolik \u017een slou\u017e\u00ed na vy\u0161\u0161\u00edch postech<\/h4>\n\n\n\n<p>D\u00edvka se u\u010d\u00ed biblick\u00e9 p\u0159\u00edb\u011bhy, ve kter\u00fdch jsou vit\u00e1ln\u00ed \u017eeny v\u011bt\u0161inou nep\u0159\u00edtomn\u00e9, v pozad\u00ed nebo zbaven\u00e9 moci. U\u010d\u00ed se, \u017ee mu\u017ei se vyd\u00e1vaj\u00ed na v\u00fdpravy, setk\u00e1vaj\u00ed se s Bohem a m\u011bn\u00ed d\u011bjiny, zat\u00edmco \u017eeny je podporuj\u00ed a \u010dekaj\u00ed na n\u011b. Sly\u0161\u00ed k\u00e1z\u00e1n\u00ed, kde jsou tradi\u010dn\u00ed (neohro\u017euj\u00edc\u00ed) \u017eensk\u00e9 role vyzdvihov\u00e1ny jako Bo\u017e\u00ed ide\u00e1l. D\u00edvka pravd\u011bpodobn\u011b uvid\u00ed jen n\u011bkolik \u017een ve vy\u0161\u0161\u00edch patrech c\u00edrkevn\u00ed moci.\u202f\u202f<\/p>\n\n\n\n<h4 class=\"wp-block-heading\">I v&nbsp;Bibli chyb\u00ed \u017eensk\u00e9 prvky u Boha<\/h4>\n\n\n\n<p>A co si d\u00edvka, kter\u00e1 si utv\u00e1\u0159\u00ed svou identitu, po\u010dne se v\u0161emi t\u011bmi ver\u0161i P\u00edsma, kter\u00e9 \u017eeny napom\u00ednaj\u00ed k pod\u0159\u00edzenosti a ml\u010den\u00ed? To, \u017ee jsou \u201evysv\u011btleny\u201c jako produkt d\u00e1vn\u00e9 doby, jej\u00ed znepokojen\u00ed zcela nesma\u017ee. Tak\u00e9 ona sama za\u017e\u00edv\u00e1, \u017ee j\u00ed chyb\u00ed z\u00e1jmena v P\u00edsmu, p\u00edsn\u00edch a modlitb\u00e1ch. A p\u0159edev\u0161\u00edm, dokud bude \u201es\u00e1m\u201c B\u016fh v\u00fdhradn\u011b mu\u017eem, bude za\u017e\u00edvat jinakost, m\u00e9n\u011bcennost sebe sam\u00e9; v\u0161echny zbo\u017en\u00e9 \u0159e\u010di sv\u011bta o tom, \u017ee \u017eeny jsou rovny mu\u017e\u016fm, se v hlub\u0161\u00edch m\u00edstech jej\u00edho nitra nedok\u00e1\u017eou vyrovnat.<\/p>\n\n\n\n<h4 class=\"wp-block-heading\">\u00a0Posv\u00e1tn\u00e9 \u017eenstv\u00ed existuje<\/h4>\n\n\n\n<p>Kdy\u017e poprv\u00e9 skute\u010dn\u011b pochop\u00edme, \u017ee symbol \u017eeny m\u016f\u017ee b\u00fdt n\u00e1dobou posv\u00e1tna, \u017ee i ona m\u016f\u017ee b\u00fdt obrazem Boha, n\u00e1\u0161 \u017eivot se za\u010dne ot\u00e1\u010det&#8230;.. Internalizace Bo\u017esk\u00e9ho \u017eenstv\u00ed poskytuje \u017een\u00e1m l\u00e9\u010div\u00e9 potvrzen\u00ed, \u017ee jsou sv\u00e9pr\u00e1vn\u00fdmi osobami, \u017ee se mohou rozhodovat, \u017ee jsou hodn\u00e9 a opr\u00e1vn\u011bn\u00e9 a nepot\u0159ebuj\u00ed svolen\u00ed. Internalizace Posv\u00e1tn\u00e9ho \u017eenstv\u00ed n\u00e1m \u0159\u00edk\u00e1, \u017ee na\u0161e pohlav\u00ed je hodnotn\u00e9 a \u00fa\u017easn\u00e9. [1]<\/p>\n\n\n\n<p><em>Ve\u0159ejn\u00e1 teolo\u017eka Christena Clevelandov\u00e1 zkoum\u00e1, jak je v\u00fdhradn\u011b b\u00edl\u00fd, mu\u017esk\u00fd obraz Boha omezuj\u00edc\u00ed, a dokonce utla\u010duj\u00edc\u00ed. Sd\u00edl\u00ed mystick\u00fd z\u00e1\u017eitek ze setk\u00e1n\u00ed s bezpodm\u00edne\u010dnou l\u00e1skou Posv\u00e1tn\u00e9ho \u010derno\u0161sk\u00e9ho \u017eenstv\u00ed, k n\u011bmu\u017e do\u0161lo b\u011bhem retreatu mindfulness:<\/em><\/p>\n\n\n\n<h4 class=\"wp-block-heading\">S\u00edla l\u00e1sky uvnit\u0159<\/h4>\n\n\n\n<p>Sed\u011bla jsem se zk\u0159\u00ed\u017een\u00fdma nohama na podlo\u017ece, a jakmile jsem zav\u0159ela o\u010di a obr\u00e1tila se dovnit\u0159, vtrhla do m\u011b vlna L\u00e1sky, vlna tak mohutn\u00e1, \u017ee m\u00e9 vzp\u0159\u00edmen\u00e9 t\u011blo donutila couvnout a dopadnout na pol\u0161t\u00e1\u0159e na podlaze za mnou&#8230;.. Byla to mocn\u00e1 s\u00edla, kter\u00e1 nezneu\u017e\u00edvala. Byla to s\u00edla bez manipulace, s\u00edla bez kontroly a s\u00edla bez studu. Byla to s\u00edla L\u00e1sky &#8211; s\u00edla, s n\u00ed\u017e jsem se ve sv\u011bt\u011b b\u011blostn\u00e9ho Boha nikdy nesetkala&#8230;..<\/p>\n\n\n\n<h4 class=\"wp-block-heading\">&#8230;.V srdci<\/h4>\n\n\n\n<p>Nikdy p\u0159edt\u00edm jsem neza\u017eila hrozivou s\u00edlu v podob\u011b L\u00e1sky a ta m\u011b rozlo\u017eila. \u017dasla jsem nad t\u00edm, \u017ee po cel\u00e9m dni, kdy jsem usilovn\u011b \u010distila svou mysl od stra\u0161liv\u00e9ho nepo\u0159\u00e1dku, se pod t\u00edm v\u0161\u00edm neskr\u00fdval dal\u0161\u00ed seznam \u00fakol\u016f od whitemalegoda&#8230;.. Ne, pod t\u00edm v\u0161\u00edm byla L\u00e1ska, p\u0159esn\u011b jak jsem doufala. Toho dne jsem zjistila, \u017ee v srdci reality&#8230; proud\u00ed vlna za vlnou L\u00e1sky&#8230; pro m\u011b&#8230;. \u202f<\/p>\n\n\n\n<h4 class=\"wp-block-heading\">Posv\u00e1tn\u00e1 \u010dern\u00e1 \u017eena je k dispozici<\/h4>\n\n\n\n<p>Tento z\u00e1\u017eitek mi uk\u00e1zal, \u017ee bez ohledu na to, co se kolem m\u011b d\u011bje, a bez ohledu na to, jak moc se m\u011b sna\u017e\u00ed pohltit strach, Posv\u00e1tn\u00e1 \u010cern\u00e1 \u017dena je v\u017edy k dispozici, aby m\u011b vedla do L\u00e1sky. [2]<\/p>\n\n\n\n<p class=\"has-small-font-size\">Translated with DeepL.com (free version)<\/p>\n\n\n\n<h6 class=\"wp-block-heading\">Prameny:<\/h6>\n\n\n\n<p class=\"has-small-font-size\">[1] Sue Monk Kidd,&nbsp;<em>The Dance of the Dissident Daughter: A Woman\u2019s Journey from Christian Tradition to the Sacred Feminine<\/em>, rev. ed. (HarperOne, 2016),\u202f38\u201339, 117, 161.&nbsp;&nbsp;<\/p>\n\n\n\n<p class=\"has-small-font-size\">[2] Christena Cleveland,&nbsp;<em>God Is a Black Woman<\/em>&nbsp;(HarperOne, 2022), 64, 65. \u202f&nbsp;<\/p>\n\n\n\n<p class=\"has-small-font-size\"><strong>Image credit and inspiration<\/strong>: Jyothisha R,&nbsp;<em>woman holds the sun in her hands&nbsp;<\/em>(detail), 2025, photo,&nbsp;<a href=\"https:\/\/email.cac.org\/t\/d-l-shrfhl-tlkrhyidn-u\/\">Unsplash<\/a>.&nbsp;<a href=\"https:\/\/email.cac.org\/t\/d-l-shrfhl-tlkrhyidn-o\/\">Click here to enlarge image.<\/a>&nbsp;<em>The strong, soft light of the Divine Feminine is available for us all to touch upon<\/em>.&nbsp;<\/p>\n","protected":false},"excerpt":{"rendered":"<p>Kdy\u017e poprv\u00e9 skute\u010dn\u011b pochop\u00edme, \u017ee symbol \u017eeny m\u016f\u017ee b\u00fdt n\u00e1dobou posv\u00e1tna, \u017ee i ona m\u016f\u017ee b\u00fdt obrazem Boha, n\u00e1\u0161 \u017eivot se za\u010dne ot\u00e1\u010det&#8230;.<\/p>\n","protected":false},"author":1,"featured_media":11289,"comment_status":"open","ping_status":"open","sticky":false,"template":"","format":"standard","meta":{"footnotes":""},"categories":[198],"tags":[2180,2178,2179],"class_list":["post-11301","post","type-post","status-publish","format-standard","has-post-thumbnail","hentry","category-richard-rohr-ofm-centrum-pro-zivot-a-rozjimani","tag-bible-je-spise-muzska","tag-buh-zena","tag-posvatne-zenstvi","latest_post"],"_links":{"self":[{"href":"https:\/\/www.frantiskani.cz\/index.php\/wp-json\/wp\/v2\/posts\/11301","targetHints":{"allow":["GET"]}}],"collection":[{"href":"https:\/\/www.frantiskani.cz\/index.php\/wp-json\/wp\/v2\/posts"}],"about":[{"href":"https:\/\/www.frantiskani.cz\/index.php\/wp-json\/wp\/v2\/types\/post"}],"author":[{"embeddable":true,"href":"https:\/\/www.frantiskani.cz\/index.php\/wp-json\/wp\/v2\/users\/1"}],"replies":[{"embeddable":true,"href":"https:\/\/www.frantiskani.cz\/index.php\/wp-json\/wp\/v2\/comments?post=11301"}],"version-history":[{"count":1,"href":"https:\/\/www.frantiskani.cz\/index.php\/wp-json\/wp\/v2\/posts\/11301\/revisions"}],"predecessor-version":[{"id":11302,"href":"https:\/\/www.frantiskani.cz\/index.php\/wp-json\/wp\/v2\/posts\/11301\/revisions\/11302"}],"wp:featuredmedia":[{"embeddable":true,"href":"https:\/\/www.frantiskani.cz\/index.php\/wp-json\/wp\/v2\/media\/11289"}],"wp:attachment":[{"href":"https:\/\/www.frantiskani.cz\/index.php\/wp-json\/wp\/v2\/media?parent=11301"}],"wp:term":[{"taxonomy":"category","embeddable":true,"href":"https:\/\/www.frantiskani.cz\/index.php\/wp-json\/wp\/v2\/categories?post=11301"},{"taxonomy":"post_tag","embeddable":true,"href":"https:\/\/www.frantiskani.cz\/index.php\/wp-json\/wp\/v2\/tags?post=11301"}],"curies":[{"name":"wp","href":"https:\/\/api.w.org\/{rel}","templated":true}]}}