{"id":11334,"date":"2025-05-15T09:00:59","date_gmt":"2025-05-15T07:00:59","guid":{"rendered":"https:\/\/www.frantiskani.cz\/?p=11334"},"modified":"2025-05-15T09:01:04","modified_gmt":"2025-05-15T07:01:04","slug":"byt-zenou-je-vic-nez-dost","status":"publish","type":"post","link":"https:\/\/www.frantiskani.cz\/index.php\/2025\/05\/15\/byt-zenou-je-vic-nez-dost\/","title":{"rendered":"B\u00fdt \u017eenou je v\u00edc ne\u017e dost."},"content":{"rendered":"\n<h6 class=\"wp-block-heading\">Dvac\u00e1t\u00fd t\u00fdden: \u010ctvrtek, 15. kv\u011btna 2025<\/h6>\n\n\n\n<p><em>Je logick\u00e9, \u017ee vzhledem k tomu, \u017ee b\u00edl\u00ed mu\u017ei vytvo\u0159ili velkou \u010d\u00e1st n\u00e1bo\u017eenstv\u00ed, byl obrazem Boha star\u00fd b\u00edl\u00fd mu\u017e s \u0161ediv\u00fdmi vlasy. Tento obraz v\u0161ak pot\u0159ebuje zm\u011bnu, proto\u017ee u\u017e nefunguje.&nbsp; -Jacqui Lewisov\u00e1,<\/em><\/p>\n\n\n\n<p><em>\u201eOna je l\u00e1ska, ona je l\u00e1ska\u201c, mendikant Rev. Dr. Jacqui Lewisov\u00e1 zkoum\u00e1, jak n\u00e1s utla\u010duj\u00edc\u00ed obrazy Boha vedou k tomu, \u017ee se omezujeme, a dokonce vylu\u010dujeme z bo\u017esk\u00e9ho obrazu.<\/em><\/p>\n\n\n\n<h4 class=\"wp-block-heading\">K\u0159es\u0165anstv\u00ed nen\u00ed imp\u00e9rium<\/h4>\n\n\n\n<p>Navzdory opa\u010dn\u00fdm k\u00e1z\u00e1n\u00edm a u\u010den\u00ed v\u00edme, \u017ee n\u00e1\u0161 B\u016fh nestoj\u00ed na stran\u011b \u00fatlaku, ale na stran\u011b svobody a spravedlnosti. V\u00edme, \u017ee n\u00e1\u0161 B\u016fh je revolu\u010dn\u00ed milovn\u00edk, kter\u00fd p\u0159i\u0161el jako jeden z n\u00e1s, aby n\u00e1s nau\u010dil milovat. V\u00edme, \u017ee jak\u00e9koli k\u0159es\u0165anstv\u00ed praktikuj\u00edc\u00ed n\u00e1stroje imp\u00e9ria nen\u00ed k\u0159es\u0165ansk\u00e9 a \u017ee k\u0159es\u0165ansk\u00fd nacionalismus nen\u00ed o Kristu, ale o podpo\u0159e imp\u00e9ria \u0159e\u010dmi o Bohu.&nbsp;<\/p>\n\n\n\n<h4 class=\"wp-block-heading\">K\u0159es\u0165anstv\u00ed je n\u00e1sledov\u00e1n\u00ed Boha l\u00e1sky<\/h4>\n\n\n\n<p>Chci \u0159\u00edci toto: N\u011bkte\u0159\u00ed z n\u00e1s chod\u00ed kolem, jako by b\u016fh utla\u010dovatele byl na\u0161\u00edm bohem. Ach, mluv\u00edme o osvobozen\u00ed, ale neosvobodili jsme se&#8230;.. Na\u0161e kazatelny p\u0159\u00edli\u0161 k\u00e1\u017eou o tom, kdo je mimo. Boj\u00edme se zpochyb\u0148ovat fungov\u00e1n\u00ed sv\u011bta, proto\u017ee bychom mohli vynechat sami sebe. Zapomn\u011bli jsme na ubuntu &#8211; \u017ee jsme neodd\u011bliteln\u011b propojeni a \u017ee jsme skute\u010dn\u011b str\u00e1\u017eci sv\u00fdch sourozenc\u016f&#8230;.. Odvra\u0165me se od teologi\u00ed, kter\u00e9 zp\u016fsobuj\u00ed, \u017ee ostatn\u00ed dr\u017e\u00edme v \u0159et\u011bzech&#8230;.. Jako akt prorock\u00e9ho odporu mus\u00edme odv\u00e1\u017en\u011b odm\u00edtnout teologie, kter\u00e9 jsou v rozporu s t\u00edm, \u017ee B\u016fh je l\u00e1ska. [1]<\/p>\n\n\n\n<p><em>Abolicionistick\u00e1 aktivistka Sojourner Truth (1797-1883) ve sv\u00e9m slavn\u00e9m projevu, v n\u011bm\u017e se zasazovala o volebn\u00ed pr\u00e1vo \u017een, zd\u016fraz\u0148uje s\u00edlu a moc \u017een a tak\u00e9 jejich kl\u00ed\u010dovou roli v Bo\u017e\u00edm pl\u00e1nu sp\u00e1sy:&nbsp;<\/em><\/p>\n\n\n\n<h4 class=\"wp-block-heading\">\u017dena podle bible rozru\u0161ila r\u00e1j, nechme \u017eeny to napravit<\/h4>\n\n\n\n<p>Cht\u011bla bych k t\u00e9to v\u011bci \u0159\u00edci n\u011bkolik slov. Jsem zast\u00e1nkyn\u00ed \u017eensk\u00fdch pr\u00e1v. M\u00e1m tolik sval\u016f jako ka\u017ed\u00fd mu\u017e a mohu vykonat tolik pr\u00e1ce jako ka\u017ed\u00fd mu\u017e. Orala jsem, \u017eala, loupala, sekala a kosila, a m\u016f\u017ee snad kter\u00fdkoli mu\u017e ud\u011blat v\u00edc ne\u017e to&#8230;? Dok\u00e1\u017eu toho un\u00e9st tolik jako ka\u017ed\u00fd jin\u00fd \u010dlov\u011bk a dok\u00e1\u017eu toho tak\u00e9 tolik sn\u00edst, pokud se mi to poda\u0159\u00ed. Jsem siln\u00fd jako ka\u017ed\u00fd mu\u017e, kter\u00fd je nyn\u00ed&#8230;.. Neum\u00edm \u010d\u00edst, ale sly\u0161\u00edm. Sly\u0161ela jsem bibli a dozv\u011bd\u011bla jsem se, \u017ee Eva zp\u016fsobila h\u0159\u00edch \u010dlov\u011bka. No, jestli \u017eena rozru\u0161ila sv\u011bt, dejte j\u00ed \u0161anci, aby ho zase napravila&#8230;.. Jak p\u0159i\u0161el Je\u017e\u00ed\u0161 na sv\u011bt? Skrze Boha, kter\u00fd ho stvo\u0159il, a \u017eenu, kter\u00e1 ho porodila. Mu\u017ei, kde je tv\u016fj pod\u00edl? Ale \u017eeny p\u0159ich\u00e1zej\u00ed po\u017eehn\u00e1ny Bohem a n\u011bkolik mu\u017e\u016f p\u0159ich\u00e1z\u00ed s nimi. [2]<\/p>\n\n\n\n<p class=\"has-small-font-size\">Translated with DeepL.com (free version)<\/p>\n\n\n\n<h6 class=\"wp-block-heading\">Prameny:<\/h6>\n\n\n\n<p class=\"has-small-font-size\">[1] Jacqueline J. Lewis, \u201cWhat If We Dance? Prophetic Theology for Hot-Mess Times,\u201d\u202f<em>ONEING 1<\/em>2, no. 2,<em>\u202fThe Path of the Prophet&nbsp;<\/em>(2024): 60\u201361, 62. Available in&nbsp;<a href=\"https:\/\/email.cac.org\/t\/d-l-shrskd-tlkrhyidn-u\/\">print<\/a>&nbsp;and&nbsp;<a href=\"https:\/\/email.cac.org\/t\/d-l-shrskd-tlkrhyidn-o\/\">PDF download<\/a>.\u202f\u202f&nbsp;<\/p>\n\n\n\n<p class=\"has-small-font-size\">[2] Sojourner Truth, speech at the Women\u2019s Rights Convention, May&nbsp;29, 1851, Akron, Ohio, as reported by Marius Robinson,&nbsp;<em>Anti-Slavery Bugle<\/em>, June 21, 1851. See&nbsp;<em>Treacherous Texts: U.S. Suffrage Literature, 1846\u20131946<\/em>, ed. Mary Chapman, Angela Mills (Rutgers University Press, 2011), 24, 25.&nbsp;<\/p>\n\n\n\n<p class=\"has-small-font-size\"><strong>Image credit and inspiration<\/strong>: Jyothisha R,&nbsp;<em>woman holds the sun in her hands&nbsp;<\/em>(detail), 2025, photo,&nbsp;<a href=\"https:\/\/email.cac.org\/t\/d-l-shrskd-tlkrhyidn-b\/\">Unsplash<\/a>.&nbsp;<a href=\"https:\/\/email.cac.org\/t\/d-l-shrskd-tlkrhyidn-n\/\">Click here to enlarge image.<\/a>&nbsp;<em>The strong, soft light of the Divine Feminine is available for us all to touch upon<\/em>.&nbsp;<\/p>\n","protected":false},"excerpt":{"rendered":"<p> Eva zp\u016fsobila h\u0159\u00edch \u010dlov\u011bka. No, jestli \u017eena rozru\u0161ila sv\u011bt, dejte j\u00ed \u0161anci, aby ho zase napravila&#8230;.. Jak p\u0159i\u0161el Je\u017e\u00ed\u0161 na sv\u011bt? Skrze Boha, kter\u00fd ho stvo\u0159il, a \u017eenu, kter\u00e1 ho porodila. Mu\u017ei, kde je tv\u016fj pod\u00edl? Ale \u017eeny p\u0159ich\u00e1zej\u00ed po\u017eehn\u00e1ny Bohem a n\u011bkolik mu\u017e\u016f p\u0159ich\u00e1z\u00ed s nimi.<\/p>\n","protected":false},"author":1,"featured_media":11289,"comment_status":"open","ping_status":"open","sticky":false,"template":"","format":"standard","meta":{"footnotes":""},"categories":[198],"tags":[2185,2183,648,2184],"class_list":["post-11334","post","type-post","status-publish","format-standard","has-post-thumbnail","hentry","category-richard-rohr-ofm-centrum-pro-zivot-a-rozjimani","tag-buh-svobody","tag-eva","tag-ubuntu","tag-zena","latest_post"],"_links":{"self":[{"href":"https:\/\/www.frantiskani.cz\/index.php\/wp-json\/wp\/v2\/posts\/11334","targetHints":{"allow":["GET"]}}],"collection":[{"href":"https:\/\/www.frantiskani.cz\/index.php\/wp-json\/wp\/v2\/posts"}],"about":[{"href":"https:\/\/www.frantiskani.cz\/index.php\/wp-json\/wp\/v2\/types\/post"}],"author":[{"embeddable":true,"href":"https:\/\/www.frantiskani.cz\/index.php\/wp-json\/wp\/v2\/users\/1"}],"replies":[{"embeddable":true,"href":"https:\/\/www.frantiskani.cz\/index.php\/wp-json\/wp\/v2\/comments?post=11334"}],"version-history":[{"count":1,"href":"https:\/\/www.frantiskani.cz\/index.php\/wp-json\/wp\/v2\/posts\/11334\/revisions"}],"predecessor-version":[{"id":11335,"href":"https:\/\/www.frantiskani.cz\/index.php\/wp-json\/wp\/v2\/posts\/11334\/revisions\/11335"}],"wp:featuredmedia":[{"embeddable":true,"href":"https:\/\/www.frantiskani.cz\/index.php\/wp-json\/wp\/v2\/media\/11289"}],"wp:attachment":[{"href":"https:\/\/www.frantiskani.cz\/index.php\/wp-json\/wp\/v2\/media?parent=11334"}],"wp:term":[{"taxonomy":"category","embeddable":true,"href":"https:\/\/www.frantiskani.cz\/index.php\/wp-json\/wp\/v2\/categories?post=11334"},{"taxonomy":"post_tag","embeddable":true,"href":"https:\/\/www.frantiskani.cz\/index.php\/wp-json\/wp\/v2\/tags?post=11334"}],"curies":[{"name":"wp","href":"https:\/\/api.w.org\/{rel}","templated":true}]}}