{"id":11434,"date":"2025-05-24T09:17:28","date_gmt":"2025-05-24T07:17:28","guid":{"rendered":"https:\/\/www.frantiskani.cz\/?p=11434"},"modified":"2025-05-24T09:17:32","modified_gmt":"2025-05-24T07:17:32","slug":"trikolora-viry","status":"publish","type":"post","link":"https:\/\/www.frantiskani.cz\/index.php\/2025\/05\/24\/trikolora-viry\/","title":{"rendered":"Trikol\u00f3ra v\u00edry"},"content":{"rendered":"\n<h6 class=\"wp-block-heading\">Shrnut\u00ed jednadvac\u00e1t\u00e9ho t\u00fddne 18. &#8211; 23. kv\u011btna 2025-Sobota 24. kv\u011btna 2025<\/h6>\n\n\n\n<h4 class=\"wp-block-heading\">Ned\u011ble<\/h4>\n\n\n\n<p>Bez ohledu na n\u00e1bo\u017eenstv\u00ed nebo denominaci, ve kter\u00e9 jsme vychov\u00e1v\u00e1ni, na\u0161e spiritualita st\u00e1le proch\u00e1z\u00ed nejprve filtrem na\u0161ich vlastn\u00edch \u017eivotn\u00edch zku\u0161enost\u00ed. -Richard Rohr<\/p>\n\n\n\n<h4 class=\"wp-block-heading\">Pond\u011bl\u00ed<\/h4>\n\n\n\n<p>Teprve kdy\u017e se vnit\u0159n\u00ed a vn\u011bj\u0161\u00ed autorita spoj\u00ed, z\u00edsk\u00e1me skute\u010dnou duchovn\u00ed moudrost. Informace od vn\u011bj\u0161\u00edch autorit nemus\u00ed nutn\u011b v\u00e9st k prom\u011bn\u011b a my dnes pot\u0159ebujeme skute\u010dn\u011b prom\u011bn\u011bn\u00e9 lidi, ne jen lidi s odpov\u011b\u010fmi. -Richard Rohr<\/p>\n\n\n\n<h4 class=\"wp-block-heading\">\u00dater\u00fd<\/h4>\n\n\n\n<p>Zotro\u010den\u00ed Afri\u010dan\u00e9 se d\u00edky tomu, \u017ee se vid\u011bli v biblick\u00fdch p\u0159\u00edb\u011bz\u00edch, zab\u00fdvali Bibl\u00ed jako \u017eiv\u00fdm textem. Byli ve vztahu s Bibl\u00ed, mluvili s jej\u00edmi p\u0159\u00edb\u011bhy a jej\u00edm Bohem. &#8211; Alexia Salvatierra a Brandon Wrencher<\/p>\n\n\n\n<h4 class=\"wp-block-heading\">St\u0159eda<\/h4>\n\n\n\n<p>Nakonec to, s \u010d\u00edm m\u00e1m odej\u00edt ze \u010dten\u00ed k\u0159es\u0165ansk\u00fdch P\u00edsem, je pocit \u00fa\u017easu nad Bo\u017e\u00ed l\u00e1skou. Pokud mi nep\u0159ipadaj\u00ed ohromuj\u00edc\u00ed, mus\u00edm se do nich pustit znovu. -Carmen Acevedo Butcher<\/p>\n\n\n\n<h4 class=\"wp-block-heading\">\u010ctvrtek<\/h4>\n\n\n\n<p>Mysl\u00edm, \u017ee to, co v\u0161ichni skute\u010dn\u011b hled\u00e1me, je \u017eiv\u00e1 a zdrav\u00e1 tradice, n\u011bco, co nen\u00ed jen o slovech nebo argumentech, ale co je o \u017eivot\u011b v cel\u00e9 jeho plnosti a o hlubok\u00e9, hlubok\u00e9 l\u00e1sce &#8211; l\u00e1sce k t\u00e9to zemi, l\u00e1sce k sob\u011b navz\u00e1jem a l\u00e1sce k Bohu, kter\u00e9ho zakou\u0161\u00edme v sob\u011b i kolem sebe. -Brian McLaren<\/p>\n\n\n\n<h4 class=\"wp-block-heading\">P\u00e1tek<\/h4>\n\n\n\n<p>V\u011b\u0159\u00edm a douf\u00e1m, \u017ee m\u00e9 psan\u00ed a vyu\u010dov\u00e1n\u00ed obsahuje v\u00edc ne\u017e jen m\u016fj vlastn\u00ed kousek zku\u0161enosti a pravdy, a to pr\u00e1v\u011b proto, \u017ee jsem na\u0161el v\u00e1\u017en\u00e9 potvrzen\u00ed v hebrejsk\u00e9m i k\u0159es\u0165ansk\u00e9m P\u00edsmu, spolu se sv\u011bdectv\u00edmi mnoha dal\u0161\u00edch sv\u011bdk\u016f na t\u00e9to cest\u011b. -Richard Rohr&nbsp;<\/p>\n\n\n\n<h1 class=\"wp-block-heading\">Pro\u017e\u00edv\u00e1n\u00ed sebe sama, pro\u017e\u00edv\u00e1n\u00ed svat\u00e9ho<\/h1>\n\n\n\n<h5 class=\"wp-block-heading\">Cvi\u010den\u00ed dvac\u00e1t\u00e9ho prvn\u00edho t\u00fddne<\/h5>\n\n\n\n<p><em>Duchovn\u00ed u\u010ditelka Mirabai Starr, ct\u00edc\u00ed duchovn\u00ed tradici, kter\u00e1 netvrd\u00ed, \u017ee v\u00ed, kdo je B\u016fh, n\u00e1s povzbuzuje, abychom pln\u011bji pozn\u00e1vali a ctili sv\u00e9 \u017eivoty a zku\u0161enosti:<\/em><\/p>\n\n\n\n<h4 class=\"wp-block-heading\">nejspolehliv\u011bj\u0161\u00edm prost\u0159edkem k pozn\u00e1n\u00ed Boha je jeho nepozn\u00e1n\u00ed?<\/h4>\n\n\n\n<p>V mnoha mystick\u00fdch tradic\u00edch nap\u0159\u00ed\u010d spektrem sv\u011btov\u00fdch n\u00e1bo\u017eenstv\u00ed najdeme paradoxn\u00ed u\u010den\u00ed, kter\u00e9 \u0159\u00edk\u00e1, \u017ee nejspolehliv\u011bj\u0161\u00edm prost\u0159edkem k pozn\u00e1n\u00ed Boha je jeho nepozn\u00e1n\u00ed. K\u0159es\u0165ansk\u00e1 mystika pou\u017e\u00edv\u00e1 latinsk\u00fd term\u00edn via negativa. Nab\u00e1d\u00e1 n\u00e1s, abychom aktivn\u011b odm\u00edtali jak\u00e1koli slova \u010di pojmy, kter\u00e9 by definovaly obrovsk\u00e9 tajemstv\u00ed bo\u017estv\u00ed, a spo\u010d\u00edvali sp\u00ed\u0161e v tom, co o Bohu nem\u016f\u017eeme \u0159\u00edci, ne\u017e v tom, co si mysl\u00edme, \u017ee \u0159\u00edci m\u016f\u017eeme&#8230;..&nbsp;<\/p>\n\n\n\n<h4 class=\"wp-block-heading\">Nikoliv \u2013 je t\u0159eba se ve svatosti &#8211; ve stvo\u0159en\u00ed- &nbsp;zabydlet<\/h4>\n\n\n\n<p>Vyz\u00fdv\u00e1m v\u00e1s, abyste tuto strohou techniku postavili na hlavu. Nev\u011bd\u011bn\u00ed m\u00e1 sice na cest\u011b probuzen\u00ed sv\u00e9 m\u00edsto, ale m\u016f\u017ee se jednat o odhmotn\u011bnou praxi, kter\u00e1 vede sp\u00ed\u0161e k odhla\u0161ov\u00e1n\u00ed se z reality (n\u011bkdy naz\u00fdvan\u00e9 transcendence) ne\u017e k pln\u00e9mu zabydlen\u00ed svatosti va\u0161eho \u017eivota.&nbsp;<\/p>\n\n\n\n<h4 class=\"wp-block-heading\">Kdo jsem j\u00e1?<\/h4>\n\n\n\n<p>Zkuste to: Posa\u010fte se do pohodln\u00e9 polohy s narovnan\u00fdmi z\u00e1dy, nechte o\u010di zav\u0159en\u00e9, n\u011bkolikr\u00e1t se zhluboka a pomalu nadechn\u011bte a polo\u017ete si ot\u00e1zku: \u201eKdo jsem?\u201c. Nam\u00edsto z\u00e1porn\u00e9 odpov\u011bdi \u0159ekn\u011bte ano na v\u0161e, co se objev\u00ed. Jsem matka a dcera, sestra a milenka: ano. Jsem truhl\u00e1\u0159ka, zahradnice, aktivistka: ano. Jsem citliv\u00fd \u010dlov\u011bk, kr\u00e1lovna dramatu, zmu\u010den\u00e1 um\u011blkyn\u011b: ano. Jsem n\u011bkdo, za k\u00fdm mohou ostatn\u00ed p\u0159ij\u00edt, kdy\u017e maj\u00ed zlomen\u00e9 srdce, proto\u017ee naslouch\u00e1m s l\u00e1skou: ano. Jsem sou\u010d\u00e1st\u00ed obrovsk\u00e9ho vesm\u00edru, nejsem o nic d\u016fle\u017eit\u011bj\u0161\u00ed ani m\u00e9n\u011b d\u016fle\u017eit\u00e1 ne\u017e osika: ano. A te\u010f bu\u010fte kreativn\u00ed: Jsem slune\u010dn\u00ed sv\u011btlo na vod\u011b, v\u00e1nek, kter\u00fd mi zved\u00e1 vlasy, p\u016flno\u010dn\u00ed ticho, symfonie: ano.&nbsp;<\/p>\n\n\n\n<h4 class=\"wp-block-heading\">P\u0159ij\u00edmejte v\u0161e a ned\u011blte na svat\u00e9 \u010di nesvat\u00e9<\/h4>\n\n\n\n<p>Ty jsi to v\u0161echno a je\u0161t\u011b v\u00edc ne\u017e to v\u0161echno. M\u016f\u017ee\u0161 b\u00fdt rozs\u00e1hl\u00fd i konkr\u00e9tn\u00ed, beztvar\u00fd i n\u00e1dhern\u011b stvo\u0159en\u00fd. T\u00edm, \u017ee p\u0159ijmete v\u0161echny o\u0161unt\u011bl\u00e9 i velkolep\u00e9 detaily sv\u00e9ho lidsk\u00e9ho stavu a dovol\u00edte, aby zd\u00e1nliv\u011b protich\u016fdn\u00e9 v\u011bci byly stejn\u011b pravdiv\u00e9, vy\u017eenete podm\u00edn\u011bn\u00fd hlas, kter\u00fd n\u011bkter\u00e9 v\u011bci ozna\u010duje za svat\u00e9 a jin\u00e9 za prof\u00e1nn\u00ed. Nastavte si z\u00e1m\u011br p\u0159ij\u00edmat v\u0161e, co jste, a sledujte, jak se v\u00e1\u0161 \u017eivot otev\u00edr\u00e1 jako p\u011bst, jako kv\u011btina, jako br\u00e1na. <\/p>\n\n\n\n<p class=\"has-small-font-size\">Translated with DeepL.com (free version)<\/p>\n\n\n\n<h6 class=\"wp-block-heading\">Prameny:<\/h6>\n\n\n\n<p class=\"has-small-font-size\">Mirabai Starr,&nbsp;<em>Ordinary Mysticism: Your Life as Sacred Ground\u202f&nbsp;<\/em>(HarperOne, 2024), 46\u201348.&nbsp;<\/p>\n\n\n\n<p class=\"has-small-font-size\"><strong>Image credit and inspiration<\/strong>: Taylor Heery,&nbsp;<em>untitled&nbsp;<\/em>(detail), 2021, photo,&nbsp;<a href=\"https:\/\/email.cac.org\/t\/d-l-shtklud-tlkrhyidn-x\/\">Unsplash<\/a>.&nbsp;<a href=\"https:\/\/email.cac.org\/t\/d-l-shtklud-tlkrhyidn-m\/\">Click here to enlarge image<\/a>.&nbsp;<em>Dynamic movement requires balance and respect, guided by&nbsp;ever-shifting balance points\u2014like riding a tricycle\u2014through a process of constant learning and continual growth.<\/em>&nbsp;<\/p>\n","protected":false},"excerpt":{"rendered":"<p>\u201eKdo jsem?\u201c. Nam\u00edsto z\u00e1porn\u00e9 odpov\u011bdi \u0159ekn\u011bte ano na v\u0161e, co se objev\u00ed.<\/p>\n","protected":false},"author":1,"featured_media":11363,"comment_status":"open","ping_status":"open","sticky":false,"template":"","format":"standard","meta":{"footnotes":""},"categories":[6],"tags":[],"class_list":["post-11434","post","type-post","status-publish","format-standard","has-post-thumbnail","hentry","category-frantiskanskarodina","latest_post"],"_links":{"self":[{"href":"https:\/\/www.frantiskani.cz\/index.php\/wp-json\/wp\/v2\/posts\/11434","targetHints":{"allow":["GET"]}}],"collection":[{"href":"https:\/\/www.frantiskani.cz\/index.php\/wp-json\/wp\/v2\/posts"}],"about":[{"href":"https:\/\/www.frantiskani.cz\/index.php\/wp-json\/wp\/v2\/types\/post"}],"author":[{"embeddable":true,"href":"https:\/\/www.frantiskani.cz\/index.php\/wp-json\/wp\/v2\/users\/1"}],"replies":[{"embeddable":true,"href":"https:\/\/www.frantiskani.cz\/index.php\/wp-json\/wp\/v2\/comments?post=11434"}],"version-history":[{"count":1,"href":"https:\/\/www.frantiskani.cz\/index.php\/wp-json\/wp\/v2\/posts\/11434\/revisions"}],"predecessor-version":[{"id":11435,"href":"https:\/\/www.frantiskani.cz\/index.php\/wp-json\/wp\/v2\/posts\/11434\/revisions\/11435"}],"wp:featuredmedia":[{"embeddable":true,"href":"https:\/\/www.frantiskani.cz\/index.php\/wp-json\/wp\/v2\/media\/11363"}],"wp:attachment":[{"href":"https:\/\/www.frantiskani.cz\/index.php\/wp-json\/wp\/v2\/media?parent=11434"}],"wp:term":[{"taxonomy":"category","embeddable":true,"href":"https:\/\/www.frantiskani.cz\/index.php\/wp-json\/wp\/v2\/categories?post=11434"},{"taxonomy":"post_tag","embeddable":true,"href":"https:\/\/www.frantiskani.cz\/index.php\/wp-json\/wp\/v2\/tags?post=11434"}],"curies":[{"name":"wp","href":"https:\/\/api.w.org\/{rel}","templated":true}]}}