{"id":11440,"date":"2025-05-25T13:27:23","date_gmt":"2025-05-25T11:27:23","guid":{"rendered":"https:\/\/www.frantiskani.cz\/?p=11440"},"modified":"2025-05-25T13:27:25","modified_gmt":"2025-05-25T11:27:25","slug":"co-je-to-stin","status":"publish","type":"post","link":"https:\/\/www.frantiskani.cz\/index.php\/2025\/05\/25\/co-je-to-stin\/","title":{"rendered":"Co je to st\u00edn?"},"content":{"rendered":"\n<h6 class=\"wp-block-heading\">Dvac\u00e1t\u00fd druh\u00fd t\u00fdden: P\u0159ijet\u00ed st\u00ednu Ned\u011ble 25. kv\u011btna 2025<\/h6>\n\n\n\n<p><em>Meditace tohoto t\u00fddne se zam\u011b\u0159uj\u00ed na st\u00ednov\u00e9 j\u00e1, kter\u00e9 je opakuj\u00edc\u00edm se t\u00e9matem v d\u00edle otce Richarda Rohra.<\/em><\/p>\n\n\n\n<h4 class=\"wp-block-heading\">St\u00edn &#8211; Pojem od G. Junga<\/h4>\n\n\n\n<p>St\u00ednov\u00e9 j\u00e1 je v m\u00e9 pr\u00e1ci z\u00e1sadn\u00edm pojmem, kter\u00fd v\u017edy pot\u0159ebuje po\u010d\u00e1te\u010dn\u00ed objasn\u011bn\u00ed a definici.\u202fM\u00e9 ch\u00e1p\u00e1n\u00ed st\u00ednu poch\u00e1z\u00ed p\u0159edev\u0161\u00edm od \u0161v\u00fdcarsk\u00e9ho psychoterapeuta Carla Gustava Junga (1875-1961).&nbsp;<\/p>\n\n\n\n<h4 class=\"wp-block-heading\">Osobn\u00ed st\u00edn &#8211; je to co potla\u010dujeme, co pop\u00edr\u00e1me v\u00a0rodin\u011b nebo kultu\u0159e<\/h4>\n\n\n\n<p>Za\u010dn\u011bme osobn\u00edm st\u00ednem. B\u011bhem prvn\u00ed poloviny \u017eivota (a u mnoh\u00fdch i do chronologick\u00e9 druh\u00e9 poloviny \u017eivota) si budujeme svou osobnost, sv\u00e9 odd\u011blen\u00e9 \u010di fale\u0161n\u00e9 j\u00e1. Velmi zjednodu\u0161en\u011b \u0159e\u010deno, jako d\u011bti se u\u010d\u00edme, kter\u00e9 chov\u00e1n\u00ed vyvol\u00e1v\u00e1 souhlas a kter\u00e9 nesouhlas ze strany rodiny, u\u010ditel\u016f a p\u0159\u00e1tel. Pokud chceme m\u00edt nad sv\u00fdm \u017eivotem ur\u010ditou kontrolu a vytv\u00e1\u0159et p\u0159\u00edjemn\u00e9 v\u00fdsledky, m\u00e1me tendenci rozv\u00edjet ty v\u011bci, kter\u00e9 jsou p\u0159ijateln\u00e9, a potla\u010dovat ty, kter\u00e9 p\u0159ijateln\u00e9 nejsou. V\u011bci, kter\u00e9 na sob\u011b potla\u010dujeme nebo pop\u00edr\u00e1me, se st\u00e1vaj\u00ed na\u0161\u00edm st\u00ednem. Vlastnosti, kter\u00e9 \u201eum\u00edst\u00edme\u201c do sv\u00e9ho st\u00ednu, nemus\u00ed b\u00fdt nutn\u011b \u0161patn\u00e9; jsou to prost\u011b ty, kter\u00e9 n\u00e1\u0161 rodinn\u00fd syst\u00e9m nebo kultura neodm\u011b\u0148uj\u00ed. [1]<\/p>\n\n\n\n<h4 class=\"wp-block-heading\">Pokusit se nelp\u011bt na idealizovan\u00e9 roli sebe sama<\/h4>\n\n\n\n<p>Persona (j\u00e1, kter\u00e9 prezentujeme sv\u011btu) a st\u00edn jsou souvzta\u017en\u00e9 pojmy. N\u00e1\u0161 st\u00edn je to, co o sob\u011b odm\u00edt\u00e1me uznat a co nechceme, aby ostatn\u00ed vn\u00edmali.\u202f\u010c\u00edm v\u00edce jsme si vybranou personu p\u011bstovali a chr\u00e1nili, t\u00edm v\u00edce pr\u00e1ce se st\u00ednem budeme muset ud\u011blat. Proto mus\u00edme b\u00fdt obzvl\u00e1\u0161t\u011b opatrn\u00ed, abychom nelp\u011bli na \u017e\u00e1dn\u00e9 idealizovan\u00e9 roli nebo obrazu sebe sama, jako je role ministra, rodi\u010de, l\u00e9ka\u0159e, mil\u00e9ho \u010dlov\u011bka, profesora, mor\u00e1ln\u00edho v\u011b\u0159\u00edc\u00edho nebo prezidenta t\u00e9 \u010di on\u00e9 organizace. Jsou to obrovsk\u00e9 osobnosti, kter\u00fdm je t\u0159eba dost\u00e1t, a mnoho lid\u00ed uv\u011bzn\u00ed v celo\u017eivotn\u00ed iluzi, \u017ee dan\u00e1 role je t\u00edm, k\u00fdm jsou a v\u0161\u00edm, \u010d\u00edm sm\u011bj\u00ed b\u00fdt.<\/p>\n\n\n\n<h4 class=\"wp-block-heading\">Nafukuj\u00edc\u00ed se ego je zn\u00e1mkou n\u011bjak\u00fdch st\u00edn\u016f v pozad\u00ed<\/h4>\n\n\n\n<p>\u010c\u00edm v\u00edce jsme p\u0159ipout\u00e1ni ke sv\u00e9mu chr\u00e1n\u011bn\u00e9mu obrazu sebe sama, t\u00edm v\u00edce st\u00ednov\u00e9ho j\u00e1 pravd\u011bpodobn\u011b budeme m\u00edt. Podle m\u00fdch zku\u0161enost\u00ed je to obzvl\u00e1\u0161\u0165 nebezpe\u010dn\u00e9 pro \u201educhovn\u00edho v\u016fdce\u201c nebo \u201eprofesion\u00e1ln\u00edho v\u011b\u0159\u00edc\u00edho\u201c, proto\u017ee to zahrnuje takov\u00fd ego nafukuj\u00edc\u00ed sebeobraz. Kdykoli jsou duchovn\u00ed nebo kdokoli z opravdov\u00fdch v\u011b\u0159\u00edc\u00edch p\u0159\u00edli\u0161 proti \u010demukoli, m\u016f\u017eeme si b\u00fdt docela jist\u00ed, \u017ee n\u011bkde pobl\u00ed\u017e \u010d\u00edh\u00e1 n\u011bjak\u00fd st\u00ednov\u00fd materi\u00e1l. Horlivost \u010dasto odhaluje n\u011b\u010d\u00ed p\u0159\u00edli\u0161 potla\u010den\u00fd st\u00edn.&nbsp;<\/p>\n\n\n\n<h4 class=\"wp-block-heading\">N\u00e1\u0161 obraz sebe sama je subjektivn\u00ed<\/h4>\n\n\n\n<p>N\u00e1\u0161 obraz sebe sama nen\u00ed podstatn\u00fd ani trval\u00fd; je prost\u011b vytvo\u0159en z na\u0161\u00ed vlastn\u00ed mysli, touhy a volby &#8211; a z preferenc\u00ed v\u0161ech ostatn\u00edch v\u016f\u010di n\u00e1m! Nen\u00ed v\u016fbec objektivn\u00ed, ale zcela subjektivn\u00ed (co\u017e neznamen\u00e1, \u017ee nem\u00e1 re\u00e1ln\u00fd vliv).<\/p>\n\n\n\n<h4 class=\"wp-block-heading\">Ve druh\u00e9 polovin\u011b \u017eivota je t\u0159eba objevit sv\u00e9 prav\u00e9 j\u00e1 a objevit Boha<\/h4>\n\n\n\n<p>Pohyb k moudrosti druh\u00e9 poloviny \u017eivota m\u00e1 mnoho spole\u010dn\u00e9ho s nezbytnou prac\u00ed se st\u00ednem a vznikem zdrav\u00e9ho sebekritick\u00e9ho my\u0161len\u00ed. Ty jedin\u00e9 n\u00e1m umo\u017e\u0148uj\u00ed nahl\u00e9dnout za vlastn\u00ed st\u00edn a p\u0159etv\u00e1\u0159ku a naj\u00edt to, k\u00fdm jsme, \u201eskryt\u00ed s Kristem v Bohu\u201c, jak \u0159\u00edk\u00e1 Pavel (Kol 3,3). Zenov\u00ed mist\u0159i tomu \u0159\u00edkaj\u00ed \u201etv\u00e1\u0159, kterou jsme m\u011bli, ne\u017e jsme se narodili\u201c. Toto j\u00e1 nem\u016f\u017ee zem\u0159\u00edt, \u017eije v\u011b\u010dn\u011b a je na\u0161\u00edm prav\u00fdm j\u00e1. N\u00e1bo\u017eenstv\u00ed je v\u017edy n\u011bjak\u00fdm zp\u016fsobem o objevov\u00e1n\u00ed na\u0161eho prav\u00e9ho j\u00e1 (neboli du\u0161e), co\u017e znamen\u00e1 tak\u00e9 objevov\u00e1n\u00ed Boha, kter\u00fd je na\u0161\u00ed nejhlub\u0161\u00ed pravdou. [2]<\/p>\n\n\n\n<p class=\"has-small-font-size\">Translated with DeepL.com (free version)<\/p>\n\n\n\n<h6 class=\"wp-block-heading\">Peameny:<\/h6>\n\n\n\n<p class=\"has-small-font-size\">[1] Adapted from Richard Rohr, \u201c<a href=\"https:\/\/email.cac.org\/t\/d-l-shdcud-tlkrhyidn-u\/\">Unveiling the Shadow<\/a>,\u201d&nbsp;<em>Daily Meditations<\/em>, June 13, 2021.\u202f&nbsp;<\/p>\n\n\n\n<p class=\"has-small-font-size\">[2] Adapted from Richard Rohr,&nbsp;<em><a href=\"https:\/\/email.cac.org\/t\/d-l-shdcud-tlkrhyidn-o\/\">Falling Upward: A Spirituality for the Two Halves of Life<\/a><\/em>, rev. ed.\u202f(Jossey-Bass, 2024), 81\u201383.&nbsp;<\/p>\n\n\n\n<p class=\"has-small-font-size\"><strong>Image credit and inspiration<\/strong>: Flavie Martin,&nbsp;<em>untitled&nbsp;<\/em>(detail), 2022, photo,&nbsp;<a href=\"https:\/\/email.cac.org\/t\/d-l-shdcud-tlkrhyidn-b\/\">Unsplash<\/a>.&nbsp;<a href=\"https:\/\/email.cac.org\/t\/d-l-shdcud-tlkrhyidn-n\/\">Click here to enlarge image.<\/a>&nbsp;<em>With cautious breath and glimmers of light, we step into the shadow\u2014drawn by the gifts it holds\u2014seeking the clarity and courage to name what hides.&nbsp;<\/em>&nbsp;<\/p>\n","protected":false},"excerpt":{"rendered":"<p>Pohyb k moudrosti druh\u00e9 poloviny \u017eivota m\u00e1 mnoho spole\u010dn\u00e9ho s nezbytnou prac\u00ed se st\u00ednem a vznikem zdrav\u00e9ho sebekritick\u00e9ho my\u0161len\u00ed. Ty jedin\u00e9 n\u00e1m umo\u017e\u0148uj\u00ed nahl\u00e9dnout za vlastn\u00ed st\u00edn a p\u0159etv\u00e1\u0159ku a naj\u00edt to, k\u00fdm jsme, \u201eskryt\u00ed s Kristem v Bohu\u201c, jak \u0159\u00edk\u00e1 Pavel (Kol 3,3<\/p>\n","protected":false},"author":1,"featured_media":11441,"comment_status":"open","ping_status":"open","sticky":false,"template":"","format":"standard","meta":{"footnotes":""},"categories":[198],"tags":[924,2197,355,2198],"class_list":["post-11440","post","type-post","status-publish","format-standard","has-post-thumbnail","hentry","category-richard-rohr-ofm-centrum-pro-zivot-a-rozjimani","tag-druha-polovina-zivota","tag-g-jung","tag-prave-ja","tag-stin-meho-ja","latest_post"],"_links":{"self":[{"href":"https:\/\/www.frantiskani.cz\/index.php\/wp-json\/wp\/v2\/posts\/11440","targetHints":{"allow":["GET"]}}],"collection":[{"href":"https:\/\/www.frantiskani.cz\/index.php\/wp-json\/wp\/v2\/posts"}],"about":[{"href":"https:\/\/www.frantiskani.cz\/index.php\/wp-json\/wp\/v2\/types\/post"}],"author":[{"embeddable":true,"href":"https:\/\/www.frantiskani.cz\/index.php\/wp-json\/wp\/v2\/users\/1"}],"replies":[{"embeddable":true,"href":"https:\/\/www.frantiskani.cz\/index.php\/wp-json\/wp\/v2\/comments?post=11440"}],"version-history":[{"count":1,"href":"https:\/\/www.frantiskani.cz\/index.php\/wp-json\/wp\/v2\/posts\/11440\/revisions"}],"predecessor-version":[{"id":11442,"href":"https:\/\/www.frantiskani.cz\/index.php\/wp-json\/wp\/v2\/posts\/11440\/revisions\/11442"}],"wp:featuredmedia":[{"embeddable":true,"href":"https:\/\/www.frantiskani.cz\/index.php\/wp-json\/wp\/v2\/media\/11441"}],"wp:attachment":[{"href":"https:\/\/www.frantiskani.cz\/index.php\/wp-json\/wp\/v2\/media?parent=11440"}],"wp:term":[{"taxonomy":"category","embeddable":true,"href":"https:\/\/www.frantiskani.cz\/index.php\/wp-json\/wp\/v2\/categories?post=11440"},{"taxonomy":"post_tag","embeddable":true,"href":"https:\/\/www.frantiskani.cz\/index.php\/wp-json\/wp\/v2\/tags?post=11440"}],"curies":[{"name":"wp","href":"https:\/\/api.w.org\/{rel}","templated":true}]}}