{"id":11768,"date":"2025-06-24T08:52:21","date_gmt":"2025-06-24T06:52:21","guid":{"rendered":"https:\/\/www.frantiskani.cz\/?p=11768"},"modified":"2025-06-24T08:52:23","modified_gmt":"2025-06-24T06:52:23","slug":"zive-viditelne-vzory","status":"publish","type":"post","link":"https:\/\/www.frantiskani.cz\/index.php\/2025\/06\/24\/zive-viditelne-vzory\/","title":{"rendered":"\u017div\u00e9, viditeln\u00e9 vzory"},"content":{"rendered":"\n<h6 class=\"wp-block-heading\">T\u00fdden dvac\u00e1t\u00fd \u0161est\u00fd: Vytv\u00e1\u0159en\u00ed komunit zm\u011bny-\u00dater\u00fd, 24. \u010dervna 2025<\/h6>\n\n\n\n<p><em>Otec Richard u\u010d\u00ed, \u017ee nov\u00e9 zp\u016fsoby byt\u00ed ve sv\u011bt\u011b m\u016f\u017eeme praktikovat pouze tehdy, pokud si zachov\u00e1me ur\u010ditou m\u00edru odpoutanosti od syst\u00e9m\u016f kolem n\u00e1s:&nbsp;<\/em><\/p>\n\n\n\n<h4 class=\"wp-block-heading\">Nep\u0159ipoutanost ke sv\u011btu<\/h4>\n\n\n\n<p>Z\u00e1kladem Je\u017e\u00ed\u0161ova soci\u00e1ln\u00edho programu je to, co naz\u00fdv\u00e1m neidolatrie, neboli zbaven\u00ed se na\u0161eho okouzlen\u00ed v\u0161emi kr\u00e1lovstv\u00edmi krom\u011b kr\u00e1lovstv\u00ed Bo\u017e\u00edho. To podporuje mnohem lep\u0161\u00ed program ne\u017e pocit nutnosti p\u0159\u00edmo \u00fato\u010dit na v\u011bci. Nep\u0159ipoutanost (osvobozen\u00ed od loajality k lidmi vytvo\u0159en\u00fdm syst\u00e9m\u016fm nadvl\u00e1dy) je podle m\u00e9ho n\u00e1zoru nejlep\u0161\u00ed zp\u016fsob, jak chr\u00e1nit lidi p\u0159ed n\u00e1bo\u017eensk\u00fdm fanatismem nebo jak\u00fdmkoli druhem nep\u0159\u00e1telsk\u00e9ho my\u0161len\u00ed \u010di chov\u00e1n\u00ed. I kdy\u017e ur\u010dit\u011b existuj\u00ed v\u011bci, proti kter\u00fdm jsme, mus\u00edme se soust\u0159edit na to d\u016fle\u017eit\u00e9, pro co jsme!<\/p>\n\n\n\n<h4 class=\"wp-block-heading\">Odli\u0161n\u00e1 cesta od cest sv\u011bta<\/h4>\n\n\n\n<p>Pavel se sna\u017e\u00ed vytvo\u0159it n\u011bjak\u00e9 \u201eaudiovizu\u00e1ln\u00ed pom\u016fcky\u201c pro toto d\u016fle\u017eit\u00e9 poselstv\u00ed, kter\u00e9 naz\u00fdv\u00e1 \u201ec\u00edrkve\u201c (term\u00edn, kter\u00fd Je\u017e\u00ed\u0161 pou\u017eil pouze dvakr\u00e1t, a to v Matou\u0161ovi 16:18 a 18:17). Pavel v\u00ed, \u017ee pot\u0159ebujeme \u017eiv\u00e9, viditeln\u00e9 vzory tohoto nov\u00e9ho druhu \u017eivota, aby bylo z\u0159ejm\u00e9, \u017ee Kristovi lid\u00e9 skute\u010dn\u011b n\u00e1sleduj\u00ed cestu odli\u0161nou od masov\u00e9ho v\u011bdom\u00ed.<\/p>\n\n\n\n<h4 class=\"wp-block-heading\">V&nbsp;Kristu u\u017e nejsou rozd\u00edly<\/h4>\n\n\n\n<p>Jsou to lid\u00e9, kte\u0159\u00ed \u201emohou b\u00fdt nevinn\u00ed a up\u0159\u00edmn\u00ed &#8230; a mohou z\u00e1\u0159it jako hv\u011bzdy mezi podvodn\u00fdm a z\u00e1ke\u0159n\u00fdm pokolen\u00edm\u201c (Filipsk\u00fdm 2:15). Lidem, kte\u0159\u00ed se ptali: \u201ePro\u010d bychom m\u011bli v\u011b\u0159it, \u017ee je mo\u017en\u00fd nov\u00fd nebo lep\u0161\u00ed \u017eivot?\u201c, mohl Pavel odpov\u011bd\u011bt: \u201ePod\u00edvejte se na tyto lidi. Jsou jin\u00ed. Toto je nov\u00fd spole\u010densk\u00fd \u0159\u00e1d.\u201c V Kristu \u201eu\u017e nen\u00ed rozd\u00edlu mezi \u017didem a \u0158ekem, otrokem a svobodn\u00fdm, mu\u017eem a \u017eenou, ale v\u0161ichni jste jedno v Kristu Je\u017e\u00ed\u0161i\u201c (Galatsk\u00fdm 3:28).&nbsp;<\/p>\n\n\n\n<h4 class=\"wp-block-heading\">Vytvo\u0159it si sv\u016fj alternativn\u00ed model<\/h4>\n\n\n\n<p>Podle Pavlova u\u010den\u00ed jsme m\u011bli \u017e\u00edt v alternativn\u00ed spole\u010dnosti, t\u00e9m\u011b\u0159 v utopii, a z t\u00e9to plnosti \u201ej\u00edt do sv\u011bta\u201c. M\u00edsto toho jsme vytvo\u0159ili model, ve kter\u00e9m lid\u00e9 \u017eij\u00ed t\u00e9m\u011b\u0159 v\u00fdhradn\u011b ve sv\u011bt\u011b, pln\u011b se v\u011bnuj\u00ed jeho postoj\u016fm k pen\u011bz\u016fm, v\u00e1lce a moci \u2013 a n\u011bkdy \u201echod\u00ed do kostela\u201c. To z\u0159ejm\u011b nefunguje! V k\u0159es\u0165anstv\u00ed maj\u00ed skupiny jako Amishov\u00e9, Bruderhof, \u010derno\u0161sk\u00e9 c\u00edrkve a \u010dlenov\u00e9 n\u011bkter\u00fdch katolick\u00fdch \u0159eholn\u00edch \u0159\u00e1d\u016f pravd\u011bpodobn\u011b v\u011bt\u0161\u00ed \u0161anci skute\u010dn\u011b si udr\u017eet alternativn\u00ed v\u011bdom\u00ed. V\u011bt\u0161ina z n\u00e1s ostatn\u00edch nakonec uva\u017euje a jedn\u00e1 podobn\u011b jako okoln\u00ed kultura.&nbsp;<\/p>\n\n\n\n<h4 class=\"wp-block-heading\">Podp\u016frn\u00e1 skupina<\/h4>\n\n\n\n<p>Mnoho lid\u00ed nyn\u00ed nach\u00e1z\u00ed tuto solidaritu v think tankech, podp\u016frn\u00fdch skupin\u00e1ch, modlitebn\u00edch skupin\u00e1ch, studijn\u00edch skupin\u00e1ch, projektech v\u00fdstavby dom\u016f, l\u00e9\u010debn\u00fdch kruz\u00edch nebo organizac\u00edch zam\u011b\u0159en\u00fdch na komunitu. Mo\u017en\u00e1 si to pln\u011b neuv\u011bdomujeme, ale ve skute\u010dnosti sm\u011b\u0159ujeme spr\u00e1vn\u00fdm sm\u011brem.<\/p>\n\n\n\n<h4 class=\"wp-block-heading\">Pot\u0159ebujeme \u017eivou komunitu<\/h4>\n\n\n\n<p>N\u011bkter\u00e9 nov\u00e9 studie nazna\u010duj\u00ed, \u017ee k\u0159es\u0165an\u00e9 tolik neopou\u0161t\u011bj\u00ed k\u0159es\u0165anstv\u00ed, jako se sp\u00ed\u0161e p\u0159ikl\u00e1n\u011bj\u00ed ke skupin\u00e1m, kter\u00e9 \u017eij\u00ed k\u0159es\u0165ansk\u00fdmi hodnotami ve sv\u011bt\u011b \u2013 m\u00edsto toho, aby se jen sch\u00e1zeli, aby v ned\u011bli poslouchali \u010dten\u00ed, recitovali vyzn\u00e1n\u00ed v\u00edry a zp\u00edvali p\u00edsn\u011b. Je\u017e\u00ed\u0161 nepot\u0159ebuje na\u0161e zp\u011bvy; my naopak pot\u0159ebujeme jednat jako komunita. Skute\u010dn\u00e9 k\u0159es\u0165ansk\u00e9 chov\u00e1n\u00ed mo\u017en\u00e1 roste v\u00edce, ne\u017e si uv\u011bdomujeme. Chov\u00e1n\u00ed m\u00e1 zcela jin\u00fd v\u00fdznam ne\u017e pouh\u00e9 \u010dlenstv\u00ed.&nbsp;<\/p>\n\n\n\n<h4 class=\"wp-block-heading\">Bo\u017e\u00ed srdce<\/h4>\n\n\n\n<p>Pamatujte, \u017ee nez\u00e1le\u017e\u00ed na zna\u010dce.\u00a0Z\u00e1le\u017e\u00ed na tom, aby Bo\u017e\u00ed srdce bylo dostupn\u00e9 a aktivn\u00ed na t\u00e9to zemi.\u00a0<\/p>\n\n\n\n<p class=\"has-small-font-size\">Translated with DeepL.com (free version)<\/p>\n\n\n\n<h6 class=\"wp-block-heading\">Prameny:<\/h6>\n\n\n\n<p class=\"has-small-font-size\">Adapted from Richard Rohr,\u202f<em><a href=\"https:\/\/email.cac.org\/t\/d-l-sktttdl-tlkrhyidn-b\/\">The Universal Christ: How a Forgotten Reality Can Change Everything We See, Hope for, and Believe<\/a>&nbsp;<\/em>(Convergent, 2021), 197, 200\u2013201.&nbsp;<\/p>\n\n\n\n<p class=\"has-small-font-size\"><strong>Image credit and inspiration<\/strong>: Joel Muniz,&nbsp;<em>untitled&nbsp;<\/em>(detail), 2020, photo,&nbsp;<a href=\"https:\/\/email.cac.org\/t\/d-l-sktttdl-tlkrhyidn-n\/\">Unsplash<\/a>.&nbsp;<a href=\"https:\/\/email.cac.org\/t\/d-l-sktttdl-tlkrhyidn-p\/\">Click here to enlarge image<\/a>.&nbsp;<em>In a simple act of solidarity, this photo captures people delivering food to a food bank during the pandemic\u2014a quiet reminder that real change happens when we show up for each other.<\/em>&nbsp;<\/p>\n","protected":false},"excerpt":{"rendered":"<p>N\u011bkter\u00e9 nov\u00e9 studie nazna\u010duj\u00ed, \u017ee k\u0159es\u0165an\u00e9 tolik neopou\u0161t\u011bj\u00ed k\u0159es\u0165anstv\u00ed, jako se sp\u00ed\u0161e p\u0159ikl\u00e1n\u011bj\u00ed ke skupin\u00e1m, kter\u00e9 \u017eij\u00ed k\u0159es\u0165ansk\u00fdmi hodnotami ve sv\u011bt\u011b \u2013 m\u00edsto toho, aby se jen sch\u00e1zeli, aby v ned\u011bli poslouchali \u010dten\u00ed, recitovali vyzn\u00e1n\u00ed v\u00edry a zp\u00edvali p\u00edsn\u011b. Je\u017e\u00ed\u0161 nepot\u0159ebuje na\u0161e zp\u011bvy; my naopak pot\u0159ebujeme jednat jako komunita. Skute\u010dn\u00e9 k\u0159es\u0165ansk\u00e9 chov\u00e1n\u00ed mo\u017en\u00e1 roste v\u00edce, ne\u017e si uv\u011bdomujeme. Chov\u00e1n\u00ed m\u00e1 zcela jin\u00fd v\u00fdznam ne\u017e pouh\u00e9 \u010dlenstv\u00ed.\u00a0<\/p>\n","protected":false},"author":1,"featured_media":11758,"comment_status":"open","ping_status":"open","sticky":false,"template":"","format":"standard","meta":{"footnotes":""},"categories":[198],"tags":[2246,2245,524],"class_list":["post-11768","post","type-post","status-publish","format-standard","has-post-thumbnail","hentry","category-richard-rohr-ofm-centrum-pro-zivot-a-rozjimani","tag-alternativy","tag-bozske-srdce","tag-komunita","latest_post"],"_links":{"self":[{"href":"https:\/\/www.frantiskani.cz\/index.php\/wp-json\/wp\/v2\/posts\/11768","targetHints":{"allow":["GET"]}}],"collection":[{"href":"https:\/\/www.frantiskani.cz\/index.php\/wp-json\/wp\/v2\/posts"}],"about":[{"href":"https:\/\/www.frantiskani.cz\/index.php\/wp-json\/wp\/v2\/types\/post"}],"author":[{"embeddable":true,"href":"https:\/\/www.frantiskani.cz\/index.php\/wp-json\/wp\/v2\/users\/1"}],"replies":[{"embeddable":true,"href":"https:\/\/www.frantiskani.cz\/index.php\/wp-json\/wp\/v2\/comments?post=11768"}],"version-history":[{"count":1,"href":"https:\/\/www.frantiskani.cz\/index.php\/wp-json\/wp\/v2\/posts\/11768\/revisions"}],"predecessor-version":[{"id":11769,"href":"https:\/\/www.frantiskani.cz\/index.php\/wp-json\/wp\/v2\/posts\/11768\/revisions\/11769"}],"wp:featuredmedia":[{"embeddable":true,"href":"https:\/\/www.frantiskani.cz\/index.php\/wp-json\/wp\/v2\/media\/11758"}],"wp:attachment":[{"href":"https:\/\/www.frantiskani.cz\/index.php\/wp-json\/wp\/v2\/media?parent=11768"}],"wp:term":[{"taxonomy":"category","embeddable":true,"href":"https:\/\/www.frantiskani.cz\/index.php\/wp-json\/wp\/v2\/categories?post=11768"},{"taxonomy":"post_tag","embeddable":true,"href":"https:\/\/www.frantiskani.cz\/index.php\/wp-json\/wp\/v2\/tags?post=11768"}],"curies":[{"name":"wp","href":"https:\/\/api.w.org\/{rel}","templated":true}]}}