{"id":11782,"date":"2025-06-25T20:05:30","date_gmt":"2025-06-25T18:05:30","guid":{"rendered":"https:\/\/www.frantiskani.cz\/?p=11782"},"modified":"2025-06-25T20:15:28","modified_gmt":"2025-06-25T18:15:28","slug":"komunitni-pece","status":"publish","type":"post","link":"https:\/\/www.frantiskani.cz\/index.php\/2025\/06\/25\/komunitni-pece\/","title":{"rendered":"Komunitn\u00ed p\u00e9\u010de"},"content":{"rendered":"\n<p class=\"has-small-font-size\">T\u00fdden dvac\u00e1t\u00fd \u0161est\u00fd: Vytv\u00e1\u0159en\u00ed komunit zm\u011bny-St\u0159eda, 25. \u010dervna 2025<\/p>\n\n\n\n<p><em>Rab\u00ednka Sharon Brous klade individu\u00e1ln\u00ed p\u00e9\u010di a vztahy do centra smyslupln\u00e9 komunity.<\/em><\/p>\n\n\n\n<h4 class=\"wp-block-heading\">Spole\u010dn\u00fd c\u00edl a spole\u010dn\u00fd sen<\/h4>\n\n\n\n<p>Vztahy vz\u00e1jemn\u00e9 p\u00e9\u010de jsou zako\u0159en\u011bny v l\u00e1sce i d\u016fv\u011b\u0159e. Jsou to lid\u00e9, o kter\u00fdch v\u00edme, \u017ee budou pe\u010dovat o na\u0161e srdce. Jsme ochotni jim odpustit, kdy\u017e ud\u011blaj\u00ed chybu, a douf\u00e1me, \u017ee oni ud\u011blaj\u00ed tot\u00e9\u017e pro n\u00e1s. C\u00edt\u00edme se navz\u00e1jem zodpov\u011bdn\u00ed. Chceme s nimi sd\u00edlet na\u0161e d\u016fle\u017eit\u00e9 okam\u017eiky, jak t\u011b\u017ek\u00e9, tak radostn\u00e9. Spole\u010dn\u011b se n\u00e1m da\u0159\u00ed. Vztahy zalo\u017een\u00e9 na spole\u010dn\u00e9m c\u00edli jsou zako\u0159en\u011bny nejen v z\u00e1vazku v\u016f\u010di sob\u011b navz\u00e1jem, ale tak\u00e9 ve spole\u010dn\u00e9m snu&#8230;<\/p>\n\n\n\n<h4 class=\"wp-block-heading\">Setk\u00e1n\u00ed jako p\u0159\u00edle\u017eitost k propojen\u00ed<\/h4>\n\n\n\n<p>Pokud je ide\u00e1ln\u00ed m\u00edsto&#8230; pr\u016fse\u010d\u00edkem vz\u00e1jemn\u00e9ho z\u00e1jmu a spole\u010dn\u00e9ho c\u00edle, chci zako\u0159enit v komunit\u011b, kter\u00e1 stoj\u00ed na tom sam\u00e9m pr\u016fse\u010d\u00edku. Takov\u00e1 komunita vn\u00edm\u00e1 ka\u017ed\u00fd ritu\u00e1l, ka\u017edou bohoslu\u017ebu a ka\u017ed\u00e9 setk\u00e1n\u00ed jako p\u0159\u00edle\u017eitost k prohlouben\u00ed vz\u00e1jemn\u00e9ho propojen\u00ed.<\/p>\n\n\n\n<h4 class=\"wp-block-heading\">Duchovn\u00ed kotva<\/h4>\n\n\n\n<p>Investuje do lid\u00ed jako do slo\u017eit\u00fdch, mnohostrann\u00fdch, zran\u011bn\u00fdch, kr\u00e1sn\u00fdch jedinc\u016f, z nich\u017e ka\u017ed\u00fd je nezbytn\u00fd pro v\u011bt\u0161\u00ed celek. Tento druh komunity je poh\u00e1n\u011bn ot\u00e1zkami jako \u201eKdo jsi a co t\u011b sem p\u0159iv\u00e1d\u00ed?\u201c sp\u00ed\u0161e ne\u017e \u201eKde pracuje\u0161?\u201c&#8230; Tento druh komunity vytv\u00e1\u0159\u00ed duchovn\u00ed kotvy \u2013 pravideln\u00e9 p\u0159\u00edle\u017eitosti pro lidi, aby se spole\u010dn\u011b modlili, zp\u00edvali, truchlili, u\u010dili se a p\u0159em\u00fd\u0161leli. Uzn\u00e1v\u00e1 kolektivn\u00ed s\u00edlu lid\u00ed dobr\u00e9 v\u016fle, kte\u0159\u00ed pracuj\u00ed na uzdraven\u00ed \u0161ir\u0161\u00ed spole\u010dnosti, a up\u0159ednost\u0148uje vytv\u00e1\u0159en\u00ed cest pro vykon\u00e1v\u00e1n\u00ed svat\u00e9 pr\u00e1ce. Investuje do vytv\u00e1\u0159en\u00ed posv\u00e1tn\u00e9ho prostoru, kter\u00fd podporuje nejen inkluzi, ale tak\u00e9 soun\u00e1le\u017eitost, intimitu a autenti\u010dnost, l\u00e1sku a odpov\u011bdnost. [1]<\/p>\n\n\n\n<h4 class=\"wp-block-heading\">Nejen k\u00e1zat ale i \u017e\u00edt<\/h4>\n\n\n\n<p>Uv\u011bdomuj\u00edc si kolektivn\u00ed osam\u011blost a zoufalstv\u00ed, kter\u00e9 za\u017e\u00edv\u00e1 tolik lid\u00ed v na\u0161\u00ed kultu\u0159e, Brousova komunita se hloub\u011bji zav\u00e1zala setk\u00e1vat se s lidmi tam, kde se nach\u00e1zej\u00ed.&nbsp;<\/p>\n\n\n\n<p>Na\u0161\u00ed prac\u00ed nen\u00ed jen k\u00e1zat teologii l\u00e1sky a soun\u00e1le\u017eitosti, ale tak\u00e9 zajistit, aby se na\u0161e komunity sna\u017eily tento \u00fakol napl\u0148ovat. Jsem p\u0159esv\u011bd\u010dena, \u017ee to je nejd\u016fle\u017eit\u011bj\u0161\u00ed pr\u00e1ce, kterou jsme ud\u011blali.<\/p>\n\n\n\n<h4 class=\"wp-block-heading\">Mo\u017enost mluvit otev\u0159en\u011b a m\u00edt d\u016fv\u011bru<\/h4>\n\n\n\n<p>To je amen efekt \u2013 posv\u00e1tn\u00fd \u00fakol naslouchat si navz\u00e1jem, p\u0159ij\u00edmat se navz\u00e1jem, milovat se navz\u00e1jem, zejm\u00e9na v t\u011b\u017ek\u00fdch dnech. \u0158\u00edkat si navz\u00e1jem \u201eamen\u201c.&nbsp;<\/p>\n\n\n\n<p>Br\u00e1t tento \u00fakol v\u00e1\u017en\u011b znamen\u00e1 ud\u011blat v\u0161e, co je v na\u0161ich sil\u00e1ch, abychom osvobodili na\u0161e posv\u00e1tn\u00e9 prostory od hanby a stigmatu. Znamen\u00e1 to mluvit up\u0159\u00edmn\u011b a otev\u0159en\u011b o odlou\u010denosti a osam\u011blosti, depresi, \u00fazkosti a z\u00e1vislosti&#8230; Komunity l\u00e1sky a soun\u00e1le\u017eitosti jsou prostory, kde i v na\u0161ich nejzraniteln\u011bj\u0161\u00edch chv\u00edl\u00edch jsme st\u00e1le ochotni se uk\u00e1zat a za\u010d\u00edt kr\u00e1\u010det, s d\u016fv\u011brou, \u017ee na\u0161e komunita, ti, kte\u0159\u00ed se k n\u00e1m p\u0159ibli\u017euj\u00ed, se nebudou d\u00edvat jinam.&nbsp;<\/p>\n\n\n\n<h4 class=\"wp-block-heading\">Smyslu pln\u00e9 spojen\u00ed odstran\u00ed mor odcizen\u00ed<\/h4>\n\n\n\n<p>V\u011bdeck\u00e1 data a duchovn\u00ed pozn\u00e1n\u00ed se zde siln\u011b shoduj\u00ed. Odcizen\u00ed je morem na\u0161\u00ed spole\u010dnosti, morem temnoty. Protijedem je bohat\u00e9, smyslupln\u00e9 spojen\u00ed. V\u0161ichni pot\u0159ebujeme ezer k\u2019negdo [2] \u2013 n\u011bkoho, kdo se setk\u00e1 s na\u0161\u00ed zranitelnost\u00ed s pozornost\u00ed a p\u00e9\u010d\u00ed, kdo s n\u00e1mi bude plakat celou noc a kdo s n\u00e1mi bude st\u00e1t v z\u00e1kopech a s l\u00e1skou pracovat na budov\u00e1n\u00ed lep\u0161\u00edho sv\u011bta. [3]<\/p>\n\n\n\n<p class=\"has-small-font-size\">Translated with DeepL.com (free version)<\/p>\n\n\n\n<h6 class=\"wp-block-heading\">Prameny:<\/h6>\n\n\n\n<p class=\"has-small-font-size\">[1] Sharon Brous,&nbsp;<em>The Amen Effect: Ancient Wisdom to Mend Our Broken Hearts and World&nbsp;<\/em>(Avery, 2024), 39, 41\u201342.&nbsp;<\/p>\n\n\n\n<p class=\"has-small-font-size\">[2]&nbsp;<em>Ezer k\u2019negdo&nbsp;<\/em>is the Hebrew word found in Genesis 2:18. It is usually translated as helpmate, but it really means someone to help you (an&nbsp;<em>ezer<\/em>) by standing opposite you (<em>k\u2019neged lo<\/em>). Someone to face you, even when everyone else looks away (Brous, 35\u201336).<em>&nbsp;<\/em>&nbsp;<\/p>\n\n\n\n<p class=\"has-small-font-size\">Ezer k\u2019negdo je hebrejsk\u00e9 slovo, kter\u00e9 se nach\u00e1z\u00ed v Genesis 2:18. Obvykle se p\u0159ekl\u00e1d\u00e1 jako pomocn\u00edk, ale ve skute\u010dnosti znamen\u00e1 n\u011bkoho, kdo v\u00e1m pom\u00e1h\u00e1 (ezer) t\u00edm, \u017ee stoj\u00ed naproti v\u00e1m (k\u2019neged lo). N\u011bkoho, kdo se v\u00e1m postav\u00ed, i kdy\u017e v\u0161ichni ostatn\u00ed odvr\u00e1t\u00ed zrak (Brous, 35\u201336)<\/p>\n\n\n\n<p class=\"has-small-font-size\">[3] Brous,&nbsp;<em>Amen<\/em>, 44\u201345.&nbsp;<\/p>\n\n\n\n<p class=\"has-small-font-size\"><strong>Image credit and inspiration<\/strong>: Joel Muniz,&nbsp;<em>untitled&nbsp;<\/em>(detail), 2020, photo,&nbsp;<a href=\"https:\/\/email.cac.org\/t\/d-l-sktttky-dhujjlkyut-b\/\">Unsplash<\/a>.&nbsp;<a href=\"https:\/\/email.cac.org\/t\/d-l-sktttky-dhujjlkyut-n\/\">Click here to enlarge image<\/a>.&nbsp;<em>In a simple act of solidarity, this photo captures people delivering food to a food bank during the pandemic\u2014a quiet reminder that real change happens when we show up for each other.<\/em>&nbsp;<\/p>\n\n\n\n<p><\/p>\n","protected":false},"excerpt":{"rendered":"<p>Komunity l\u00e1sky a soun\u00e1le\u017eitosti jsou prostory, kde i v na\u0161ich nejzraniteln\u011bj\u0161\u00edch chv\u00edl\u00edch jsme st\u00e1le ochotni se uk\u00e1zat a za\u010d\u00edt kr\u00e1\u010det, s d\u016fv\u011brou, \u017ee na\u0161e komunita, ti, kte\u0159\u00ed se k n\u00e1m p\u0159ibli\u017euj\u00ed, se nebudou d\u00edvat jinam.<\/p>\n","protected":false},"author":1,"featured_media":11758,"comment_status":"open","ping_status":"open","sticky":false,"template":"","format":"standard","meta":{"footnotes":""},"categories":[198],"tags":[524,554,2247],"class_list":["post-11782","post","type-post","status-publish","format-standard","has-post-thumbnail","hentry","category-richard-rohr-ofm-centrum-pro-zivot-a-rozjimani","tag-komunita","tag-naslouchat","tag-odcizeni","latest_post"],"_links":{"self":[{"href":"https:\/\/www.frantiskani.cz\/index.php\/wp-json\/wp\/v2\/posts\/11782","targetHints":{"allow":["GET"]}}],"collection":[{"href":"https:\/\/www.frantiskani.cz\/index.php\/wp-json\/wp\/v2\/posts"}],"about":[{"href":"https:\/\/www.frantiskani.cz\/index.php\/wp-json\/wp\/v2\/types\/post"}],"author":[{"embeddable":true,"href":"https:\/\/www.frantiskani.cz\/index.php\/wp-json\/wp\/v2\/users\/1"}],"replies":[{"embeddable":true,"href":"https:\/\/www.frantiskani.cz\/index.php\/wp-json\/wp\/v2\/comments?post=11782"}],"version-history":[{"count":1,"href":"https:\/\/www.frantiskani.cz\/index.php\/wp-json\/wp\/v2\/posts\/11782\/revisions"}],"predecessor-version":[{"id":11783,"href":"https:\/\/www.frantiskani.cz\/index.php\/wp-json\/wp\/v2\/posts\/11782\/revisions\/11783"}],"wp:featuredmedia":[{"embeddable":true,"href":"https:\/\/www.frantiskani.cz\/index.php\/wp-json\/wp\/v2\/media\/11758"}],"wp:attachment":[{"href":"https:\/\/www.frantiskani.cz\/index.php\/wp-json\/wp\/v2\/media?parent=11782"}],"wp:term":[{"taxonomy":"category","embeddable":true,"href":"https:\/\/www.frantiskani.cz\/index.php\/wp-json\/wp\/v2\/categories?post=11782"},{"taxonomy":"post_tag","embeddable":true,"href":"https:\/\/www.frantiskani.cz\/index.php\/wp-json\/wp\/v2\/tags?post=11782"}],"curies":[{"name":"wp","href":"https:\/\/api.w.org\/{rel}","templated":true}]}}