{"id":11803,"date":"2025-06-26T10:07:14","date_gmt":"2025-06-26T08:07:14","guid":{"rendered":"https:\/\/www.frantiskani.cz\/?p=11803"},"modified":"2025-06-26T10:07:16","modified_gmt":"2025-06-26T08:07:16","slug":"kolektivni-dopad","status":"publish","type":"post","link":"https:\/\/www.frantiskani.cz\/index.php\/2025\/06\/26\/kolektivni-dopad\/","title":{"rendered":"Kolektivn\u00ed dopad"},"content":{"rendered":"\n<h6 class=\"wp-block-heading\">T\u00fdden dvac\u00e1t\u00fd \u0161est\u00fd: Vytv\u00e1\u0159en\u00ed komunit zm\u011bny-\u010ctvrtek, 26. \u010dervna 2025<\/h6>\n\n\n\n<p><em>Rev. Dr. Jacqui Lewis uva\u017euje o tom, jak individu\u00e1ln\u00ed rozhodnut\u00ed vedou ke kolektivn\u00ed zm\u011bn\u011b:&nbsp;<\/em><\/p>\n\n\n\n<h4 class=\"wp-block-heading\">Soci\u00e1ln\u00ed prom\u011bna<\/h4>\n\n\n\n<p>V\u0161ichni mus\u00edme \u010delit a p\u0159ijmout nal\u00e9havou pot\u0159ebu hlubok\u00e9 soci\u00e1ln\u00ed zm\u011bny \u2013 zm\u011bny, kter\u00e1 za\u010d\u00edn\u00e1 uvnit\u0159, pak se \u0161\u00ed\u0159\u00ed jako vlny na rybn\u00edku a nakonec se st\u00e1v\u00e1 tsunami zm\u011bny inspirovan\u00e9 l\u00e1skou. Bez ohledu na v\u00e1\u0161 v\u011bk, rasu, v\u00edru, pohlav\u00ed nebo sexu\u00e1ln\u00ed orientaci douf\u00e1m, \u017ee v\u00e1m d\u00e1m nov\u00fd pocit s\u00edly, kterou m\u00e1te, abyste byli dob\u0159\u00ed a trvali na dobru; abyste se starali o druh\u00e9 a trvali na tom, aby se starali o v\u00e1s; abyste se zast\u00e1vali zraniteln\u00fdch a postavili se proti nespravedlnosti; abyste milovali a byli milov\u00e1ni&#8230;&nbsp;<\/p>\n\n\n\n<h4 class=\"wp-block-heading\">Lep\u0161\u00ed sv\u011bt znamen\u00e1 zlep\u0161en\u00ed cel\u00e9 komunity sv\u011bta<\/h4>\n\n\n\n<p>V\u00edm, \u017ee je to pravda: sv\u011bt nebude skv\u011bl\u00fd, pokud se v\u0161ichni nezlep\u0161\u00edme. Pokud existuje n\u011bco jako sp\u00e1sa, pak nejsme spaseni, dokud nejsou spaseni v\u0161ichni; na\u0161e d\u016fstojnost a osvobozen\u00ed jsou spolu propojeny. Mus\u00edme se starat o sebe a o vesnici kolem n\u00e1s. Pokud to neud\u011bl\u00e1me, probl\u00e9my vesnice se stanou na\u0161imi probl\u00e9my a na\u0161e d\u011bti se budou i nad\u00e1le schov\u00e1vat p\u0159ed kulkami ve sv\u00fdch t\u0159\u00edd\u00e1ch. Bezpe\u010dnostn\u00ed s\u00edt\u011b na\u0161ich star\u0161\u00edch budou ohro\u017eeny. Na\u0161i mlad\u00ed dosp\u011bl\u00ed budou \u010delit rostouc\u00edm dluh\u016fm a vyd\u011bl\u00e1vat m\u00e9n\u011b ne\u017e jejich rodi\u010de. Strach, xenofobie, rasismus, bigotnost \u2013 tyto probl\u00e9my se t\u00fdkaj\u00ed n\u00e1s v\u0161ech a zlep\u0161\u00ed se, a\u017e se zlep\u0161\u00edme my v\u0161ichni!<\/p>\n\n\n\n<p><em>Otec Richard poukazuje na hodnotu v\u011brnosti spole\u010dn\u00e9mu dobru:<\/em><\/p>\n\n\n\n<h4 class=\"wp-block-heading\">Spole\u010dn\u00e9 dobro ne jen soukrom\u00e9<\/h4>\n\n\n\n<p>Jak\u00fd je hlavn\u00ed princip katolick\u00e9 mor\u00e1ln\u00ed teologie? Spole\u010dn\u00e9 dobro. Co je pot\u0159ebn\u00e9 pro spole\u010dn\u00e9 dobro, a ne jen pro m\u00e9 soukrom\u00e9 dobro? To je pro z\u00e1padn\u00ed lidi velmi t\u011b\u017ek\u00e1 ot\u00e1zka. Ve skute\u010dnosti mnoz\u00ed z n\u00e1s ani nev\u011bd\u00ed, \u017ee se jedn\u00e1 o ot\u00e1zku.&nbsp;<\/p>\n\n\n\n<h4 class=\"wp-block-heading\">V\u011brnost Bohu cel\u00fd \u017eivoz\u2018t<\/h4>\n\n\n\n<p>V na\u0161\u00ed postmodern\u00ed, sekul\u00e1rn\u00ed kultu\u0159e m\u016f\u017ee b\u00fdt v\u011brnost n\u011b\u010demu pova\u017eov\u00e1na za starom\u00f3dn\u00ed. N\u011bkdy mi lid\u00e9 d\u011bkuj\u00ed za to, \u017ee z\u016fst\u00e1v\u00e1m v komunit\u011b a ve v\u00ed\u0159e, co\u017e je pro m\u011b ten nejlep\u0161\u00ed kompliment. To neznamen\u00e1, \u017ee jsem to v\u0161echny ty roky d\u011blal dokonale \u2013 tak\u00e9 jsem se dostal do slep\u00fdch uli\u010dek. Ale v\u011brnost znamen\u00e1 b\u00fdt v\u011brn\u00fd Bohu, v\u011brn\u00fd Kristu a v\u011brn\u00fd evangeliu, kter\u00e9 n\u00e1s v\u0161echny vol\u00e1 za hranice n\u00e1s sam\u00fdch.&nbsp;<\/p>\n\n\n\n<h4 class=\"wp-block-heading\">V\u00e1clav Havel nejprve budoval komunitu<\/h4>\n\n\n\n<p>Bu\u010fte tedy v\u011brn\u00ed! Jd\u011bte a\u017e na sam\u00fd okraj, najd\u011bte milovanou komunitu, budujte alternativu, paraleln\u00ed kulturu, v mal\u00fdch komunit\u00e1ch. V\u00e1clav Havel, b\u00e1sn\u00edk a prezident \u010cesk\u00e9 republiky, je dobr\u00fdm p\u0159\u00edkladem. Ji\u017e p\u0159ed p\u00e1dem berl\u00ednsk\u00e9 zdi budoval alternativn\u00ed kulturu. Prost\u0159ednictv\u00edm literatury, studia, poezie, ritu\u00e1l\u016f a vzd\u011bl\u00e1v\u00e1n\u00ed pom\u00e1hal vytv\u00e1\u0159et lidi, kte\u0159\u00ed m\u011bli \u0161ir\u0161\u00ed vizi a mysleli jinak. Kdy\u017e se syst\u00e9m rozpadl, byli p\u0159ipraveni \u017e\u00edt s pozitivn\u00edm p\u0159esv\u011bd\u010den\u00edm \u2013 m\u011bli jasno nejen v tom, proti \u010demu jsou, ale i v tom, za co jsou. [1]<\/p>\n\n\n\n<p><em>Lewis uzav\u00edr\u00e1:&nbsp;<\/em><\/p>\n\n\n\n<p><em>M\u011bjte odvahu budovat lep\u0161\u00ed sv\u011bt<\/em><\/p>\n\n\n\n<p>Vid\u00edm odv\u00e1\u017enou novou cestu vedenou viz\u00ed posv\u00e1tn\u00e9 dobroty lidstva a hojnosti zdroj\u016f planety&#8230; Vy a j\u00e1 jsme ti, na kter\u00e9 jsme \u010dekali, abychom vytvo\u0159ili lep\u0161\u00ed \u017eivot pro sebe a na\u0161e komunity a spole\u010dn\u011b vybudovali lep\u0161\u00ed sv\u011bt. Pot\u0159ebujeme jen odvahu p\u0159edstavit si to a v\u016fli to uskute\u010dnit.&nbsp;<\/p>\n\n\n\n<p class=\"has-small-font-size\">Translated with DeepL.com (free version)<\/p>\n\n\n\n<h6 class=\"wp-block-heading\">Prameny:<\/h6>\n\n\n\n<p class=\"has-small-font-size\">[1] Adapted from Richard Rohr,&nbsp;<em>Creating a Church for the 21st Century<\/em>, conference talk, August 6, 1993. Unavailable.&nbsp;&nbsp;<\/p>\n\n\n\n<p class=\"has-small-font-size\">Jacqui Lewis,&nbsp;<em><a href=\"https:\/\/email.cac.org\/t\/d-l-skttild-tlkrhyidn-b\/\">Fierce Love: A Bold Path to Ferocious Courage and Rule-Breaking Kindness That Can Heal the World<\/a>&nbsp;<\/em>(Harmony Books, 2021), 14,<em>&nbsp;<\/em>15.&nbsp;&nbsp;<\/p>\n\n\n\n<p class=\"has-small-font-size\"><strong>Image credit and inspiration<\/strong>: Joel Muniz,&nbsp;<em>untitled&nbsp;<\/em>(detail), 2020, photo,&nbsp;<a href=\"https:\/\/email.cac.org\/t\/d-l-skttild-tlkrhyidn-n\/\">Unsplash<\/a>.&nbsp;<a href=\"https:\/\/email.cac.org\/t\/d-l-skttild-tlkrhyidn-p\/\">Click here to enlarge image<\/a>.&nbsp;<em>In a simple act of solidarity, this photo captures people delivering food to a food bank during the pandemic\u2014a quiet reminder that real change happens when we show up for each other.<\/em>&nbsp;<\/p>\n\n\n\n<p><\/p>\n","protected":false},"excerpt":{"rendered":"<p>Jak\u00fd je hlavn\u00ed princip katolick\u00e9 mor\u00e1ln\u00ed teologie? Spole\u010dn\u00e9 dobro. Co je pot\u0159ebn\u00e9 pro spole\u010dn\u00e9 dobro, a ne jen pro m\u00e9 soukrom\u00e9 dobro? To je pro z\u00e1padn\u00ed lidi velmi t\u011b\u017ek\u00e1 ot\u00e1zka. Ve skute\u010dnosti mnoz\u00ed z n\u00e1s ani nev\u011bd\u00ed, \u017ee se jedn\u00e1 o ot\u00e1zku.\u00a0<\/p>\n","protected":false},"author":1,"featured_media":11758,"comment_status":"open","ping_status":"open","sticky":false,"template":"","format":"standard","meta":{"footnotes":""},"categories":[198],"tags":[524,242,2248],"class_list":["post-11803","post","type-post","status-publish","format-standard","has-post-thumbnail","hentry","category-richard-rohr-ofm-centrum-pro-zivot-a-rozjimani","tag-komunita","tag-spolecne-dobro","tag-vaclav-havel","latest_post"],"_links":{"self":[{"href":"https:\/\/www.frantiskani.cz\/index.php\/wp-json\/wp\/v2\/posts\/11803","targetHints":{"allow":["GET"]}}],"collection":[{"href":"https:\/\/www.frantiskani.cz\/index.php\/wp-json\/wp\/v2\/posts"}],"about":[{"href":"https:\/\/www.frantiskani.cz\/index.php\/wp-json\/wp\/v2\/types\/post"}],"author":[{"embeddable":true,"href":"https:\/\/www.frantiskani.cz\/index.php\/wp-json\/wp\/v2\/users\/1"}],"replies":[{"embeddable":true,"href":"https:\/\/www.frantiskani.cz\/index.php\/wp-json\/wp\/v2\/comments?post=11803"}],"version-history":[{"count":1,"href":"https:\/\/www.frantiskani.cz\/index.php\/wp-json\/wp\/v2\/posts\/11803\/revisions"}],"predecessor-version":[{"id":11804,"href":"https:\/\/www.frantiskani.cz\/index.php\/wp-json\/wp\/v2\/posts\/11803\/revisions\/11804"}],"wp:featuredmedia":[{"embeddable":true,"href":"https:\/\/www.frantiskani.cz\/index.php\/wp-json\/wp\/v2\/media\/11758"}],"wp:attachment":[{"href":"https:\/\/www.frantiskani.cz\/index.php\/wp-json\/wp\/v2\/media?parent=11803"}],"wp:term":[{"taxonomy":"category","embeddable":true,"href":"https:\/\/www.frantiskani.cz\/index.php\/wp-json\/wp\/v2\/categories?post=11803"},{"taxonomy":"post_tag","embeddable":true,"href":"https:\/\/www.frantiskani.cz\/index.php\/wp-json\/wp\/v2\/tags?post=11803"}],"curies":[{"name":"wp","href":"https:\/\/api.w.org\/{rel}","templated":true}]}}