{"id":11819,"date":"2025-06-28T09:03:12","date_gmt":"2025-06-28T07:03:12","guid":{"rendered":"https:\/\/www.frantiskani.cz\/?p=11819"},"modified":"2025-06-28T09:03:15","modified_gmt":"2025-06-28T07:03:15","slug":"vytvareni-komunit-zmeny","status":"publish","type":"post","link":"https:\/\/www.frantiskani.cz\/index.php\/2025\/06\/28\/vytvareni-komunit-zmeny\/","title":{"rendered":"Vytv\u00e1\u0159en\u00ed komunit zm\u011bny"},"content":{"rendered":"\n<h6 class=\"wp-block-heading\">Shrnut\u00ed dvac\u00e1t\u00e9ho \u0161est\u00e9ho t\u00fddne -22. \u010dervna \u2013 27. \u010dervna 2025 -Sobota 28. \u010dervna 2025<\/h6>\n\n\n\n<h4 class=\"wp-block-heading\">Ned\u011ble<\/h4>\n\n\n\n<p>Jako kreativn\u00ed nonkonformist\u00e9 budeme tv\u016frci zm\u011bn, aktivisty \u017eivota, katalyz\u00e1tory zm\u011bn. Stejn\u011b jako s\u016fl, kter\u00e1 vyzdvihuje nejlep\u0161\u00ed chut\u011b j\u00eddla, my vyzdvihneme to nejlep\u0161\u00ed v na\u0161\u00ed komunit\u011b a spole\u010dnosti. \u2014Brian McLaren<\/p>\n\n\n\n<h4 class=\"wp-block-heading\">Pond\u011bl\u00ed<\/h4>\n\n\n\n<p>Pot\u0159ebujeme lidi, kte\u0159\u00ed nejsou spokojeni se sou\u010dasn\u00fdm stavem ekonomick\u00e9 nespravedlnosti, vyko\u0159is\u0165ov\u00e1n\u00ed a nerovnosti, ale kte\u0159\u00ed se osvobodili od tyranie moci, presti\u017ee a majetku a nalezli radik\u00e1ln\u00ed soun\u00e1le\u017eitost a radik\u00e1ln\u00ed l\u00e1sku. \u2014Drew Jackson&nbsp;<\/p>\n\n\n\n<h4 class=\"wp-block-heading\">\u00dater\u00fd<\/h4>\n\n\n\n<p>Skute\u010dn\u00e9 k\u0159es\u0165ansk\u00e9 chov\u00e1n\u00ed mo\u017en\u00e1 roste v\u00edce, ne\u017e si uv\u011bdomujeme. Chov\u00e1n\u00ed m\u00e1 zcela jin\u00fd d\u016fraz ne\u017e pouh\u00e1 soun\u00e1le\u017eitost. Pamatujte, \u017ee nez\u00e1le\u017e\u00ed na zna\u010dce. Z\u00e1le\u017e\u00ed na tom, aby Bo\u017e\u00ed srdce bylo dostupn\u00e9 a aktivn\u00ed na t\u00e9to zemi.&nbsp; \u2014Richard Rohr&nbsp;<\/p>\n\n\n\n<h4 class=\"wp-block-heading\">St\u0159eda<\/h4>\n\n\n\n<p>Na\u0161\u00edm \u00fakolem nen\u00ed jen k\u00e1zat teologii l\u00e1sky a soun\u00e1le\u017eitosti, ale tak\u00e9 zajistit, aby se na\u0161e komunity sna\u017eily tento \u00fakol napl\u0148ovat. To je efekt amen \u2013 posv\u00e1tn\u00fd \u00fakol naslouchat si navz\u00e1jem, p\u0159ij\u00edmat se navz\u00e1jem, milovat se navz\u00e1jem, zejm\u00e9na v t\u011b\u017ek\u00fdch dnech. \u2014Sharon Brous<\/p>\n\n\n\n<h4 class=\"wp-block-heading\">\u010ctvrtek<\/h4>\n\n\n\n<p>V\u00edm, \u017ee je to pravda: Sv\u011bt nebude skv\u011bl\u00fd, dokud se v\u0161ichni nezlep\u0161\u00edme. Pokud existuje n\u011bco jako sp\u00e1sa, pak nejsme spaseni, dokud nejsou spaseni v\u0161ichni; na\u0161e d\u016fstojnost a osvobozen\u00ed jsou spolu spojeny. \u2014Jacqui Lewis<\/p>\n\n\n\n<h4 class=\"wp-block-heading\">P\u00e1tek<\/h4>\n\n\n\n<p>V Anonymn\u00edch alkoholik\u016f nikdo nen\u00ed ve veden\u00ed. A p\u0159esto jsou z\u00e1rove\u0148 v\u0161ichni ve veden\u00ed. Proto\u017ee nikdo nen\u00ed ve veden\u00ed, ka\u017ed\u00fd je zodpov\u011bdn\u00fd za to, aby se s\u00e1m \u2013 a v\u0161ichni ostatn\u00ed \u2013 dr\u017eeli na spr\u00e1vn\u00e9 cest\u011b. \u2014Ori Brafman a Rod Beckstrom<\/p>\n\n\n\n<h4 class=\"wp-block-heading\">Vytv\u00e1\u0159en\u00ed kultury soun\u00e1le\u017eitosti<\/h4>\n\n\n\n<h6 class=\"wp-block-heading\">T\u00fdden dvacet \u0161est Praxe<\/h6>\n\n\n\n<p><em>Chceme se zav\u00e1zat k vytv\u00e1\u0159en\u00ed kultury a komunity, kde se v\u0161ichni c\u00edt\u00ed v\u00edt\u00e1ni. \u2014Gregory Boyle, Cherished Belonging<\/em><\/p>\n\n\n\n<h4 class=\"wp-block-heading\">Pomoc \u010dlen\u016fm gangu<\/h4>\n\n\n\n<p>Otec Greg Boyle je zakladatelem Homeboy Industries, organizace zab\u00fdvaj\u00edc\u00ed se rehabilitac\u00ed \u010dlen\u016f gang\u016f, kter\u00e1 funguje na principu, \u017ee v Bo\u017e\u00edm spole\u010denstv\u00ed v\u0161ichni pat\u0159\u00edme k sob\u011b.&nbsp;<\/p>\n\n\n\n<h4 class=\"wp-block-heading\">\u017d\u00e1dn\u00e9 oni a my<\/h4>\n\n\n\n<p>Jak dos\u00e1hnout stavu a atmosf\u00e9ry komunity, kter\u00e1 prosazuje: Nikdo proti nikomu? To je ve skute\u010dnosti dobr\u00e1 definice Bo\u017e\u00edho spole\u010denstv\u00ed&#8230; \u017d\u00e1dn\u00e9 my a oni, jen my. To je skute\u010dn\u011b spln\u011bn\u00fd Bo\u017e\u00ed sen&#8230;&nbsp;<\/p>\n\n\n\n<h4 class=\"wp-block-heading\">Ka\u017ed\u00fd je dobr\u00fd a v\u0161ichni pat\u0159\u00edme k sob\u011b<\/h4>\n\n\n\n<p>Ned\u00e1vno jsem hovo\u0159il na panelov\u00e9 diskusi&#8230; [a] \u0159ekl jsem publiku, \u017ee Homeboy Industries se \u0159\u00edd\u00ed dv\u011bma neot\u0159esiteln\u00fdmi principy: 1) Ka\u017ed\u00fd je neot\u0159esiteln\u011b dobr\u00fd (bez v\u00fdjimek) a 2) Pat\u0159\u00edme k sob\u011b (bez v\u00fdjimek). Pak jsem polo\u017eil ot\u00e1zku: \u201eMysl\u00edm si, \u017ee v\u0161echny na\u0161e nep\u0159\u00edjemn\u00e9 a slo\u017eit\u00e9 soci\u00e1ln\u00ed dilema zmiz\u00ed, pokud p\u0159ijmeme tyto dv\u011b my\u0161lenky?\u201c Odml\u010del jsem se a pak pokra\u010doval: \u201eAno, mysl\u00edm.\u201c A cel\u00e9 publikum propuklo v sm\u00edch. Byl jsem p\u0159ekvapen. Kdy\u017e sm\u00edch utichl, ti\u0161e jsem zopakoval: \u201eAno, mysl\u00edm.\u201c&nbsp;<\/p>\n\n\n\n<h4 class=\"wp-block-heading\">Nov\u00e9 vid\u011bn\u00ed &#8211; soucit<\/h4>\n\n\n\n<p>Tyto dv\u011b my\u0161lenky n\u00e1m umo\u017e\u0148uj\u00ed vyhrnout si ruk\u00e1vy, abychom mohli skute\u010dn\u011b dos\u00e1hnout pokroku. Abychom mohli milovat bez m\u00edry a bez l\u00edtosti. Abychom mohli kultivovat nov\u00fd zp\u016fsob vid\u011bn\u00ed. Kone\u010dn\u011b ch\u00e1peme, \u017ee odpov\u011bd\u00ed na ka\u017edou ot\u00e1zku je skute\u010dn\u011b soucit. Jak jinak m\u016f\u017eeme p\u0159eklenout velkou polariza\u010dn\u00ed propast, kter\u00e1 se nyn\u00ed jev\u00ed jako jasn\u00e9 a bezprost\u0159edn\u00ed nebezpe\u010d\u00ed v na\u0161\u00ed zemi? \u2026<\/p>\n\n\n\n<h4 class=\"wp-block-heading\">Du\u0161evn\u00ed hloubka ka\u017ed\u00e9ho jednotlivce<\/h4>\n\n\n\n<p>Homeboy odr\u00e1\u017e\u00ed prvky, o kter\u00fdch si mysl\u00edme, \u017ee n\u00e1s mohou nasm\u011brovat na nejrychlej\u0161\u00ed cestu k uzdraven\u00ed, spr\u00e1vn\u00e9 diagn\u00f3ze, vztahov\u00e9 celistvosti a drahocenn\u00e9mu pocitu soun\u00e1le\u017eitosti. Kdy\u017e p\u0159ijmeme vztahovou celistvost, na\u0161e rozd\u011blen\u00ed se ot\u0159ese. Usilujeme o to, abychom v sob\u011b navz\u00e1jem hledali skrytou celistvost. Zam\u011b\u0159ujeme se na drahocennou du\u0161evn\u00ed hloubku v ka\u017ed\u00e9m z n\u00e1s. Vid\u00edme tak, jak vid\u00ed B\u016fh.<\/p>\n\n\n\n<h4 class=\"wp-block-heading\">\u010casem dojde k uzdraven\u00ed<\/h4>\n\n\n\n<p>Viceprezident pro provoz, homie Steve Avalos, \u0159\u00edk\u00e1: \u201eStrukturovan\u00e9 m\u00edsto je bezpe\u010dn\u00e9 m\u00edsto. Tam vid\u00edme srdce homies, dokud oni sami neuvid\u00ed sv\u00e1 vlastn\u00ed \u2026 pak odtud odejdou a uvid\u00ed srdce jin\u00fdch.\u201c Homies nepot\u0159ebuj\u00ed spasen\u00ed. Pot\u0159ebuj\u00ed uzdraven\u00ed. Jsem si jist\u00fd, \u017ee nejsem l\u00e9\u010ditel. Stejn\u011b tak jsem si jist\u00fd, \u017ee v Homeboy doch\u00e1z\u00ed k uzdraven\u00ed.&nbsp;<\/p>\n\n\n\n<p class=\"has-small-font-size\">Translated with DeepL.com (free version)<\/p>\n\n\n\n<h6 class=\"wp-block-heading\">Prameny:<\/h6>\n\n\n\n<p class=\"has-small-font-size\">Gregory Boyle,&nbsp;<em>Cherished Belonging: The Healing Power of Love in Divided Times&nbsp;<\/em>(Avid Reader Press, 2024), 1, 2\u20133, 7.&nbsp;<\/p>\n\n\n\n<p class=\"has-small-font-size\"><strong>Image credit and inspiration<\/strong>: Joel Muniz,&nbsp;<em>untitled&nbsp;<\/em>(detail), 2020, photo,&nbsp;<a href=\"https:\/\/email.cac.org\/t\/d-l-skttho-tlkrhyidn-q\/\">Unsplash<\/a>.&nbsp;<a href=\"https:\/\/email.cac.org\/t\/d-l-skttho-tlkrhyidn-a\/\">Click here to enlarge image<\/a>.&nbsp;<em>In a simple act of solidarity, this photo&nbsp;captures people delivering food to a food bank during the pandemic\u2014a quiet reminder that real change happens when we show up for each other.<\/em>&nbsp;<\/p>\n","protected":false},"excerpt":{"rendered":"<p>Homeboy Industries se \u0159\u00edd\u00ed dv\u011bma neot\u0159esiteln\u00fdmi principy: 1) Ka\u017ed\u00fd je neot\u0159esiteln\u011b dobr\u00fd (bez v\u00fdjimek) a 2) Pat\u0159\u00edme k sob\u011b (bez v\u00fdjimek). Pak jsem polo\u017eil ot\u00e1zku: \u201eMysl\u00edm si, \u017ee v\u0161echny na\u0161e nep\u0159\u00edjemn\u00e9 a slo\u017eit\u00e9 soci\u00e1ln\u00ed dilema zmiz\u00ed, pokud p\u0159ijmeme tyto dv\u011b my\u0161lenky?\u201c (Greg Boyle)<\/p>\n","protected":false},"author":1,"featured_media":11758,"comment_status":"open","ping_status":"open","sticky":false,"template":"","format":"standard","meta":{"footnotes":""},"categories":[198],"tags":[2250,2251,672],"class_list":["post-11819","post","type-post","status-publish","format-standard","has-post-thumbnail","hentry","category-richard-rohr-ofm-centrum-pro-zivot-a-rozjimani","tag-gregory-boyle","tag-pomoc-clenum-gangu","tag-soucit","latest_post"],"_links":{"self":[{"href":"https:\/\/www.frantiskani.cz\/index.php\/wp-json\/wp\/v2\/posts\/11819","targetHints":{"allow":["GET"]}}],"collection":[{"href":"https:\/\/www.frantiskani.cz\/index.php\/wp-json\/wp\/v2\/posts"}],"about":[{"href":"https:\/\/www.frantiskani.cz\/index.php\/wp-json\/wp\/v2\/types\/post"}],"author":[{"embeddable":true,"href":"https:\/\/www.frantiskani.cz\/index.php\/wp-json\/wp\/v2\/users\/1"}],"replies":[{"embeddable":true,"href":"https:\/\/www.frantiskani.cz\/index.php\/wp-json\/wp\/v2\/comments?post=11819"}],"version-history":[{"count":1,"href":"https:\/\/www.frantiskani.cz\/index.php\/wp-json\/wp\/v2\/posts\/11819\/revisions"}],"predecessor-version":[{"id":11820,"href":"https:\/\/www.frantiskani.cz\/index.php\/wp-json\/wp\/v2\/posts\/11819\/revisions\/11820"}],"wp:featuredmedia":[{"embeddable":true,"href":"https:\/\/www.frantiskani.cz\/index.php\/wp-json\/wp\/v2\/media\/11758"}],"wp:attachment":[{"href":"https:\/\/www.frantiskani.cz\/index.php\/wp-json\/wp\/v2\/media?parent=11819"}],"wp:term":[{"taxonomy":"category","embeddable":true,"href":"https:\/\/www.frantiskani.cz\/index.php\/wp-json\/wp\/v2\/categories?post=11819"},{"taxonomy":"post_tag","embeddable":true,"href":"https:\/\/www.frantiskani.cz\/index.php\/wp-json\/wp\/v2\/tags?post=11819"}],"curies":[{"name":"wp","href":"https:\/\/api.w.org\/{rel}","templated":true}]}}