{"id":11891,"date":"2025-07-05T10:05:36","date_gmt":"2025-07-05T08:05:36","guid":{"rendered":"https:\/\/www.frantiskani.cz\/?p=11891"},"modified":"2025-07-05T10:05:39","modified_gmt":"2025-07-05T08:05:39","slug":"osvobozeni-a-spravedlnost","status":"publish","type":"post","link":"https:\/\/www.frantiskani.cz\/index.php\/2025\/07\/05\/osvobozeni-a-spravedlnost\/","title":{"rendered":"Osvobozen\u00ed a spravedlnost"},"content":{"rendered":"\n<p>Ned\u011ble 5. \u010dervence 2025-Shrnut\u00ed dvac\u00e1t\u00e9ho sedm\u00e9ho t\u00fddne-29. \u010dervna &#8211; 4. \u010dervence 2025<\/p>\n\n\n\n<h4 class=\"wp-block-heading\">Ned\u011ble<\/h4>\n\n\n\n<p>Kdy\u017e se P\u00edsmo \u010dte o\u010dima zranitelnosti &#8211; co\u017e katol\u00edci naz\u00fdvaj\u00ed \u201epreferen\u010dn\u00ed volbou pro chud\u00e9\u201c nebo \u201ep\u0159edpojatost\u00ed zdola\u201c &#8211; bude v\u017edy osvobozuj\u00edc\u00ed a prom\u011b\u0148uj\u00edc\u00ed.-Richard Rohr<\/p>\n\n\n\n<h4 class=\"wp-block-heading\">Pond\u011bl\u00ed<\/h4>\n\n\n\n<p>Pokud na\u0161e vnit\u0159n\u00ed cesta neodpov\u00edd\u00e1 a nevede k vn\u011bj\u0161\u00ed cest\u011b osvobozen\u00ed pro v\u0161echny, nem\u00e1me skute\u010dnou svobodu ani \u201esp\u00e1su\u201c.-Richard Rohr<\/p>\n\n\n\n<h4 class=\"wp-block-heading\">\u00dater\u00fd<\/h4>\n\n\n\n<p>Pokud kr\u00e1\u010d\u00edme v radik\u00e1ln\u00ed Kristov\u011b p\u0159irozenosti, kdy\u017e vstoup\u00edme do prostoru nespravedlnosti, lid\u00e9 si budou myslet, \u017ee p\u0159ich\u00e1z\u00ed probl\u00e9m: dobr\u00fd, osvobozuj\u00edc\u00ed, miluj\u00edc\u00ed, Krist\u016fv probl\u00e9m!-Janelle Bruce<\/p>\n\n\n\n<h4 class=\"wp-block-heading\">St\u0159eda<\/h4>\n\n\n\n<p>Kristus je n\u00e1\u0161 osvoboditel a B\u016fh v Kristu chce, abychom byli svobodn\u00ed. Proto mus\u00edme st\u00e1t pevn\u011b a nepod\u0159izovat se ni\u010demu, co n\u00e1s dehumanizuje nebo zotro\u010duje. -Naim Stifan Ateek<\/p>\n\n\n\n<h4 class=\"wp-block-heading\">\u010dtvrtek<\/h4>\n\n\n\n<p>Dom H\u00e9lder C\u00e2mara cestoval po sv\u011bt\u011b a \u0161\u00ed\u0159il poselstv\u00ed evangelia a osvobozen\u00ed. Povzbuzoval ke kontemplativn\u00ed, vnit\u0159n\u00ed prom\u011bn\u011b, kter\u00e1 je nezbytn\u00e1 pro struktur\u00e1ln\u00ed zm\u011bnu na\u0161ich syst\u00e9m\u016f a sv\u011bta. -CAC&#8217;s We Conspire<\/p>\n\n\n\n<h4 class=\"wp-block-heading\">p\u00e1tek<\/h4>\n\n\n\n<p>Pou\u017eijme slovo emancipace k popisu hlub\u0161\u00ed, v\u011bt\u0161\u00ed a d\u011bsiv\u011bj\u0161\u00ed \u00farovn\u011b svobody: vnit\u0159n\u00ed, vn\u011bj\u0161\u00ed, osobn\u00ed, ekonomick\u00e9, struktur\u00e1ln\u00ed a duchovn\u00ed. Jist\u011b je to \u00fakol cel\u00e9ho na\u0161eho \u017eivota.<\/p>\n\n\n\n<p>-Richard Rohr<\/p>\n\n\n\n<h1 class=\"wp-block-heading\"><\/h1>\n\n\n\n<h1 class=\"wp-block-heading\">Bojujte za vizi!<\/h1>\n\n\n\n<p><strong>Dvac\u00e1t\u00fd sedm\u00fd t\u00fdden Cvi\u010den\u00ed<\/strong><\/p>\n\n\n\n<p><em>Autentick\u00e1 v\u00edra &#8211; kter\u00e1 nikdy nen\u00ed pohodln\u00e1 nebo zcela osobn\u00ed &#8211; v\u017edy zahrnuje hlubokou touhu zm\u011bnit sv\u011bt. -Pape\u017e Franti\u0161ek, Evangelii gaudium<\/em><\/p>\n\n\n\n<p><em>Simone Campbellov\u00e1, katolick\u00e1 sestra a aktivistka, popisuje, co ji vede k pr\u00e1ci pro ekonomickou emancipaci:<\/em><\/p>\n\n\n\n<p>V centru hnut\u00ed za emancipaci je dot\u00fdk\u00e1n\u00ed se skute\u010dn\u00e9 bolesti v\u0161ech. T\u00edm to v\u0161ak nem\u016f\u017ee skon\u010dit. Na t\u00e9to cest\u011b ke svobod\u011b je je\u0161t\u011b druh\u00e1 slo\u017eka: bojovat! P\u0159\u00edli\u0161 \u010dasto o boji uva\u017eujeme jako o \u201eboji proti\u201c. Nau\u010dila jsem se, \u017ee kdy\u017e \u201ebojujete proti\u201c n\u011bkomu nebo n\u011bjak\u00e9 politice, m\u016f\u017ee to tuto osobu nebo politiku ve skute\u010dnosti pos\u00edlit. Na t\u00e9to duchovn\u00ed cest\u011b k osvobozen\u00ed jsme sp\u00ed\u0161e povol\u00e1ni bojovat za vizi, kterou lze sd\u00edlet. Bojujeme za sv\u011bt, kter\u00fd zahrnuje cel\u00e9 stvo\u0159en\u00ed. Bojujeme za ekonomiku za\u010dlen\u011bn\u00ed&#8230;.<\/p>\n\n\n\n<p>Podle m\u00fdch zku\u0161enost\u00ed realizujeme emancipaci, kdy\u017e spoj\u00edme radik\u00e1ln\u00ed p\u0159ijet\u00ed s bojem za vizi. P\u0159ij\u00edm\u00e1n\u00ed v\u0161ech s p\u00e9\u010d\u00ed a boj za ekonomiku, z n\u00ed\u017e m\u00e1 prosp\u011bch 100 % lid\u00ed, n\u00e1s osvobod\u00ed z okov\u016f polarizace a rozd\u011blen\u00ed. Podle m\u00fdch zku\u0161enost\u00ed se tyto akce st\u00e1vaj\u00ed jako spole\u010dn\u00fd ohe\u0148. Doch\u00e1z\u00ed k vzplanut\u00ed komunity oddan\u00e9 dobru v\u0161ech. Je to ohe\u0148 v teple p\u00e9\u010de, kterou vz\u00e1jemn\u011b sd\u00edl\u00edme, a v odhodl\u00e1n\u00ed n\u011bco zm\u011bnit. Je to ohe\u0148, kter\u00fd n\u00e1s osvobozuje od strachu, odsuzov\u00e1n\u00ed a izolace a otev\u00edr\u00e1 n\u00e1s svobod\u011b hojn\u00e9ho vesm\u00edru&#8230;..<\/p>\n\n\n\n<p>V dne\u0161n\u00ed dob\u011b, kdy n\u00e1s svazuj\u00ed rozd\u00edly v p\u0159\u00edjmech a bohatstv\u00ed, jsme povol\u00e1ni k tomu, abychom nechali Boha vzplanout v na\u0161ich \u017eivotech. K emancipaci doch\u00e1z\u00ed, kdy\u017e n\u00e1s na\u0161e kontemplativn\u00ed cesta zavede za hranice n\u00e1s sam\u00fdch do p\u00e9\u010de o v\u0161echny a boje za vizi, kter\u00e1 je prosp\u011b\u0161n\u00e1 pro 100 %&#8230;.. Emancipa\u010dn\u00ed proklamace na\u0161ich dn\u016f zn\u00ed: Spole\u010dn\u011b mus\u00edme skoncovat s okovy p\u0159\u00edjmov\u00e9 a majetkov\u00e9 nerovnosti v na\u0161em n\u00e1rod\u011b i na cel\u00e9m sv\u011bt\u011b. Toto jedin\u00e9 t\u011blo stvo\u0159en\u00ed je v jedin\u00e9m velk\u00e9m boji&#8230;..<\/p>\n\n\n\n<p>Pono\u0159te se do sv\u00e9ho byt\u00ed. Hluboce naslouchejte tomu, kde jste povol\u00e1ni jednat. P\u0159ipojte se ke mn\u011b v \u00fasil\u00ed o osvobozen\u00ed od ekonomiky vylou\u010den\u00ed. P\u0159ipojte se ke mn\u011b p\u0159i p\u0159ij\u00edm\u00e1n\u00ed jin\u00fdch rozhodnut\u00ed pro n\u00e1\u0161 n\u00e1rod a p\u0159i prosazov\u00e1n\u00ed spravedlnosti pro 100 % lid\u00ed. To je emancipace, po kter\u00e9 tou\u017e\u00edme. Kontemplativn\u00ed \u017eivot je v\u00edra v akci. M\u00e1me v rukou kl\u00ed\u010de od okov\u016f &#8230; hluboce naslouchejte a jednejte!<\/p>\n","protected":false},"excerpt":{"rendered":"<p>V dne\u0161n\u00ed dob\u011b, kdy n\u00e1s svazuj\u00ed rozd\u00edly v p\u0159\u00edjmech a bohatstv\u00ed, jsme povol\u00e1ni k tomu, abychom nechali Boha vzplanout v na\u0161ich \u017eivotech. K emancipaci doch\u00e1z\u00ed, kdy\u017e n\u00e1s na\u0161e kontemplativn\u00ed cesta zavede za hranice n\u00e1s sam\u00fdch do p\u00e9\u010de o v\u0161echny a boje za vizi, kter\u00e1 je prosp\u011b\u0161n\u00e1 pro 100 %<\/p>\n","protected":false},"author":1,"featured_media":11835,"comment_status":"open","ping_status":"open","sticky":false,"template":"","format":"standard","meta":{"footnotes":""},"categories":[198],"tags":[2257],"class_list":["post-11891","post","type-post","status-publish","format-standard","has-post-thumbnail","hentry","category-richard-rohr-ofm-centrum-pro-zivot-a-rozjimani","tag-emancipace","latest_post"],"_links":{"self":[{"href":"https:\/\/www.frantiskani.cz\/index.php\/wp-json\/wp\/v2\/posts\/11891","targetHints":{"allow":["GET"]}}],"collection":[{"href":"https:\/\/www.frantiskani.cz\/index.php\/wp-json\/wp\/v2\/posts"}],"about":[{"href":"https:\/\/www.frantiskani.cz\/index.php\/wp-json\/wp\/v2\/types\/post"}],"author":[{"embeddable":true,"href":"https:\/\/www.frantiskani.cz\/index.php\/wp-json\/wp\/v2\/users\/1"}],"replies":[{"embeddable":true,"href":"https:\/\/www.frantiskani.cz\/index.php\/wp-json\/wp\/v2\/comments?post=11891"}],"version-history":[{"count":2,"href":"https:\/\/www.frantiskani.cz\/index.php\/wp-json\/wp\/v2\/posts\/11891\/revisions"}],"predecessor-version":[{"id":11893,"href":"https:\/\/www.frantiskani.cz\/index.php\/wp-json\/wp\/v2\/posts\/11891\/revisions\/11893"}],"wp:featuredmedia":[{"embeddable":true,"href":"https:\/\/www.frantiskani.cz\/index.php\/wp-json\/wp\/v2\/media\/11835"}],"wp:attachment":[{"href":"https:\/\/www.frantiskani.cz\/index.php\/wp-json\/wp\/v2\/media?parent=11891"}],"wp:term":[{"taxonomy":"category","embeddable":true,"href":"https:\/\/www.frantiskani.cz\/index.php\/wp-json\/wp\/v2\/categories?post=11891"},{"taxonomy":"post_tag","embeddable":true,"href":"https:\/\/www.frantiskani.cz\/index.php\/wp-json\/wp\/v2\/tags?post=11891"}],"curies":[{"name":"wp","href":"https:\/\/api.w.org\/{rel}","templated":true}]}}