{"id":11961,"date":"2025-07-12T10:28:00","date_gmt":"2025-07-12T08:28:00","guid":{"rendered":"https:\/\/www.frantiskani.cz\/?p=11961"},"modified":"2025-07-12T10:28:03","modified_gmt":"2025-07-12T08:28:03","slug":"jonas-a-bozi-skandalni-milosrdenstvi","status":"publish","type":"post","link":"https:\/\/www.frantiskani.cz\/index.php\/2025\/07\/12\/jonas-a-bozi-skandalni-milosrdenstvi\/","title":{"rendered":"Jon\u00e1\u0161 a Bo\u017e\u00ed skand\u00e1ln\u00ed milosrdenstv\u00ed"},"content":{"rendered":"\n<h6 class=\"wp-block-heading\">Sobota, 12. \u010dervence 2025-Shrnut\u00ed dvac\u00e1t\u00e9ho osm\u00e9ho t\u00fddne-6. \u010dervence \u2013 11. \u010dervence 2025<\/h6>\n\n\n\n<h4 class=\"wp-block-heading\">Ned\u011ble<\/h4>\n\n\n\n<p>Jon\u00e1\u0161\u016fv p\u0159\u00edb\u011bh bo\u0159\u00ed v\u0161echna o\u010dek\u00e1v\u00e1n\u00ed ohledn\u011b toho, kdo m\u00e1 pravdu, a pot\u00e9 tato o\u010dek\u00e1v\u00e1n\u00ed p\u0159etv\u00e1\u0159\u00ed ve prosp\u011bch milosti. \u2014Richard Rohr<\/p>\n\n\n\n<h4 class=\"wp-block-heading\">Pond\u011bl\u00ed<\/h4>\n\n\n\n<p>D\u016fv\u011b\u0159ujte Bohu, d\u016fv\u011b\u0159ujte Duchu svat\u00e9mu, \u017ee v\u00e1s povede ke v\u0161\u00ed pravd\u011b. Dejte jasn\u011b najevo, \u017ee budete n\u00e1sledovat Bo\u017e\u00ed vol\u00e1n\u00ed, bez v\u00fdjimky. \u2014Barbara Holmes&nbsp;<\/p>\n\n\n\n<h4 class=\"wp-block-heading\">\u00dater\u00fd<\/h4>\n\n\n\n<p>Bo\u017e\u00ed dobrota n\u00e1s vyb\u00edz\u00ed k odv\u00e1\u017en\u011bj\u0161\u00edmu a riskantn\u011bj\u0161\u00edmu \u010dinu: vydr\u017eet pro srdce t\u011bch, kte\u0159\u00ed pat\u0159\u00ed Bohu, a\u0165 se n\u00e1m to l\u00edb\u00ed, nebo ne. \u2014Debie Thomas<\/p>\n\n\n\n<h4 class=\"wp-block-heading\">St\u0159eda<\/h4>\n\n\n\n<p>Ute\u010deme p\u0159ed Bo\u017e\u00ed viz\u00ed, nebo budeme n\u00e1sledovat Bo\u017e\u00ed vol\u00e1n\u00ed, abychom p\u0159ijali odli\u0161nost, se v\u0161\u00ed na\u0161\u00ed ambivalenc\u00ed a \u00fazkost\u00ed, nebo pok\u0159t\u00edme sv\u00e9 p\u0159edsudky a nen\u00e1vist ve vod\u00e1ch n\u00e1bo\u017eensk\u00e9 v\u00edry? \u2014Bruce Epperly<\/p>\n\n\n\n<h4 class=\"wp-block-heading\">\u010ctvrtek<\/h4>\n\n\n\n<p>Zat\u00edmco si \u010dasto p\u0159edstavujeme ve\u0159ejn\u00e9 politick\u00e9 protesty jako sekul\u00e1rn\u00ed jev, v knize Jon\u00e1\u0161 B\u016fh vyz\u00fdv\u00e1 proroka, aby zah\u00e1jil n\u00e1bo\u017eenskou akci. \u2014 Shmuly Yanklowitz<\/p>\n\n\n\n<h4 class=\"wp-block-heading\">P\u00e1tek<\/h4>\n\n\n\n<p>Znamen\u00ed Jon\u00e1\u0161e je symbolem odevzd\u00e1n\u00ed se, pu\u0161t\u011bn\u00ed se, vzd\u00e1n\u00ed se. V\u011bt\u0161ina z n\u00e1s by tyto f\u00e1ze nepopsala jako etapy cesty k osv\u00edcen\u00ed, ale jsou mnohem bl\u00ed\u017ee skute\u010dn\u00e9 pravd\u011b a skute\u010dn\u00e9 cest\u011b. \u2014Richard Rohr<\/p>\n\n\n\n<h4 class=\"wp-block-heading\">P\u0159iv\u00edtali bychom Jon\u00e1\u0161e?<\/h4>\n\n\n\n<h5 class=\"wp-block-heading\">Dvac\u00e1t\u00fd osm\u00fd t\u00fdden Praxe<\/h5>\n\n\n\n<p><em>Teolo\u017eka Megan McKenna reflektuje p\u0159\u00edb\u011bh Jon\u00e1\u0161e jako modern\u00ed podobenstv\u00ed o pok\u00e1n\u00ed:<\/em><\/p>\n\n\n\n<h4 class=\"wp-block-heading\">P\u0159\u00edb\u011bh pro d\u011bt\u00ed?<\/h4>\n\n\n\n<p>P\u0159\u00edb\u011bh neochotn\u00e9ho proroka ve velk\u00e9m m\u011bst\u011b Ninive je velmi zn\u00e1m\u00fd. Byl dokonce t\u00e9matem d\u011btsk\u00fdch knih, kde je p\u0159\u00edb\u011bh vypr\u00e1v\u011bn z pohledu velryby a uboh\u00e9 scvrkl\u00e9 rostliny, kter\u00e1 Jon\u00e1\u0161ovi poskytla \u00falevu od horka. Je to t\u00e9m\u011b\u0159 komick\u00e9, pokud zapomeneme na Jon\u00e1\u0161ovu zlomyslnost, jeho neochotu poslouchat a jeho d\u011btinsk\u00e9 trucov\u00e1n\u00ed, kdy\u017e se jeho nep\u0159\u00e1tel\u00e9 kaj\u00ed a B\u016fh jim prokazuje milosrdenstv\u00ed. Nechce, aby se m\u011bsto k\u00e1l \u2013 aby se mohl radovat z jeho z\u00e1niku&#8230;<\/p>\n\n\n\n<h4 class=\"wp-block-heading\">M\u00e1me se u\u010dit milosrdenstv\u00ed<\/h4>\n\n\n\n<p>Jon\u00e1\u0161 byl tak rozzloben\u00fd na milosrdenstv\u00ed YHWH, \u017ee cht\u011bl zem\u0159\u00edt, proto\u017ee v\u011bd\u011bl, \u017ee tento obrat ud\u00e1lost\u00ed zni\u010d\u00ed jeho d\u016fv\u011bryhodnost doma!&#8230; YHWH ho pok\u00e1ral a vyj\u00e1d\u0159il [Bo\u017e\u00ed] starost o obyvatele Ninive: \u201eV Ninive je v\u00edce ne\u017e sto dvacet tis\u00edc lid\u00ed, kte\u0159\u00ed nerozeznaj\u00ed pravici od levice&#8230; Nem\u011bl bych se starat o tak velk\u00e9 m\u011bsto?\u201c (4:11). Tento mor\u00e1ln\u00ed p\u0159\u00edb\u011bh kon\u010d\u00ed touto ot\u00e1zkou, kterou si m\u00e1me vz\u00edt k srdci. Nem\u011bli bychom i my, n\u00e1rod stovek milion\u016f lid\u00ed, kte\u0159\u00ed \u201enerozli\u0161uj\u00ed pravou stranu od lev\u00e9\u201c, nau\u010dit se milosrdenstv\u00ed a laskavosti, b\u00fdt pomal\u00ed k hn\u011bvu a pln\u00ed l\u00e1sky a upustit od ukl\u00e1d\u00e1n\u00ed tvrd\u00fdch trest\u016f v r\u00e1mci na\u0161eho sebeospravedl\u0148ov\u00e1n\u00ed?\u202f\u202f<\/p>\n\n\n\n<h4 class=\"wp-block-heading\">Jak bychom reagovali na Jon\u00e1\u0161ovo poselstv\u00ed dnes?<\/h4>\n\n\n\n<p>Co kdyby [k\u0159es\u0165an\u00e9 ve Spojen\u00fdch st\u00e1tech dostali] buddhistick\u00e9ho proroka, kter\u00fd by lamentoval nad na\u0161\u00edm trv\u00e1n\u00edm na pr\u00e1vu vyr\u00e1b\u011bt a udr\u017eovat v \u201epohotovostn\u00edm stavu\u201c miliony jadern\u00fdch zbran\u00ed, obrann\u00fdch raketov\u00fdch syst\u00e9m\u016f, radioaktivn\u00edch a ochuzen\u00fdch uranov\u00fdch st\u0159el a pozemn\u00edch min? Co kdyby prorok prohl\u00e1sil, \u017ee na\u0161e zbran\u011b a na\u0161e tajn\u00e9 politiky n\u00edzk\u00e9 intenzity v\u00e1lky doma i ve sv\u011bt\u011b ni\u010d\u00ed jakoukoli mo\u017enost sv\u011btov\u00e9 harmonie a \u017ee do \u010dty\u0159iceti dn\u016f budeme v\u0161ichni zni\u010den\u00ed? Najednou nen\u00ed Jon\u00e1\u0161ovo stanovisko tak sm\u011b\u0161n\u00e9, ale sp\u00ed\u0161e si zaslou\u017e\u00ed v\u00e1\u017enou v\u00fdzvu k prozkoum\u00e1n\u00ed na\u0161eho n\u00e1rodn\u00edho sv\u011bdom\u00ed.\u202f\u202f<\/p>\n\n\n\n<p class=\"has-small-font-size\">Translated with DeepL.com (free version)<\/p>\n\n\n\n<h6 class=\"wp-block-heading\">Prameny:<\/h6>\n\n\n\n<p class=\"has-small-font-size\">Megan McKenna,&nbsp;<em>Prophets: Words of Fire<\/em>&nbsp;(Orbis Books, 2001), 227\u2013228.\u202f\u202f&nbsp;<\/p>\n\n\n\n<p class=\"has-small-font-size\"><strong>Image credit and inspiration<\/strong>: Jong Marshes,&nbsp;<em>untitled&nbsp;<\/em>(detail), 2017, photo,&nbsp;<a href=\"https:\/\/email.cac.org\/t\/d-l-sulditt-itiuujuudy-p\/\">Unsplash<\/a>.&nbsp;<a href=\"https:\/\/email.cac.org\/t\/d-l-sulditt-itiuujuudy-x\/\">Click here to enlarge image<\/a>.&nbsp;<em>Beneath the surface we flail, bewildered. Has our heart grown too hard to sense&nbsp;the gentle sun of God&#8217;s mercy drawing us up and out?<\/em>&nbsp;<\/p>\n","protected":false},"excerpt":{"rendered":"<p>Jon\u00e1\u0161.  Nem\u011bli bychom i my, n\u00e1rod stovek milion\u016f lid\u00ed, kte\u0159\u00ed \u201enerozli\u0161uj\u00ed pravou stranu od lev\u00e9\u201c, nau\u010dit se milosrdenstv\u00ed a laskavosti, b\u00fdt pomal\u00ed k hn\u011bvu a pln\u00ed l\u00e1sky a upustit od ukl\u00e1d\u00e1n\u00ed tvrd\u00fdch trest\u016f v r\u00e1mci na\u0161eho sebeospravedl\u0148ov\u00e1n\u00ed?\u202f\u202f<\/p>\n","protected":false},"author":1,"featured_media":11906,"comment_status":"open","ping_status":"open","sticky":false,"template":"","format":"standard","meta":{"footnotes":""},"categories":[198],"tags":[597,2266,360],"class_list":["post-11961","post","type-post","status-publish","format-standard","has-post-thumbnail","hentry","category-richard-rohr-ofm-centrum-pro-zivot-a-rozjimani","tag-jonas","tag-milsrdenstvi","tag-obraceni","latest_post"],"_links":{"self":[{"href":"https:\/\/www.frantiskani.cz\/index.php\/wp-json\/wp\/v2\/posts\/11961","targetHints":{"allow":["GET"]}}],"collection":[{"href":"https:\/\/www.frantiskani.cz\/index.php\/wp-json\/wp\/v2\/posts"}],"about":[{"href":"https:\/\/www.frantiskani.cz\/index.php\/wp-json\/wp\/v2\/types\/post"}],"author":[{"embeddable":true,"href":"https:\/\/www.frantiskani.cz\/index.php\/wp-json\/wp\/v2\/users\/1"}],"replies":[{"embeddable":true,"href":"https:\/\/www.frantiskani.cz\/index.php\/wp-json\/wp\/v2\/comments?post=11961"}],"version-history":[{"count":1,"href":"https:\/\/www.frantiskani.cz\/index.php\/wp-json\/wp\/v2\/posts\/11961\/revisions"}],"predecessor-version":[{"id":11962,"href":"https:\/\/www.frantiskani.cz\/index.php\/wp-json\/wp\/v2\/posts\/11961\/revisions\/11962"}],"wp:featuredmedia":[{"embeddable":true,"href":"https:\/\/www.frantiskani.cz\/index.php\/wp-json\/wp\/v2\/media\/11906"}],"wp:attachment":[{"href":"https:\/\/www.frantiskani.cz\/index.php\/wp-json\/wp\/v2\/media?parent=11961"}],"wp:term":[{"taxonomy":"category","embeddable":true,"href":"https:\/\/www.frantiskani.cz\/index.php\/wp-json\/wp\/v2\/categories?post=11961"},{"taxonomy":"post_tag","embeddable":true,"href":"https:\/\/www.frantiskani.cz\/index.php\/wp-json\/wp\/v2\/tags?post=11961"}],"curies":[{"name":"wp","href":"https:\/\/api.w.org\/{rel}","templated":true}]}}