{"id":12094,"date":"2025-07-24T08:27:17","date_gmt":"2025-07-24T06:27:17","guid":{"rendered":"https:\/\/www.frantiskani.cz\/?p=12094"},"modified":"2025-07-24T08:27:21","modified_gmt":"2025-07-24T06:27:21","slug":"hnev-a-dobrota","status":"publish","type":"post","link":"https:\/\/www.frantiskani.cz\/index.php\/2025\/07\/24\/hnev-a-dobrota\/","title":{"rendered":"Hn\u011bv a dobrota"},"content":{"rendered":"\n<p>T\u0159ic\u00e1t\u00fd t\u00fdden: Moudrost ve v\u011bku pobou\u0159en\u00ed \u010ctvrtek 24. \u010dervence 2025<\/p>\n\n\n\n<p><em>Teolo\u017eka hn\u011bvu a dobra Meggan Watterson popisuje zdroj toho, co naz\u00fdv\u00e1 \u201eposv\u00e1tn\u00fdm hn\u011bvem\u201c:<\/em><\/p>\n\n\n\n<h4 class=\"wp-block-heading\">Existuje jasn\u011b pojmenovateln\u00fd hn\u011bv<\/h4>\n\n\n\n<p>&nbsp;Existuje hn\u011bv, kter\u00fd n\u00e1m d\u00e1v\u00e1 jasno v tom, kdy jsou p\u0159ekra\u010dov\u00e1ny na\u0161e hranice, hn\u011bv, kter\u00fd n\u00e1m d\u00e1v\u00e1 kritick\u00e9 informace o tom, \u017ee jsme v nebezpe\u010d\u00ed, \u017ee n\u00e1m n\u011bkdo ubli\u017euje nebo n\u011bkomu, koho milujeme. Existuje hn\u011bv, kter\u00fd n\u00e1m ukazuje, jak propojeni jsme, nap\u0159\u00edklad kdy\u017e c\u00edt\u00edme hn\u011bv, kdy\u017e jsme sv\u011bdky nespravedlnosti\u2026<\/p>\n\n\n\n<h4 class=\"wp-block-heading\">Posv\u00e1tn\u00fd hn\u011bv vych\u00e1z\u00ed z l\u00e1sky<\/h4>\n\n\n\n<p>Vid\u011bt zavra\u017ed\u011bn\u00e9ho George Floyda jsme byli v\u0161ichni kolektivn\u011b sv\u011bdky, proto\u017ee sedmn\u00e1ctilet\u00e1 Darnella Frazierov\u00e1 odm\u00edtla opustit jeho bok, odm\u00edtla poslouchat policisty, kte\u0159\u00ed j\u00ed \u0159ekli, aby \u0161la d\u00e1l, a m\u00edsto toho z\u016fstala a nato\u010dila na sv\u016fj iPhone vra\u017edu, kter\u00e1 znovu rozn\u00edtila hnut\u00ed za soci\u00e1ln\u00ed spravedlnost po cel\u00e9m sv\u011bt\u011b. Tato forma hn\u011bvu je posv\u00e1tn\u00e1. Je to hn\u011bv, kter\u00fd objas\u0148uje, na \u010dem n\u00e1m na tomto sv\u011bt\u011b nejv\u00edce z\u00e1le\u017e\u00ed, za co nasad\u00edme sv\u00e1 t\u011bla, abychom se postavili. Rozd\u00edl je v tom, \u017ee se nech\u00e1v\u00e1me t\u00edmto posv\u00e1tn\u00fdm vztekem motivovat k \u010dinu, ale kdy\u017e jedn\u00e1me, vych\u00e1z\u00edme z l\u00e1sky.<\/p>\n\n\n\n<h4 class=\"wp-block-heading\">Vztek z&nbsp;pomsty \u2013 vztek ega<\/h4>\n\n\n\n<p>Watterson srovn\u00e1v\u00e1 posv\u00e1tn\u00fd vztek se vztekem, kter\u00fd se sna\u017e\u00ed zp\u016fsobit \u0161kodu. Je to vztek z pomsty. Vztek ze snahy o pomstu. Je to vztek nekone\u010dn\u00e9ho cyklu odvety. Je to vztek, kter\u00fd n\u00e1s m\u016f\u017ee donutit jednat tak, \u017ee budeme litovat do konce \u017eivota, nebo \u017ee to bude st\u00e1t n\u00e1\u0161 \u017eivot nebo \u017eivot n\u011bkoho jin\u00e9ho. Je to vztek, kter\u00fd odm\u00edt\u00e1 milosrdenstv\u00ed. Je to vztek, kter\u00fd n\u00e1s v noci dr\u017e\u00ed vzh\u016fru v hr\u016fzn\u00e9m egoick\u00e9m boji, v n\u011bm\u017e si znovu a znovu opakujeme zradu, hroznou k\u0159ivdu, kterou n\u00e1m n\u011bkdo zp\u016fsobil. A je to vztek, kter\u00fd si mysl\u00ed, \u017ee je spr\u00e1vn\u00fd\u2026 \u017de m\u00e1me pln\u00e9 pr\u00e1vo ubl\u00ed\u017eit n\u011bkomu, kdo ubl\u00ed\u017eil n\u00e1m. \u017de m\u00e1me pln\u00e9 pr\u00e1vo nechat se chytit do ega, do na\u0161eho vlastn\u00edho mal\u00e9ho ok\u00e9nka vn\u00edm\u00e1n\u00ed n\u011bkoho, \u017ee si na n\u011bm m\u016f\u017eeme vyb\u00edt vztek.<\/p>\n\n\n\n<p>&nbsp;Watterson potvrzuje na\u0161i vrozenou dobrotu jako zdroj hn\u011bvu i uzdraven\u00ed:<\/p>\n\n\n\n<h4 class=\"wp-block-heading\">vztek pro vyty\u010den\u00ed hranic<\/h4>\n\n\n\n<p>Hn\u011bv a dobrota se vz\u00e1jemn\u011b nevylu\u010duj\u00ed. Hn\u011bv je \u010dasto nezbytn\u00fd k vyty\u010den\u00ed ostr\u00fdch hranic, kdy\u017e jsme my nebo ti, kter\u00e9 milujeme, nebo ti, s nimi\u017e c\u00edt\u00edme spojen\u00ed, ubli\u017eov\u00e1ni. A hn\u011bv je nezbytn\u00fd k tomu, abychom si p\u0159ipomn\u011bli na\u0161i vrozenou dobrotu.<\/p>\n\n\n\n<h4 class=\"wp-block-heading\">Hn\u011bv je n\u011bco jako informace<\/h4>\n\n\n\n<p>Jsme na\u0161tvan\u00ed, proto\u017ee jsme dob\u0159\u00ed, proto\u017ee rozpozn\u00e1v\u00e1me, vrozen\u011b v\u00edme, co je dobr\u00e9. Hn\u011bv, jako pomal\u00e9 kontrolovan\u00e9 ho\u0159en\u00ed, n\u00e1s m\u016f\u017ee poh\u00e1n\u011bt a informovat\u2026 Hn\u011bv je informace. Hn\u011bv nen\u00ed ak\u010dn\u00ed pl\u00e1n. Hn\u011bv nem\u00e1 \u017e\u00e1dn\u00e9 odpov\u011bdi na to, co bude d\u00e1l. A m\u016f\u017ee rychle podn\u00edtit akci.<\/p>\n\n\n\n<h4 class=\"wp-block-heading\">Po informaci od hn\u011bvu se mus\u00edme vr\u00e1tit k l\u00e1sce<\/h4>\n\n\n\n<p>&nbsp;Pokud v\u0161ak jedn\u00e1me pouze z tohoto hn\u011bvu, pokud se pohybujeme tak, jak si hn\u011bv p\u0159eje, abychom se pohybovali, ubl\u00ed\u017e\u00edme sob\u011b i ostatn\u00edm. Tak\u017ee kdy\u017e se chyst\u00e1me jednat, mus\u00edme se nejprve z\u00e1m\u011brn\u011b vr\u00e1tit k l\u00e1sce. Hn\u011bv n\u00e1s informuje o tom, co milujeme, a l\u00e1ska n\u00e1s vede k jedn\u00e1n\u00ed zp\u016fsoby, kter\u00e9 zn\u00e1 jen l\u00e1ska.<\/p>\n\n\n\n<h6 class=\"wp-block-heading\">Prameny:<\/h6>\n\n\n\n<p class=\"has-small-font-size\">Excerpted from&nbsp;<em><a href=\"https:\/\/email.cac.org\/t\/d-l-sudqkl-tlkrhyidn-u\/\">The Girl Who Baptized Herself<\/a>&nbsp;<\/em>by Meggan Watterson. Copyright \u00a92025 by Meggan Watterson. All rights reserved. No part of this excerpt (149\u2013150, 174\u2013175) may be reproduced or reprinted without permission in writing from the publisher.&nbsp;<\/p>\n\n\n\n<p class=\"has-small-font-size\"><strong>Image Credit and inspiration:&nbsp;<\/strong>Ricardo IV Tamayo,&nbsp;<em>untitled&nbsp;<\/em>(detail), 2021, photo, Cuba,&nbsp;<a href=\"https:\/\/email.cac.org\/t\/d-l-sudqkl-tlkrhyidn-o\/\">Unsplash<\/a>.&nbsp;<a href=\"https:\/\/email.cac.org\/t\/d-l-sudqkl-tlkrhyidn-b\/\">Click here to enlarge image.<\/a>&nbsp;<em>Together, we hold the flowering of compassionate action, remembering our shared humanity and deep connection to one another and all of creation.<\/em>&nbsp;<\/p>\n\n\n\n<p><\/p>\n","protected":false},"excerpt":{"rendered":"<p>Pokud v\u0161ak jedn\u00e1me pouze z tohoto hn\u011bvu, pokud se pohybujeme tak, jak si hn\u011bv p\u0159eje, abychom se pohybovali, ubl\u00ed\u017e\u00edme sob\u011b i ostatn\u00edm. Tak\u017ee kdy\u017e se chyst\u00e1me jednat, mus\u00edme se nejprve z\u00e1m\u011brn\u011b vr\u00e1tit k l\u00e1sce. Hn\u011bv n\u00e1s informuje o tom, co milujeme, a l\u00e1ska n\u00e1s vede k jedn\u00e1n\u00ed zp\u016fsoby, kter\u00e9 zn\u00e1 jen l\u00e1ska.<\/p>\n","protected":false},"author":1,"featured_media":12053,"comment_status":"open","ping_status":"open","sticky":false,"template":"","format":"standard","meta":{"footnotes":""},"categories":[198],"tags":[315,898,154,2080],"class_list":["post-12094","post","type-post","status-publish","format-standard","has-post-thumbnail","hentry","category-richard-rohr-ofm-centrum-pro-zivot-a-rozjimani","tag-dobrota","tag-hnev","tag-laska","tag-vztek","latest_post"],"_links":{"self":[{"href":"https:\/\/www.frantiskani.cz\/index.php\/wp-json\/wp\/v2\/posts\/12094","targetHints":{"allow":["GET"]}}],"collection":[{"href":"https:\/\/www.frantiskani.cz\/index.php\/wp-json\/wp\/v2\/posts"}],"about":[{"href":"https:\/\/www.frantiskani.cz\/index.php\/wp-json\/wp\/v2\/types\/post"}],"author":[{"embeddable":true,"href":"https:\/\/www.frantiskani.cz\/index.php\/wp-json\/wp\/v2\/users\/1"}],"replies":[{"embeddable":true,"href":"https:\/\/www.frantiskani.cz\/index.php\/wp-json\/wp\/v2\/comments?post=12094"}],"version-history":[{"count":1,"href":"https:\/\/www.frantiskani.cz\/index.php\/wp-json\/wp\/v2\/posts\/12094\/revisions"}],"predecessor-version":[{"id":12095,"href":"https:\/\/www.frantiskani.cz\/index.php\/wp-json\/wp\/v2\/posts\/12094\/revisions\/12095"}],"wp:featuredmedia":[{"embeddable":true,"href":"https:\/\/www.frantiskani.cz\/index.php\/wp-json\/wp\/v2\/media\/12053"}],"wp:attachment":[{"href":"https:\/\/www.frantiskani.cz\/index.php\/wp-json\/wp\/v2\/media?parent=12094"}],"wp:term":[{"taxonomy":"category","embeddable":true,"href":"https:\/\/www.frantiskani.cz\/index.php\/wp-json\/wp\/v2\/categories?post=12094"},{"taxonomy":"post_tag","embeddable":true,"href":"https:\/\/www.frantiskani.cz\/index.php\/wp-json\/wp\/v2\/tags?post=12094"}],"curies":[{"name":"wp","href":"https:\/\/api.w.org\/{rel}","templated":true}]}}