{"id":12116,"date":"2025-07-26T09:25:16","date_gmt":"2025-07-26T07:25:16","guid":{"rendered":"https:\/\/www.frantiskani.cz\/?p=12116"},"modified":"2025-07-26T09:25:19","modified_gmt":"2025-07-26T07:25:19","slug":"moudrost-v-dobe-poboureni","status":"publish","type":"post","link":"https:\/\/www.frantiskani.cz\/index.php\/2025\/07\/26\/moudrost-v-dobe-poboureni\/","title":{"rendered":"Moudrost v dob\u011b pobou\u0159en\u00ed"},"content":{"rendered":"\n<h6 class=\"wp-block-heading\">Sobota, 26. \u010dervence 2025-Shrnut\u00ed t\u0159ic\u00e1t\u00e9ho t\u00fddne-20. \u010dervence \u2013 25. \u010dervence 2025<\/h6>\n\n\n\n<h4 class=\"wp-block-heading\">Ned\u011ble<\/h4>\n\n\n\n<p>V\u0161echny v\u011bci volaj\u00ed po odpu\u0161t\u011bn\u00ed ve sv\u00e9 nedokonalosti, ne\u00faplnosti, zran\u011bnosti a neust\u00e1l\u00e9m sm\u011b\u0159ov\u00e1n\u00ed ke smrti. Pouh\u00e1 zlost nebo z\u00e1\u0161\u0165 nic z t\u011bchto skute\u010dnost\u00ed nezm\u011bn\u00ed.\u2014Richard Rohr<\/p>\n\n\n\n<h4 class=\"wp-block-heading\">Pond\u011bl\u00ed<\/h4>\n\n\n\n<p>Uch\u00fdl\u00edme se do sv\u00e9 beznad\u011bje, do nejmen\u0161\u00edch kout\u016f sv\u00fdch srdc\u00ed, nebo se odv\u00e1\u017e\u00edme pozvednout sv\u016fj zrak a nat\u00e1hnout ruku skrze temnotu, dr\u017eet se navz\u00e1jem a st\u00e1t v l\u00e1sce?\u2014Valarie Kaur<\/p>\n\n\n\n<h4 class=\"wp-block-heading\">\u00dater\u00fd<\/h4>\n\n\n\n<p>Hn\u011bv, je-li v\u011bdom\u011b vyu\u017e\u00edv\u00e1n, je silou, kter\u00e1 n\u00e1s spojuje s na\u0161\u00ed schopnost\u00ed bojovat za druh\u00e9 i za sebe sam\u00e9. \u2014Valarie Kaur<\/p>\n\n\n\n<h4 class=\"wp-block-heading\">St\u0159eda<\/h4>\n\n\n\n<p>Pokud v\u011b\u0159\u00edme, \u017ee B\u016fh je rozhn\u011bvan\u00fd tak, jak jsou rozhn\u011bvan\u00ed lid\u00e9, pak je pro n\u00e1s p\u0159\u00edli\u0161 snadn\u00e9 skon\u010dit v \u201eneomezen\u00e9m\u201c hn\u011bvu. Nen\u00ed to vlastn\u011b to, co dnes v\u011bt\u0161inou za\u017e\u00edv\u00e1me?\u2014Richard Rohr&nbsp;<\/p>\n\n\n\n<h4 class=\"wp-block-heading\">\u010ctvrtek<\/h4>\n\n\n\n<p>Pokud se chov\u00e1me tak, jak n\u00e1m vel\u00ed hn\u011bv, zp\u016fsob\u00edme \u0161kodu sob\u011b i ostatn\u00edm. Kdy\u017e tedy p\u0159istupujeme k \u010dinu, mus\u00edme se nejprve z\u00e1m\u011brn\u011b vr\u00e1tit k l\u00e1sce. Hn\u011bv n\u00e1m d\u00e1v\u00e1 v\u011bd\u011bt, co milujeme, a l\u00e1ska n\u00e1s vede k \u010din\u016fm, kter\u00e9 zn\u00e1 jen l\u00e1ska.&nbsp; \u2014Meggan Watterson<\/p>\n\n\n\n<h4 class=\"wp-block-heading\">P\u00e1tek<\/h4>\n\n\n\n<p>Pro Abrahama Joshuu Heschela byl pochod za volebn\u00ed pr\u00e1va svat\u00fdm \u010dinem, zt\u011blesn\u011bnou oddanou odpov\u011bd\u00ed na Bo\u017e\u00ed neust\u00e1l\u00e9 vol\u00e1n\u00ed po d\u016fstojnosti a rovnosti. M\u00edsto aby se v hn\u011bvu nebo zoufalstv\u00ed odvr\u00e1til od spolupr\u00e1ce s ne\u017eidy, stal se Heschel zast\u00e1ncem rasov\u00e9 spravedlnosti a mezin\u00e1bo\u017eensk\u00e9 spolupr\u00e1ce. \u2014Or Rose<\/p>\n\n\n\n<h1 class=\"wp-block-heading\">Po\u017eehn\u00e1n\u00ed pro n\u00e1\u0161 hn\u011bv<\/h1>\n\n\n\n<h6 class=\"wp-block-heading\">T\u0159ic\u00e1t\u00fd t\u00fdden Praxe<\/h6>\n\n\n\n<p><em>Kdy\u017e se sna\u017e\u00edme pou\u010dit se z moudrosti, kterou n\u00e1m n\u00e1\u0161 hn\u011bv m\u016f\u017ee d\u00e1t, Brian McLaren n\u00e1m nab\u00edz\u00ed tuto modlitbu po\u017eehn\u00e1n\u00ed:<\/em><\/p>\n\n\n\n<h4 class=\"wp-block-heading\">Hn\u011bv je i p\u0159\u00edle\u017eitost<\/h4>\n\n\n\n<p>K\u00e9\u017e jsi po\u017eehn\u00e1n, abys ve sv\u00e9m hn\u011bvu vid\u011bl nejen nebezpe\u010d\u00ed, ale i p\u0159\u00edle\u017eitost. K\u00e9\u017e jsi po\u017eehn\u00e1n, abys ve sv\u00e9m hn\u011bvu vid\u011bl okno do toho, co miluje\u0161. K\u00e9\u017e jste po\u017eehn\u00e1ni, abyste ve sv\u00e9m hn\u011bvu vid\u011bli cestu ke smutku. A k\u00e9\u017e v\u00e1\u0161 smutek zjemn\u00ed v\u00e1\u0161 hn\u011bv, a\u017e se prom\u011bn\u00ed v energii l\u00e1sky.&nbsp;&nbsp;<\/p>\n\n\n\n<h4 class=\"wp-block-heading\">Hn\u011bv je p\u0159\u00edle\u017eitost pro l\u00e1sku<\/h4>\n\n\n\n<p>K\u00e9\u017e za\u010dnete vn\u00edmat lhostejnost, spokojenost, apatii a sebest\u0159ednost ve sv\u00e9m nitru jako znamen\u00ed \u2013 ne va\u0161eho nedostatku hn\u011bvu, ale va\u0161eho nedostatku l\u00e1sky.&nbsp;&nbsp;<\/p>\n\n\n\n<p>K\u00e9\u017e p\u0159ijmete hn\u011bv jako zdroj informac\u00ed o tom, co milujete, o tom, co pot\u0159ebuje ochranu a n\u00e1pravu, a o odvaze a s\u00edle pot\u0159ebn\u00e9 k tomu, aby se tento sv\u011bt stal radostn\u011bj\u0161\u00edm a m\u00edrumilovn\u011bj\u0161\u00edm m\u00edstem.&nbsp;<\/p>\n\n\n\n<h4 class=\"wp-block-heading\">Hn\u011bv je p\u0159\u00edle\u017eitost pro moudrost<\/h4>\n\n\n\n<p>K\u00e9\u017e v\u00e1s v\u00e1\u0161 hn\u011bv vede k smutku a v\u00e1\u0161 smutek v\u00e1s vede k l\u00e1sce, abyste se setkali se slzami v\u011bc\u00ed s srdcem bezmezn\u00e9ho soucitu.&nbsp;&nbsp;&nbsp;<\/p>\n\n\n\n<p>A\u0165 se hn\u011bv\u00e1te na to, co si hn\u011bv zaslou\u017e\u00ed, a a\u0165 pro\u017eijete takovou prom\u011bnu sv\u00e9ho hn\u011bvu, \u017ee se stanete nositelem l\u00e1skypln\u00e9 prom\u011bny v na\u0161em sv\u011bt\u011b.&nbsp;<\/p>\n\n\n\n<p>A\u0165 v\u00e1s hlubok\u00e1 moudrost Bo\u017e\u00ed vede hluboko do va\u0161eho hn\u011bvu, abyste se mohli p\u0159ipojit k Je\u017e\u00ed\u0161i v pl\u00e1\u010di za sv\u011bt a abyste st\u00e9nali s tv\u016fr\u010d\u00edm Duchem v l\u00e1skypln\u00fdch porodn\u00edch bolestech lep\u0161\u00edho z\u00edt\u0159ka.&nbsp;&nbsp;<\/p>\n\n\n\n<p class=\"has-small-font-size\">Translated with DeepL.com (free version)<\/p>\n","protected":false},"excerpt":{"rendered":"<p>K\u00e9\u017e za\u010dnete vn\u00edmat lhostejnost, spokojenost, apatii a sebest\u0159ednost ve sv\u00e9m nitru jako znamen\u00ed \u2013 ne va\u0161eho nedostatku hn\u011bvu, ale va\u0161eho nedostatku l\u00e1sky.\u00a0\u00a0<\/p>\n<p>K\u00e9\u017e p\u0159ijmete hn\u011bv jako zdroj informac\u00ed o tom, co milujete, o tom, co pot\u0159ebuje ochranu a n\u00e1pravu, a o odvaze a s\u00edle pot\u0159ebn\u00e9 k tomu, aby se tento sv\u011bt stal radostn\u011bj\u0161\u00edm a m\u00edrumilovn\u011bj\u0161\u00edm m\u00edstem.<\/p>\n","protected":false},"author":1,"featured_media":12053,"comment_status":"open","ping_status":"open","sticky":false,"template":"","format":"standard","meta":{"footnotes":""},"categories":[198],"tags":[898,154,2195],"class_list":["post-12116","post","type-post","status-publish","format-standard","has-post-thumbnail","hentry","category-richard-rohr-ofm-centrum-pro-zivot-a-rozjimani","tag-hnev","tag-laska","tag-lidska-moudrost","latest_post"],"_links":{"self":[{"href":"https:\/\/www.frantiskani.cz\/index.php\/wp-json\/wp\/v2\/posts\/12116","targetHints":{"allow":["GET"]}}],"collection":[{"href":"https:\/\/www.frantiskani.cz\/index.php\/wp-json\/wp\/v2\/posts"}],"about":[{"href":"https:\/\/www.frantiskani.cz\/index.php\/wp-json\/wp\/v2\/types\/post"}],"author":[{"embeddable":true,"href":"https:\/\/www.frantiskani.cz\/index.php\/wp-json\/wp\/v2\/users\/1"}],"replies":[{"embeddable":true,"href":"https:\/\/www.frantiskani.cz\/index.php\/wp-json\/wp\/v2\/comments?post=12116"}],"version-history":[{"count":1,"href":"https:\/\/www.frantiskani.cz\/index.php\/wp-json\/wp\/v2\/posts\/12116\/revisions"}],"predecessor-version":[{"id":12117,"href":"https:\/\/www.frantiskani.cz\/index.php\/wp-json\/wp\/v2\/posts\/12116\/revisions\/12117"}],"wp:featuredmedia":[{"embeddable":true,"href":"https:\/\/www.frantiskani.cz\/index.php\/wp-json\/wp\/v2\/media\/12053"}],"wp:attachment":[{"href":"https:\/\/www.frantiskani.cz\/index.php\/wp-json\/wp\/v2\/media?parent=12116"}],"wp:term":[{"taxonomy":"category","embeddable":true,"href":"https:\/\/www.frantiskani.cz\/index.php\/wp-json\/wp\/v2\/categories?post=12116"},{"taxonomy":"post_tag","embeddable":true,"href":"https:\/\/www.frantiskani.cz\/index.php\/wp-json\/wp\/v2\/tags?post=12116"}],"curies":[{"name":"wp","href":"https:\/\/api.w.org\/{rel}","templated":true}]}}