{"id":12177,"date":"2025-08-02T14:01:35","date_gmt":"2025-08-02T12:01:35","guid":{"rendered":"https:\/\/www.frantiskani.cz\/?p=12177"},"modified":"2025-08-02T14:01:37","modified_gmt":"2025-08-02T12:01:37","slug":"prijeti-nasi-nedokonalosti-2","status":"publish","type":"post","link":"https:\/\/www.frantiskani.cz\/index.php\/2025\/08\/02\/prijeti-nasi-nedokonalosti-2\/","title":{"rendered":"P\u0159ijet\u00ed na\u0161\u00ed nedokonalosti"},"content":{"rendered":"\n<h6 class=\"wp-block-heading\">Sobota, 2. srpna 2025-T\u0159ic\u00e1t\u00fd prvn\u00ed t\u00fdden Shrnut\u00ed-27. \u010dervence \u2013 1. srpna 2025<\/h6>\n\n\n\n<h4 class=\"wp-block-heading\">Ned\u011ble<\/h4>\n\n\n\n<p>V\u011bt\u0161ina hlavn\u00edch k\u0159es\u0165an\u016f up\u0159\u00edmn\u011b vyzn\u00e1v\u00e1 milost a slitov\u00e1n\u00ed, ale v praxi v\u011b\u0159\u00ed, \u017ee \u017eivot je t\u00e9m\u011b\u0159 v\u00fdhradn\u011b o v\u00fdkonu a mor\u00e1ln\u00edch \u00fasp\u011b\u0161\u00edch.\u2014Richard Rohr<\/p>\n\n\n\n<h4 class=\"wp-block-heading\">Pond\u011bl\u00ed<\/h4>\n\n\n\n<p>Pokud existuje n\u011bco jako lidsk\u00e1 dokonalost, zd\u00e1 se, \u017ee vych\u00e1z\u00ed pr\u00e1v\u011b z toho, jak se vypo\u0159\u00e1d\u00e1v\u00e1me s nedokonalost\u00ed, kter\u00e1 je v\u0161ude kolem n\u00e1s, zejm\u00e9na v n\u00e1s sam\u00fdch. Jak chytr\u00e9 m\u00edsto si B\u016fh vybral, aby skryl svatost. \u2014Richard Rohr&nbsp;<\/p>\n\n\n\n<h4 class=\"wp-block-heading\">\u00dater\u00fd<\/h4>\n\n\n\n<p>Kdy\u017e se dok\u00e1\u017eeme zbavit toho, co si mysl\u00ed ostatn\u00ed, a p\u0159ijmout sv\u016fj vlastn\u00ed p\u0159\u00edb\u011bh, z\u00edsk\u00e1me p\u0159\u00edstup ke sv\u00e9 hodnot\u011b \u2013 k pocitu, \u017ee jsme dost dob\u0159\u00ed takov\u00ed, jac\u00ed jsme, a \u017ee si zaslou\u017e\u00edme l\u00e1sku a soun\u00e1le\u017eitost. \u2014Bren\u00e9 Brown<\/p>\n\n\n\n<h4 class=\"wp-block-heading\">St\u0159eda<\/h4>\n\n\n\n<p>Pravidla sama o sob\u011b m\u011b uvnit\u0159 vypr\u00e1zdnila, ale pocit, \u017ee m\u011b Duch osvobozuje, abych mohla b\u00fdt ve vztahu, byl tak \u017eivotod\u00e1rn\u00fd, \u017ee jsem to mohla nazvat jen radost\u00ed.\u2014Juanita Campbell Rasmus<\/p>\n\n\n\n<h4 class=\"wp-block-heading\">\u010ctvrtek<\/h4>\n\n\n\n<p>Dokonalost nen\u00ed odstran\u011bn\u00ed nedokonalosti, jak si mysl\u00edme. Bo\u017esk\u00e1 dokonalost je ve skute\u010dnosti schopnost rozpoznat, odpustit a p\u0159ijmout nedokonalost \u2013 stejn\u011b jako to d\u011bl\u00e1 B\u016fh s n\u00e1mi v\u0161emi. \u2014Richard Rohr&nbsp;<\/p>\n\n\n\n<h4 class=\"wp-block-heading\">P\u00e1tek<\/h4>\n\n\n\n<p>Pavel opakovan\u011b prosil Boha, aby mu tento trn odstranil, ale B\u016fh \u0159ekl ne. B\u016fh \u0159ekl, \u017ee milost a slitov\u00e1n\u00ed mus\u00ed sta\u010dit, \u017ee nic stra\u0161n\u00e9ho ani fantastick\u00e9ho, co Pavel ud\u011blal, nezm\u011bn\u00ed velikost bo\u017esk\u00e9 l\u00e1sky. Tato l\u00e1ska m\u011bla a bude m\u00edt posledn\u00ed slovo. \u2014Anne Lamott<\/p>\n\n\n\n<h4 class=\"wp-block-heading\">P\u0159ijet\u00ed cel\u00e9ho \u017eivota<\/h4>\n\n\n\n<h6 class=\"wp-block-heading\">T\u0159ic\u00e1t\u00fd prvn\u00ed t\u00fdden Cvi\u010den\u00ed<\/h6>\n\n\n\n<p><em>V epilogu sv\u00e9 knihy I Am Maria, z n\u00ed\u017e zde s povolen\u00edm citujeme \u00faryvek z Maria Shriver&#8217;s Sunday Paper, Shriverov\u00e1 vyb\u00edz\u00ed \u010dten\u00e1\u0159e, aby rozli\u0161ili, jak se m\u016f\u017eeme zapojit do na\u0161eho nedokonal\u00e9ho sv\u011bta:<\/em><\/p>\n\n\n\n<h4 class=\"wp-block-heading\">Prost\u011b \u017eivot<\/h4>\n\n\n\n<p>Kamkoli se v t\u011bchto dnech pod\u00edv\u00e1m, vid\u00edm lidi trp\u00edc\u00ed bolest\u00ed a zlomen\u00fdm srdcem. Bojem a osam\u011blost\u00ed. C\u00edt\u00edm touhu po n\u011b\u010dem jin\u00e9m, po n\u011b\u010dem duchovn\u011bj\u0161\u00edm. To, co \u010dasto vn\u00edm\u00e1me jako k\u0159ehk\u00e9 a nejist\u00e9, a v\u0161e, co jsme si mysleli, \u017ee v\u00edme o sob\u011b a o sv\u011bt\u011b, se zd\u00e1 m\u011bnit ka\u017ed\u00fdm dnem. \u0158\u00edk\u00e1 se n\u00e1m, \u017ee \u017eijeme v bezprecedentn\u00ed dob\u011b, ale j\u00e1 si mysl\u00edm, \u017ee to je prost\u011b \u017eivot.<\/p>\n\n\n\n<h4 class=\"wp-block-heading\">Pro\u010d tu jsme?<\/h4>\n\n\n\n<p>V t\u00e9to dob\u011b neust\u00e1l\u00fdch zm\u011bn a neust\u00e1l\u00e9ho hluku m\u00e1 ka\u017ed\u00fd z n\u00e1s p\u0159\u00edle\u017eitost k introspekci, probuzen\u00ed a plnohodnotn\u011bj\u0161\u00edmu \u017eivotu. V\u0161echna star\u00e1 pravidla jsou pry\u010d, co\u017e znamen\u00e1, \u017ee je vhodn\u00e1 doba pro ka\u017ed\u00e9ho z n\u00e1s, abychom se zamysleli a zeptali se sami sebe, pro\u010d jsme tady, jak\u00fd je n\u00e1\u0161 \u00fa\u010del, k\u00fdm se chceme st\u00e1t, jakou stopu chceme zanechat na tomto sv\u011bt\u011b a zda m\u00e1me odvahu zkoumat a p\u0159\u00edpadn\u011b zm\u011bnit star\u00e9 p\u0159esv\u011bd\u010den\u00ed, kter\u00e9 n\u00e1s mo\u017en\u00e1 dr\u017e\u00ed v \u017eivot\u011b, kter\u00fd pro n\u00e1s nen\u00ed ur\u010den\u00fd.<\/p>\n\n\n\n<h4 class=\"wp-block-heading\">\u017divotn\u00ed lekce<\/h4>\n\n\n\n<p>\u017divot nab\u00edz\u00ed ka\u017ed\u00e9mu z n\u00e1s celou \u0161k\u00e1lu zku\u0161enost\u00ed a emoc\u00ed. Nikdo neunikne sil\u00e1m a ud\u00e1lostem, o kter\u00fdch jsme p\u0159esv\u011bd\u010deni, \u017ee n\u00e1s zlom\u00ed. Ale pochopit, \u017ee tyt\u00e9\u017e ud\u00e1losti jsou stejn\u011b tak sou\u010d\u00e1st\u00ed na\u0161eho \u017eivota jako dosa\u017een\u00ed na\u0161ich sn\u016f \u2013 z\u00edsk\u00e1n\u00ed perfektn\u00ed pr\u00e1ce, zamilov\u00e1n\u00ed se, narozen\u00ed d\u00edt\u011bte \u2013 je cennou \u017eivotn\u00ed lekc\u00ed. M\u00edt pln\u00fd, smyslupln\u00fd \u017eivot znamen\u00e1 p\u0159ijmout cel\u00fd \u017eivot \u2013 to, co vn\u00edm\u00e1me jako \u0161patn\u00e9, stejn\u011b jako to, co vn\u00edm\u00e1me jako dobr\u00e9. [1]<\/p>\n\n\n\n<h4 class=\"wp-block-heading\">&nbsp;<\/h4>\n\n\n\n<p><em>Shriverov\u00e1 za\u010dala ps\u00e1t poezii jako zp\u016fsob, jak vyj\u00e1d\u0159it svou touhu \u201ep\u0159ijmout cel\u00fd \u017eivot\u201c.<\/em><\/p>\n\n\n\n<h4 class=\"wp-block-heading\">Zde je jej\u00ed b\u00e1se\u0148 \u201ePicture Perfect\u201c (Dokonal\u00fd obr\u00e1zek).<\/h4>\n\n\n\n<pre class=\"wp-block-verse\">Myslela jsem, \u017ee m\u00e1m v\u0161echno\u00a0\u00a0<br>Alespo\u0148 se mi to tak zd\u00e1lo<br>Obr\u00e1zek, kter\u00fd jsem si namalovala v hlav\u011b, mi p\u0159ipadal v\u00edc ne\u017e dokonal\u00fd<br>Pochopila jsem, \u017ee nic takov\u00e9ho neexistuje<br>Dokonalost je to, co si namlouv\u00e1me<br>To, co tou\u017e\u00edme prom\u00edtat<br>Dokonalost je jen iluze, kter\u00e1 zakr\u00fdv\u00e1 trhliny<br>Tak moc se boj\u00edme toho, co nevid\u00edme<br>\u017de se up\u00edn\u00e1me k dokonal\u00e9mu obrazu<br>A nech\u00e1me to b\u00fdt<br>Dokonalost je to, co \u0159\u00edk\u00e1me ostatn\u00edm<br>A oni se d\u00edvaj\u00ed a div\u00ed se, pro\u010d<br>Pro\u010d nemaj\u00ed dokonalost ve sv\u00fdch o\u010d\u00edch<br>Pravdou je, \u017ee nikdo ne\u017eije dokonal\u00fd mal\u00fd \u017eivot<br>V\u0161ichni m\u00e1me trhliny a praskliny<br>\u017divot je prost\u011b takov\u00fd<br>Ale mus\u00edm \u0159\u00edct, \u017ee j\u00e1<br>jsem si myslela, \u017ee m\u00e1m v\u0161echno<br>nebo alespo\u0148 dost na to, aby mi to sta\u010dilo<br>To znamen\u00e1<br>dokud m\u00e9mu dokonal\u00e9mu \u017eivotu nedo\u0161el \u010das [2]<\/pre>\n\n\n\n<p>Translated with DeepL.com (free version)<\/p>\n","protected":false},"excerpt":{"rendered":"<p>\u017divot nab\u00edz\u00ed ka\u017ed\u00e9mu z n\u00e1s celou \u0161k\u00e1lu zku\u0161enost\u00ed a emoc\u00ed. Nikdo neunikne sil\u00e1m a ud\u00e1lostem, o kter\u00fdch jsme p\u0159esv\u011bd\u010deni, \u017ee n\u00e1s zlom\u00ed. Ale pochopit, \u017ee tyt\u00e9\u017e ud\u00e1losti jsou stejn\u011b tak sou\u010d\u00e1st\u00ed na\u0161eho \u017eivota jako dosa\u017een\u00ed na\u0161ich sn\u016f \u2013 z\u00edsk\u00e1n\u00ed perfektn\u00ed pr\u00e1ce, zamilov\u00e1n\u00ed se, narozen\u00ed d\u00edt\u011bte \u2013 je cennou \u017eivotn\u00ed lekc\u00ed. M\u00edt pln\u00fd, smyslupln\u00fd \u017eivot znamen\u00e1 p\u0159ijmout cel\u00fd \u017eivot \u2013 to, co vn\u00edm\u00e1me jako \u0161patn\u00e9, stejn\u011b jako to, co vn\u00edm\u00e1me jako dobr\u00e9.<\/p>\n","protected":false},"author":1,"featured_media":12126,"comment_status":"open","ping_status":"open","sticky":false,"template":"","format":"standard","meta":{"footnotes":""},"categories":[198],"tags":[2298,2299,153],"class_list":["post-12177","post","type-post","status-publish","format-standard","has-post-thumbnail","hentry","category-richard-rohr-ofm-centrum-pro-zivot-a-rozjimani","tag-dkonalost","tag-prijeti-pritomnosti","tag-zivot","latest_post"],"_links":{"self":[{"href":"https:\/\/www.frantiskani.cz\/index.php\/wp-json\/wp\/v2\/posts\/12177","targetHints":{"allow":["GET"]}}],"collection":[{"href":"https:\/\/www.frantiskani.cz\/index.php\/wp-json\/wp\/v2\/posts"}],"about":[{"href":"https:\/\/www.frantiskani.cz\/index.php\/wp-json\/wp\/v2\/types\/post"}],"author":[{"embeddable":true,"href":"https:\/\/www.frantiskani.cz\/index.php\/wp-json\/wp\/v2\/users\/1"}],"replies":[{"embeddable":true,"href":"https:\/\/www.frantiskani.cz\/index.php\/wp-json\/wp\/v2\/comments?post=12177"}],"version-history":[{"count":1,"href":"https:\/\/www.frantiskani.cz\/index.php\/wp-json\/wp\/v2\/posts\/12177\/revisions"}],"predecessor-version":[{"id":12178,"href":"https:\/\/www.frantiskani.cz\/index.php\/wp-json\/wp\/v2\/posts\/12177\/revisions\/12178"}],"wp:featuredmedia":[{"embeddable":true,"href":"https:\/\/www.frantiskani.cz\/index.php\/wp-json\/wp\/v2\/media\/12126"}],"wp:attachment":[{"href":"https:\/\/www.frantiskani.cz\/index.php\/wp-json\/wp\/v2\/media?parent=12177"}],"wp:term":[{"taxonomy":"category","embeddable":true,"href":"https:\/\/www.frantiskani.cz\/index.php\/wp-json\/wp\/v2\/categories?post=12177"},{"taxonomy":"post_tag","embeddable":true,"href":"https:\/\/www.frantiskani.cz\/index.php\/wp-json\/wp\/v2\/tags?post=12177"}],"curies":[{"name":"wp","href":"https:\/\/api.w.org\/{rel}","templated":true}]}}