{"id":12259,"date":"2025-08-08T03:09:43","date_gmt":"2025-08-08T01:09:43","guid":{"rendered":"https:\/\/www.frantiskani.cz\/?p=12259"},"modified":"2025-08-08T03:09:47","modified_gmt":"2025-08-08T01:09:47","slug":"pameti-jiriho-senkyre-ofs","status":"publish","type":"post","link":"https:\/\/www.frantiskani.cz\/index.php\/2025\/08\/08\/pameti-jiriho-senkyre-ofs\/","title":{"rendered":"Pam\u011bti Ji\u0159\u00edho \u0160enk\u00fd\u0159e OFS"},"content":{"rendered":"\n<h4 class=\"wp-block-heading\">Vznik sekul\u00e1rn\u00edho franti\u0161k\u00e1nsk\u00e9ho \u0159\u00e1du v \u010cR<\/h4>\n\n\n\n<p><em>Jak jsem se sezn\u00e1mil se Sekul\u00e1rn\u00edm franti\u0161k\u00e1nsk\u00fdm \u0159\u00e1dem<\/em><\/p>\n\n\n\n<p>Bylo to v&nbsp;roce 1988, kdy se mi do rukou dostal opis \u0158ehole. Byl na tehdy obl\u00edben\u00e9m pr\u016fklepov\u00e9m pap\u00ed\u0159e. \u010cetl jsem ji st\u00e1le dokola. Nejv\u00edc mne zaujala v\u011bta \u201ep\u0159ech\u00e1zet z&nbsp;evangelia k&nbsp;\u017eivotu a ze \u017eivota k&nbsp;evangeliu\u201c (\u0158ehole 4). Dal\u0161\u00ed siln\u00e1 v\u011bta je v&nbsp;patn\u00e1ct\u00e9m \u010dl\u00e1nku \u0158ehole: \u201ea\u0165 vyd\u00e1vaj\u00ed sv\u011bdectv\u00ed sv\u00fdm \u017eivotem a tak\u00e9 odv\u00e1\u017en\u00fdmi \u010diny p\u0159i prosazov\u00e1n\u00ed spravedlnosti ve ve\u0159ejn\u00e9m \u017eivot\u011b\u201c. To v&nbsp;kontextu totality bylo docela provokativn\u00ed. Smysl jsem pln\u011b pochopil a\u017e v&nbsp;listopadu 1989, kdy jsem vedl gener\u00e1ln\u00ed st\u00e1vku v&nbsp;na\u0161em podniku.<\/p>\n\n\n\n<p>Ke vstupu do \u0159\u00e1du m\u011b p\u0159ipravoval P. Metod\u011bj Sl\u00e1dek, OFMcap. Jezdil jsem za n\u00edm ka\u017ed\u00fd m\u011bs\u00edc do T\u0159eb\u00ed\u010de. V&nbsp;\u010dervenci 1990 jsem s&nbsp;man\u017eelkou a d\u011btmi zajel za n\u00edm do Fulneku a do jeho rukou slo\u017eil profes. Za patrona jsem si zvolil sv. Vav\u0159ince z&nbsp;Brindisi.<\/p>\n\n\n\n<h4 class=\"wp-block-heading\"><em>Jak do\u0161lo k\u00a0zalo\u017een\u00ed Sekul\u00e1rn\u00edho franti\u0161k\u00e1nsk\u00e9ho \u0159\u00e1du v\u00a0\u010cR<\/em><\/h4>\n\n\n\n<p>Za\u010d\u00e1tkem roku 1990, ihned jak to bylo pr\u00e1vn\u011b mo\u017en\u00e9, zaregistroval br. Ji\u0159\u00ed T\u016fma Sekul\u00e1rn\u00ed franti\u0161k\u00e1nsk\u00fd \u0159\u00e1d v&nbsp;\u010cR. V&nbsp;kv\u011btnu tohoto roku byli sezv\u00e1ni v\u0161ichni, kte\u0159\u00ed m\u011bli o tento \u0159\u00e1d z\u00e1jem do Brna k&nbsp;minorit\u016fm. Nev\u00edm, kolik lid\u00ed se se\u0161lo, ale vybavuji si, \u017ee kostel byl skoro pln\u00fd. Byla ustanovena Prozat\u00edmn\u00ed rada pod veden\u00edm br. T\u016fmy. Nastalo \u010dty\u0159let\u00e9 obdob\u00ed vytv\u00e1\u0159en\u00ed struktury \u0159\u00e1du. Vznikla jednotliv\u00e1 m\u00edstn\u00ed bratrsk\u00e1 spole\u010denstv\u00ed. Pracovalo se s&nbsp;prozat\u00edmn\u00edm p\u0159ekladem \u0158ehole, objevily se prvn\u00ed franti\u0161k\u00e1nsk\u00e9 bro\u017eury. V\u0161ude byla radost z&nbsp;nabyt\u00e9 svobody a z&nbsp;objevov\u00e1n\u00ed sv. Franti\u0161ka. Zapojily se v\u0161echny t\u0159i Prvn\u00ed franti\u0161k\u00e1nsk\u00e9 \u0159\u00e1dy, i kdy\u017e samy m\u011bly co d\u011blat s&nbsp;vlastn\u00ed obnovou. Jmenovit\u011b je t\u0159eba jmenovat j\u00e1hna \u010ceslava K\u0159\u00ed\u017ealu OFM, kter\u00fd ne\u00fanavn\u011b obj\u00ed\u017ed\u011bl celou republiku a v\u0161em pom\u00e1hal.<\/p>\n\n\n\n<p><em>Volebn\u00ed kapitula ve \u017d\u010f\u00e1\u0159e nad S\u00e1zavou v&nbsp;roce 1994<\/em><\/p>\n\n\n\n<p>V&nbsp;roce 1994 bylo mo\u017en\u00e9 uspo\u0159\u00e1dat kapitulu, proto\u017ee jednotliv\u00e1 MBS byla schopna vyslat svoje \u0159\u00e1dn\u011b zvolen\u00e9 deleg\u00e1ty. N\u00e1rodn\u00edm ministrem byl zvolen Franti\u0161ek Reichel, j\u00e1 jsem se stal jeho z\u00e1stupcem. Bylo to radostn\u00e9 setk\u00e1n\u00ed, proto\u017ee \u0159\u00e1d za\u010dal norm\u00e1ln\u011b pracovat. Kapitulu nav\u0161t\u00edvil brn\u011bnsk\u00fd biskup Mons. Cikrle. Od kapituly jsme za\u010dali vyd\u00e1vat Zpravodaj (v pap\u00edrov\u00e9 podob\u011b a rozes\u00edlan\u00fd do v\u0161ech MBS).<\/p>\n\n\n\n<p><em>Zvolen\u00ed do Sen\u00e1tu P\u010cR<\/em><\/p>\n\n\n\n<p>Na podzim 1997 jsem byl zvolen sen\u00e1torem. Stal jsem se p\u0159edsedou Klubu sen\u00e1tor\u016f KDU \u2013 \u010cSL. Za\u010dal jsem d\u011blat politiku naplno. Vyhodnotil jsem svoji situaci a rozhodl jsem se rezignovat na m\u00edsto v&nbsp;N\u00e1rodn\u00ed rad\u011b SF\u0158. Z\u016fstal jsem \u010dlenem SF\u0158 a dle \u010dasov\u00fdch mo\u017enost\u00ed se z\u00fa\u010dast\u0148oval \u010dinnosti v&nbsp;\u0159\u00e1du.<\/p>\n\n\n\n<h4 class=\"wp-block-heading\"><em>M\u00edstn\u00ed bratrsk\u00e9 spole\u010denstv\u00ed ve \u017d\u010f\u00e1ru nad S\u00e1zavou<\/em><\/h4>\n\n\n\n<p>Historicky u n\u00e1s nikdy nebyl III. r\u00e1d sv. Franti\u0161ka, ale bylo n\u00e1s n\u011bkolik \u010dlen\u016f SF\u0158 z&nbsp;m\u011bsta i okol\u00ed (P\u0159ibyslav, Sn\u011b\u017en\u00e9, Moravec). Po\u017e\u00e1dali jsme o zalo\u017een\u00ed MBS N\u00e1rodn\u00ed radu a se souhlasem brn\u011bnsk\u00e9ho biskupa bylo ustanoveno MBS p\u0159i kostele sv. Prokopa. Bylo n\u00e1s \u0161est, n\u011bkdy se p\u0159i\u0161el n\u011bkdo pod\u00edvat. Na setk\u00e1n\u00ed doj\u00ed\u017ed\u011bl br. \u010ceslav. Kdy\u017e jsem nemohl, chodila na faru moje man\u017eelka. Proto\u017ee jsem od roku 1990 do 1996 byl z\u00e1stupcem starosty m\u011bsta, domluvili jsme se zastupiteli, vybrali n\u011bjak\u00e9 pen\u00edze a nechali pro m\u011bsto vysochat od akademick\u00e9ho socha\u0159e Romana Podr\u00e1zsk\u00e9ho z P\u0159ibyslavi sochu sv. Franti\u0161ka s&nbsp;Kristem. Uspo\u0159\u00e1dali jsme malou konferenci o ekologii a sochu instalovali a po\u017eehnali. Socha stoj\u00ed na horn\u00ed \u010d\u00e1sti n\u00e1m\u011bst\u00ed v&nbsp;bl\u00edzkosti kostel\u00edka Nejsv\u011bt\u011bj\u0161\u00ed trojice. MBS p\u016fsobilo p\u0159es 10 let. Kdy\u017e \u010dlenov\u00e9 zest\u00e1rli a n\u011bkte\u0159\u00ed zem\u0159eli a nikdo nov\u00fd nep\u0159i\u0161el, spole\u010denstv\u00ed zaniklo. Zb\u00fdvaj\u00edc\u00ed \u010dlenov\u00e9 se p\u0159esunuli do Jihlavy.<\/p>\n\n\n\n<h4 class=\"wp-block-heading\"><em>Aktivity \u0159\u00e1du<\/em><\/h4>\n\n\n\n<p>SF\u0158 obnovil aktivity, kter\u00e9 se nemohly za totality konat, nebo jen tajn\u011b. Byla to v&nbsp;prv\u00e9 \u0159ad\u011b ka\u017edoro\u010dn\u00ed pou\u0165 na Host\u00fdn. Konala se slavnostn\u00ed bohoslu\u017eba, no\u010dn\u00ed adorace, setk\u00e1n\u00ed v&nbsp;Jurkovi\u010dov\u011b s\u00e1le a odpoledn\u00ed k\u0159\u00ed\u017eov\u00e1 cesta. N\u00e1rodn\u00ed rada vyu\u017e\u00edvala setk\u00e1n\u00ed ke sv\u00e9mu zased\u00e1n\u00ed. Franti\u0161ek Reichel organizoval p\u011b\u0161\u00ed pou\u0165 z&nbsp;Lev\u00e9ho Hradce na Velehrad (inici\u00e1torem byl koncem 70 t\u00fdch let kardin\u00e1l Tom\u00e1\u0161ek) a Pou\u0165 Prahou, kter\u00e1 m\u011bla starobylou tradici. Ka\u017edoro\u010dn\u011b jsme tak\u00e9 jezdili ke hrobu dr. Franti\u0161ka Noska do Po\u0159\u00ed\u010d\u00ed nad S\u00e1zavou, kde v\u011bt\u0161inou celebroval n\u011bkter\u00fd z&nbsp;biskup\u016f nebo p\u0159edstavitel\u016f franti\u0161k\u00e1nsk\u00fdch \u0159\u00e1d\u016f. Za\u010dali jsme se shroma\u017e\u010fov\u00e1n\u00edm doklad\u016f o \u017eivot\u011b dr. Franti\u0161ka Noska pro zah\u00e1jen\u00ed jeho beatifikace.<\/p>\n\n\n\n<p>Vzd\u011bl\u00e1v\u00e1n\u00ed \u010dlen\u016f zaji\u0161\u0165ovaly forma\u010dn\u00ed semin\u00e1\u0159e v&nbsp;brn\u011bnsk\u00e9m Petrinu, pozd\u011bji roz\u0161\u00ed\u0159en\u00e9 o setk\u00e1n\u00ed ministr\u016f MBS.<\/p>\n\n\n\n<p><em>N\u00e1vrat do veden\u00ed \u0159\u00e1du<\/em><\/p>\n\n\n\n<p>V&nbsp;roce 2010 jsem byl po\u017e\u00e1d\u00e1n, zda bych nedoplnil N\u00e1rodn\u00ed radu SF\u0158 za bratra form\u00e1tora, kter\u00fd odstoupil. Ji\u017e jsem nebyl v&nbsp;aktivn\u00ed politice, tak jsem souhlasil. V&nbsp;tom obdob\u00ed se dokon\u010dovaly ofici\u00e1ln\u00ed p\u0159eklady dokument\u016f a psaly n\u00e1rodn\u00ed stanovy. B\u011b\u017eely volby a vizitace MBS, tak jak m\u00e1 b\u00fdt. Na kapitule 2012 jsem byl zvolen n\u00e1rodn\u00edm ministrem a m\u00fdm z\u00e1stupcem se stal Franti\u0161ek Reichel. Nastalo nejn\u00e1ro\u010dn\u011bj\u0161\u00ed t\u0159\u00edlet\u00e9 obdob\u00ed m\u00e9ho p\u016fsoben\u00ed v&nbsp;\u0159\u00e1du. Velkou ud\u00e1lost\u00ed v&nbsp;roce 2013 bylo zvolen\u00ed pape\u017ee Franti\u0161ka. Vzpom\u00edn\u00e1m na forma\u010dn\u00ed semin\u00e1\u0159 o Franti\u0161kov\u011b \u201eprogramov\u00e9m\u201c dokumentu Evangelii gaudium, kde jsem se sna\u017eil b\u011bhem n\u011bkolika hodin odp\u0159edn\u00e1\u0161et hlavn\u00ed my\u0161lenky. Dnes v\u00edm, \u017ee to byl zoufal\u00fd pokus, kdy\u017e pape\u017e Franti\u0161ek na tomto t\u00e9matu pracoval cel\u00fdch t\u0159in\u00e1ct let.<\/p>\n\n\n\n<p><em>Co m\u00e1m od sv. Franti\u0161ka<\/em><\/p>\n\n\n\n<p>Sv. Franti\u0161ek \u0161el proti v\u011btru. Tehdej\u0161\u00ed pape\u017e byl nejbohat\u0161\u00ed a nejmocn\u011bj\u0161\u00ed \u010dlov\u011bk. P\u0159edstavoval obraz bohat\u00e9ho a mocn\u00e9ho Mesi\u00e1\u0161e jak jej ch\u00e1pali \u017eid\u00e9 v&nbsp;Je\u017e\u00ed\u0161ov\u011b dob\u011b. Sv. Franti\u0161ek napodoboval chud\u00e9ho, poni\u017eovan\u00e9ho a bezmocn\u00e9ho Je\u017e\u00ed\u0161e \u2013 Mesi\u00e1\u0161e. Sv. Franti\u0161ek nevytvo\u0159il novou nauku, ale kdy\u017e n\u011bco psal, v\u011bt\u0161\u00ed \u010d\u00e1st textu poskl\u00e1dal z&nbsp;v\u011bt evangelia. Bylo to v&nbsp;dob\u011b, kdy texty evangelia nebyly mezi lidmi v\u0161eobecn\u011b zn\u00e1my. Sv. Franti\u0161ek hl\u00e1sal a \u017eil v\u0161eobecn\u00e9 bratrstv\u00ed. Nejen mezi lidmi, ale i s&nbsp;p\u0159\u00edrodou. I smrt m\u011bl za svoji sestru.<\/p>\n\n\n\n<p><em>Co mi p\u0159inesl \u0159\u00e1d<\/em><\/p>\n\n\n\n<p>\u0158ehole SF\u0158 od Pavla VI je \u00fakol II. vatik\u00e1nsk\u00e9ho koncilu. \u0158\u00e1d se stal laborato\u0159\u00ed nov\u00e9 cesty c\u00edrkve: pat\u0159\u00ed sem rovnost mu\u017e\u016f a \u017een, d\u016fstojnost ka\u017ed\u00e9ho \u010dlov\u011bka, demokratick\u00e9 hlasov\u00e1n\u00ed, postaven\u00ed duchovn\u00edch, kte\u0159\u00ed jsou \u201educhovn\u00edmi asistenty\u201c, kte\u0159\u00ed o n\u011bkter\u00fdch v\u011bcech nemohou rozhodovat. Sv\u00fdm zp\u016fsobem je to p\u0159\u00edprava synod\u00e1ln\u00ed cesty pape\u017ee Franti\u0161ka.<\/p>\n\n\n\n<h4 class=\"wp-block-heading\"><em>Jak\u00e9 probl\u00e9my se vyskytly?<\/em><\/h4>\n\n\n\n<p>\u010casto to byly v\u011bci neo\u010dek\u00e1van\u00e9. Kdy\u017e nap\u0159. v&nbsp;jednom spole\u010denstv\u00ed zazn\u011blo slovo \u201emigrant\u201c, jeden bratr dostal z\u00e1chvat nen\u00e1visti. V&nbsp;jin\u00e9m spole\u010denstv\u00ed \u0159e\u0161ili anulaci man\u017eelstv\u00ed a i zde vybuchla nen\u00e1vist v\u016f\u010di&nbsp;t\u011bm, kter\u00fdm byla anulace c\u00edrkevn\u00edm soudem p\u0159izn\u00e1na. V\u00fd\u010ditky m\u00e1m z&nbsp;doby, kdy jsem byl n\u00e1rodn\u00edm ministrem a v&nbsp;jednom spole\u010denstv\u00ed dok\u00e1zala rada vylou\u010dit snad 13 \u010dlen\u016f. Bylo to podle pravidel, rada hlasovala. Dnes v\u00edm, \u017ee hlasov\u00e1n\u00ed plat\u00ed v&nbsp;politice, ale v&nbsp;c\u00edrkvi je nad hlasov\u00e1n\u00ed princip bratrstv\u00ed. I kdy\u017e jsem m\u011bl informaci, \u017ee tamn\u00ed ministryn\u011b se chov\u00e1 \u201en\u011bjak podivn\u011b\u201c, v\u011bc jsem osobn\u011b nepro\u0161et\u0159il. V&nbsp;dal\u0161\u00edm spole\u010denstv\u00ed se probudila neukojiteln\u00e1 touha po majetku. S&nbsp;t\u00edm jsem si u\u017eil hodn\u011b tr\u00e1pen\u00ed.<\/p>\n\n\n\n<p>Nakonec jednu p\u0159\u00edhodu. V&nbsp;dob\u011b m\u00e9ho veden\u00ed \u0159\u00e1du se konala mezin\u00e1rodn\u00ed vizitace, kterou vedla osobn\u011b gener\u00e1ln\u00ed ministryn\u011b. Za n\u011bkolik m\u011bs\u00edc\u016f jsem obdr\u017eel Z\u00e1v\u011bre\u010dnou zpr\u00e1vu z&nbsp;vizitace, kde se objevila v\u011bta, \u017ee jsem zatajil n\u011bkter\u00e9 informace o \u010dinnosti \u0159\u00e1du. Kdy\u017e jsem si tuto v\u011btu p\u0159e\u010detl, byl jsem jako opa\u0159en\u00fd, proto\u017ee jsem si nebyl ni\u010deho v\u011bdom a poctiv\u011b jsem odpov\u00eddal na v\u0161echny polo\u017een\u00e9 ot\u00e1zky. \u0160el jsem s&nbsp;t\u00edm za bratrem kapuc\u00ednem. Kdy\u017e si to p\u0159e\u010detl, za\u010dal se hrozn\u011b sm\u00e1t. Zeptal jsem se ho: \u201eCo m\u00e1m d\u011blat?\u201c On odpov\u011bd\u011bl: \u201eNic\u201c.<\/p>\n\n\n\n<p>Bratr \u010ceslav \u010dasto \u0159\u00edk\u00e1val: \u201efranti\u0161k\u00e1n si mus\u00ed nechat ze sebe d\u011blat legraci\u201c.<\/p>\n\n\n\n<p><em>Z\u00e1v\u011br<\/em><\/p>\n\n\n\n<p>V&nbsp;roce 2015 jsem skon\u010dil ve veden\u00ed \u0159\u00e1du, ukon\u010dil zam\u011bstn\u00e1n\u00ed a \u0161el do d\u016fchodu. Po t\u0159\u00edlet\u00e9 zku\u0161enosti jsem u\u017e nem\u011bl s\u00edlu se v&nbsp;SF\u0158 anga\u017eovat a z\u016fstal jsem jeho prost\u00fdm \u010dlenem. Spolu s&nbsp;man\u017eelkou jsme p\u0159estoupili ze spole\u010denstv\u00ed v&nbsp;Jihlav\u011b do Brna kv\u016fli lep\u0161\u00ed doprav\u011b. Ji\u017e deset let se sna\u017e\u00edm od\u010dinit svoji 25 letou malou p\u0159\u00edtomnost v&nbsp;rodin\u011b. Je velk\u00e9 dilema, jak skloubit rodinn\u00fd \u017eivot, politiku a sekul\u00e1rn\u00ed \u0159\u00e1d.<\/p>\n\n\n\n<p>V&nbsp;roce 2020 mi diagnostikovali mnoho\u010detn\u00fd myelom (n\u011bkte\u0159\u00ed si mo\u017en\u00e1 vybav\u00ed z&nbsp;brevi\u00e1\u0159e v\u011btu proroka Habakuka \u201ekosti\u017eer mi vnik\u00e1 do kost\u00ed\u201c) a od t\u00e9 doby jsem v&nbsp;p\u00e9\u010di hematoonkolog\u016f. V\u011bt\u0161inu aktivit jsem opustil, z\u016fstaly mn\u011b jen v\u010dely. Dr\u017e\u00edm se doma a jsem vd\u011b\u010dn\u00fd za ka\u017ed\u00e9 online spojen\u00ed. S&nbsp;man\u017eelkou se t\u011b\u0161\u00edme z&nbsp;ka\u017ed\u00e9ho dne, kdy je P\u00e1n s&nbsp;n\u00e1mi.<\/p>\n","protected":false},"excerpt":{"rendered":"<p>Za\u010d\u00e1tkem roku 1990, ihned jak to bylo pr\u00e1vn\u011b mo\u017en\u00e9, zaregistroval br. Ji\u0159\u00ed T\u016fma Sekul\u00e1rn\u00ed franti\u0161k\u00e1nsk\u00fd \u0159\u00e1d v \u010cR. V kv\u011btnu tohoto roku byli sezv\u00e1ni v\u0161ichni, kte\u0159\u00ed m\u011bli o tento \u0159\u00e1d z\u00e1jem do Brna k minorit\u016fm. Nev\u00edm, kolik lid\u00ed se se\u0161lo, ale vybavuji si, \u017ee kostel byl skoro pln\u00fd. Byla ustanovena Prozat\u00edmn\u00ed rada pod veden\u00edm br. T\u016fmy. Nastalo \u010dty\u0159let\u00e9 obdob\u00ed vytv\u00e1\u0159en\u00ed struktury \u0159\u00e1du. Vznikla jednotliv\u00e1 m\u00edstn\u00ed bratrsk\u00e1 spole\u010denstv\u00ed. <\/p>\n","protected":false},"author":1,"featured_media":9886,"comment_status":"open","ping_status":"open","sticky":false,"template":"","format":"standard","meta":{"footnotes":""},"categories":[28],"tags":[2308,2309,2307],"class_list":["post-12259","post","type-post","status-publish","format-standard","has-post-thumbnail","hentry","category-sekularni-frantiskani","tag-historie-radu","tag-jiri-senkyr","tag-sekularni-rad-v-cr","latest_post"],"_links":{"self":[{"href":"https:\/\/www.frantiskani.cz\/index.php\/wp-json\/wp\/v2\/posts\/12259","targetHints":{"allow":["GET"]}}],"collection":[{"href":"https:\/\/www.frantiskani.cz\/index.php\/wp-json\/wp\/v2\/posts"}],"about":[{"href":"https:\/\/www.frantiskani.cz\/index.php\/wp-json\/wp\/v2\/types\/post"}],"author":[{"embeddable":true,"href":"https:\/\/www.frantiskani.cz\/index.php\/wp-json\/wp\/v2\/users\/1"}],"replies":[{"embeddable":true,"href":"https:\/\/www.frantiskani.cz\/index.php\/wp-json\/wp\/v2\/comments?post=12259"}],"version-history":[{"count":1,"href":"https:\/\/www.frantiskani.cz\/index.php\/wp-json\/wp\/v2\/posts\/12259\/revisions"}],"predecessor-version":[{"id":12260,"href":"https:\/\/www.frantiskani.cz\/index.php\/wp-json\/wp\/v2\/posts\/12259\/revisions\/12260"}],"wp:featuredmedia":[{"embeddable":true,"href":"https:\/\/www.frantiskani.cz\/index.php\/wp-json\/wp\/v2\/media\/9886"}],"wp:attachment":[{"href":"https:\/\/www.frantiskani.cz\/index.php\/wp-json\/wp\/v2\/media?parent=12259"}],"wp:term":[{"taxonomy":"category","embeddable":true,"href":"https:\/\/www.frantiskani.cz\/index.php\/wp-json\/wp\/v2\/categories?post=12259"},{"taxonomy":"post_tag","embeddable":true,"href":"https:\/\/www.frantiskani.cz\/index.php\/wp-json\/wp\/v2\/tags?post=12259"}],"curies":[{"name":"wp","href":"https:\/\/api.w.org\/{rel}","templated":true}]}}