{"id":12276,"date":"2025-08-09T08:30:56","date_gmt":"2025-08-09T06:30:56","guid":{"rendered":"https:\/\/www.frantiskani.cz\/?p=12276"},"modified":"2025-08-09T08:30:58","modified_gmt":"2025-08-09T06:30:58","slug":"jezis-ucitel-moudrosti","status":"publish","type":"post","link":"https:\/\/www.frantiskani.cz\/index.php\/2025\/08\/09\/jezis-ucitel-moudrosti\/","title":{"rendered":"Je\u017e\u00ed\u0161: U\u010ditel moudrosti"},"content":{"rendered":"\n<h6 class=\"wp-block-heading\">Sobota, 9. srpna 2025 t\u0159ic\u00e1t\u00fd druh\u00fd t\u00fdden Shrnut\u00ed &#8211; 3. srpna \u2013 8. srpna 2025<\/h6>\n\n\n\n<h4 class=\"wp-block-heading\">Ned\u011ble<\/h4>\n\n\n\n<p>Je\u017e\u00ed\u0161 neu\u010d\u00ed sv\u00e9 u\u010dedn\u00edky pouh\u00e9 teoretick\u00e9 informace, jak to d\u011bl\u00e1me my v na\u0161ich semin\u00e1\u0159\u00edch. Sp\u00ed\u0161e je seznamuje s ur\u010dit\u00fdm \u017eivotn\u00edm stylem, a jedin\u00fd zp\u016fsob, jak to m\u016f\u017ee ud\u011blat, je pozvat je, aby s n\u00edm \u017eili. \u2014Richard Rohr<\/p>\n\n\n\n<h4 class=\"wp-block-heading\">Pond\u011bl\u00ed<\/h4>\n\n\n\n<p>Je\u017e\u00ed\u0161 z\u016fstal v\u011brn\u00fd z\u00e1klad\u016fm moudrosti: prom\u011bn\u011b lidsk\u00e9ho v\u011bdom\u00ed. Co to znamen\u00e1 zem\u0159\u00edt, ne\u017e zem\u0159ete? Jak se zbavit sv\u00e9ho mal\u00e9ho \u017eivota, abyste na\u0161li ten v\u011bt\u0161\u00ed? Je mo\u017en\u00e9 \u017e\u00edt na t\u00e9to planet\u011b s velkorysost\u00ed, hojnost\u00ed, neboj\u00e1cnost\u00ed a kr\u00e1sou, kter\u00e9 odr\u00e1\u017eej\u00ed samotnou Bo\u017eskou bytost? \u2014Cynthia Bourgeault<\/p>\n\n\n\n<h4 class=\"wp-block-heading\">\u00dater\u00fd<\/h4>\n\n\n\n<p>Je\u017e\u00ed\u0161 jako u\u010ditel hovo\u0159il p\u0159ev\u00e1\u017en\u011b o tom, co je skute\u010dn\u00e9 a co je neskute\u010dn\u00e9, co je do\u010dasn\u00e9 a co trval\u00e9 \u2013 a tedy o tom, jak bychom m\u011bli \u017e\u00edt v realit\u011b. To vy\u017eadovalo mnohem v\u00edce pokory a up\u0159\u00edmnosti ne\u017e vzd\u011bl\u00e1n\u00ed. \u2014Richard Rohr<\/p>\n\n\n\n<h4 class=\"wp-block-heading\">St\u0159eda<\/h4>\n\n\n\n<p>Je\u017e\u00ed\u0161 nemusel st\u00e1t za p\u00f3diem nebo kazatelnou, aby k\u00e1zal. M\u00edsto toho komunikoval se srdci a mysli sv\u00fdch poslucha\u010d\u016f zp\u016fsobem, kter\u00fd se stal ned\u00edlnou sou\u010d\u00e1st\u00ed samotn\u00e9ho p\u0159\u00edb\u011bhu. \u2014Gary Paul Nabhan<\/p>\n\n\n\n<h4 class=\"wp-block-heading\">\u010ctvrtek<\/h4>\n\n\n\n<p>Je\u017e\u00ed\u0161e je lep\u0161\u00ed vn\u00edmat jako charismatick\u00e9ho u\u010ditele, l\u00e9\u010ditele a mluv\u010d\u00edho tradi\u010dn\u00ed moudrosti ne\u017e jako rab\u00edna, kter\u00fd se ve studovn\u011b soust\u0159edil na porozum\u011bn\u00ed slov\u016fm T\u00f3ry a ur\u010den\u00ed, jak je nejl\u00e9pe uplatnit. \u2014Amy-Jill Levine<\/p>\n\n\n\n<h4 class=\"wp-block-heading\">P\u00e1tek<\/h4>\n\n\n\n<p>Je\u017e\u00ed\u0161 p\u0159i\u0161el, aby n\u00e1s nau\u010dil cest\u011b moudrosti t\u00edm, \u017ee n\u00e1m p\u0159inesl poselstv\u00ed, kter\u00e9 n\u00e1m nab\u00edz\u00ed osvobozen\u00ed jak od l\u017e\u00ed sv\u011bta, tak od l\u017e\u00ed ukryt\u00fdch v n\u00e1s sam\u00fdch. Moudrost evangelia vytv\u00e1\u0159\u00ed alternativn\u00ed v\u011bdom\u00ed, pevnou p\u016fdu, na kter\u00e9 m\u016f\u017eeme skute\u010dn\u011b st\u00e1t, osvobozeni od ka\u017ed\u00e9ho spole\u010densk\u00e9ho \u0159\u00e1du a ka\u017ed\u00e9 ideologie. \u2014Richard Rohr&nbsp;<\/p>\n\n\n\n<h1 class=\"wp-block-heading\">Transforma\u010dn\u00ed moudrost evangeli\u00ed<\/h1>\n\n\n\n<h6 class=\"wp-block-heading\">T\u0159ic\u00e1t\u00fd druh\u00fd t\u00fdden Praxe<\/h6>\n\n\n\n<p><em>Prost\u0159ednictv\u00edm evangeli\u00ed Je\u017e\u00ed\u0161 ukazuje cestu k transforma\u010dn\u00edmu zp\u016fsobu \u017eivota. Autor a psychoterapeut Thomas Moore vysv\u011btluje:<\/em><\/p>\n\n\n\n<h4 class=\"wp-block-heading\">Otev\u0159i sv\u00e9 srdce<\/h4>\n\n\n\n<p>Nic v evangeli\u00edch nenazna\u010duje, \u017ee by Je\u017e\u00ed\u0161 m\u011bl z\u00e1jem o vytvo\u0159en\u00ed n\u00e1bo\u017eenstv\u00ed. Nab\u00edzel v\u0161em \u0161anci na pokojn\u00fd a napln\u011bn\u00fd \u017eivot p\u0159ijet\u00edm jin\u00e9ho souboru hodnot. J\u00e1drem je samoz\u0159ejm\u011b p\u0159echod od soud\u016f, sout\u011b\u017een\u00ed a agresivity k vl\u00e1d\u011b otev\u0159en\u00e9ho srdce. Evangelia p\u0159edstavuj\u00ed pohyb od narcismu a paranoie k zralej\u0161\u00edmu, vyrovnan\u011bj\u0161\u00edmu \u017eivotu v hlubok\u00e9m spole\u010denstv\u00ed.&nbsp;<\/p>\n\n\n\n<h4 class=\"wp-block-heading\">komunit\u011b<\/h4>\n\n\n\n<p>Evangelia se nezam\u011b\u0159uj\u00ed na pl\u00e1n duchovn\u00edho sebezdokonalov\u00e1n\u00ed a ctnostn\u00e9 osobnosti. Nejsou souborem fr\u00e1z\u00ed o spr\u00e1vn\u00e9m \u017eivot\u011b, ale sp\u00ed\u0161e restrukturalizac\u00ed lidsk\u00e9 p\u0159edstavivosti o tom, jak m\u016f\u017eeme b\u00fdt ve vztahu k sob\u011b navz\u00e1jem a ke sv\u011btu. Nab\u00edzej\u00ed nov\u00fd zp\u016fsob, jak si p\u0159edstavit celosv\u011btovou lidskou komunitu.&nbsp;<\/p>\n\n\n\n<h4 class=\"wp-block-heading\">Probu\u010fte se z&nbsp;bezv\u011bdom\u00ed dne\u0161n\u00ed doby<\/h4>\n\n\n\n<p>Jak tedy dnes \u017e\u00edt v duchu evangelia? D\u011bl\u00e1te p\u0159esn\u011b to, co \u0159\u00edk\u00e1 evangelium: Za prv\u00e9, p\u011bstujete hlubok\u00fd respekt k lidem, kte\u0159\u00ed nepat\u0159\u00ed do va\u0161eho kruhu a kter\u00e9 spole\u010dnost odm\u00edt\u00e1&#8230;. Za druh\u00e9, d\u011bl\u00e1te v\u0161e pro to, abyste \u00fa\u010dinn\u011b bojovali s d\u00e9monick\u00fdmi nutk\u00e1n\u00edmi ve v\u00e1s sam\u00fdch i ve spole\u010dnosti. D\u011bl\u00e1te n\u011bco proti agresi, paranoii, narcismu, chamtivosti, \u017e\u00e1rlivosti a n\u00e1sil\u00ed. \u017dijete s my\u0161len\u00edm, kter\u00e9 takov\u00e9 v\u011bci neospravedl\u0148uje, ale hled\u00e1 alternativy. Za t\u0159et\u00ed, v ka\u017ed\u00e9 situaci hrajete roli uzdravovatele. Slovo terapie [l\u00e9\u010den\u00ed] se v Nov\u00e9m z\u00e1kon\u011b objevuje 47kr\u00e1t \u2013 p\u0159ijmete terapeutick\u00fd postoj ve stylu Je\u017e\u00ed\u0161e, uzdravovatele. Ve v\u0161ech sv\u00fdch \u010dinnostech a interakc\u00edch p\u0159ijmete roli uzdravovatele. A kone\u010dn\u011b, z\u016fstanete bd\u011bl\u00ed a nespadnete do bezv\u011bdom\u00ed t\u00e9to doby. Pom\u00e1h\u00e1te tak\u00e9 ostatn\u00edm probudit se k promy\u0161len\u00e9mu \u017eivotu, kter\u00fd si p\u0159edstavujete nov\u00fdmi, origin\u00e1ln\u00edmi a p\u0159\u00e1telsk\u00fdmi zp\u016fsoby&#8230;&nbsp;<\/p>\n\n\n\n<h4 class=\"wp-block-heading\">J\u00edt svou vlastn\u00ed cestou<\/h4>\n\n\n\n<p>Pokud budete n\u00e1sledovat p\u0159\u00edklad Je\u017e\u00ed\u0161e a naslouchat sv\u00e9mu osudu a p\u0159edur\u010den\u00ed, budete muset j\u00edt svou vlastn\u00ed cestou a p\u0159izp\u016fsobit jednoduch\u00e1, radik\u00e1ln\u00ed u\u010den\u00ed sv\u00e9mu vlastn\u00edmu povol\u00e1n\u00ed a okolnostem. Budete vyvol\u00e1vat kr\u00e1lovstv\u00ed sv\u00fdm vlastn\u00edm stylem, u\u010din\u00edte sv\u016fj \u017eivot mal\u00fdm ho\u0159\u010di\u010dn\u00fdm sem\u00ednkem, budete p\u011bstovat plevel sv\u00fdch my\u0161lenek a stanete se zt\u011blesn\u011bn\u00edm mor\u00e1ln\u00ed kr\u00e1sy a duchovn\u00ed inteligence, kter\u00e9 se nach\u00e1zej\u00ed v evangeli\u00edch.&nbsp;<\/p>\n\n\n\n<p class=\"has-small-font-size\">Translated with DeepL.com (free version)<\/p>\n\n\n\n<h6 class=\"wp-block-heading\">Prameny:<\/h6>\n\n\n\n<p class=\"has-small-font-size\">Thomas Moore,\u00a0<em>Writing in the Sand: Jesus and the Soul of the Gospels<\/em>\u00a0(Hay House, 2009), 164\u2013165, 167.\u00a0<\/p>\n\n\n\n<p class=\"has-small-font-size\"><strong>Image credit and inspiration<\/strong>: Mishal Ibrahim,&nbsp;<em>untitled&nbsp;<\/em>(detail), 2022, photo,&nbsp;<a href=\"https:\/\/email.cac.org\/t\/d-l-gllhyll-tlkrhyidn-x\/\">Unsplash<\/a>.&nbsp;<a href=\"https:\/\/email.cac.org\/t\/d-l-gllhyll-tlkrhyidn-m\/\">Click here to enlarge image<\/a>.&nbsp;<em>Jesus found wisdom in the transformative truths of everyday&nbsp;life<\/em>.<\/p>\n","protected":false},"excerpt":{"rendered":"<p>Pokud budete n\u00e1sledovat p\u0159\u00edklad Je\u017e\u00ed\u0161e a naslouchat sv\u00e9mu osudu a p\u0159edur\u010den\u00ed, budete muset j\u00edt svou vlastn\u00ed cestou a p\u0159izp\u016fsobit jednoduch\u00e1, radik\u00e1ln\u00ed u\u010den\u00ed sv\u00e9mu vlastn\u00edmu povol\u00e1n\u00ed a okolnostem. Budete vyvol\u00e1vat kr\u00e1lovstv\u00ed sv\u00fdm vlastn\u00edm stylem, u\u010din\u00edte sv\u016fj \u017eivot mal\u00fdm ho\u0159\u010di\u010dn\u00fdm sem\u00ednkem, budete p\u011bstovat plevel sv\u00fdch my\u0161lenek a stanete se zt\u011blesn\u011bn\u00edm mor\u00e1ln\u00ed kr\u00e1sy a duchovn\u00ed inteligence, kter\u00e9 se nach\u00e1zej\u00ed v evangeli\u00edch.\u00a0<\/p>\n","protected":false},"author":1,"featured_media":12194,"comment_status":"open","ping_status":"open","sticky":false,"template":"","format":"standard","meta":{"footnotes":""},"categories":[198],"tags":[1216,476,246],"class_list":["post-12276","post","type-post","status-publish","format-standard","has-post-thumbnail","hentry","category-richard-rohr-ofm-centrum-pro-zivot-a-rozjimani","tag-inteligence","tag-jezis","tag-krasa","latest_post"],"_links":{"self":[{"href":"https:\/\/www.frantiskani.cz\/index.php\/wp-json\/wp\/v2\/posts\/12276","targetHints":{"allow":["GET"]}}],"collection":[{"href":"https:\/\/www.frantiskani.cz\/index.php\/wp-json\/wp\/v2\/posts"}],"about":[{"href":"https:\/\/www.frantiskani.cz\/index.php\/wp-json\/wp\/v2\/types\/post"}],"author":[{"embeddable":true,"href":"https:\/\/www.frantiskani.cz\/index.php\/wp-json\/wp\/v2\/users\/1"}],"replies":[{"embeddable":true,"href":"https:\/\/www.frantiskani.cz\/index.php\/wp-json\/wp\/v2\/comments?post=12276"}],"version-history":[{"count":1,"href":"https:\/\/www.frantiskani.cz\/index.php\/wp-json\/wp\/v2\/posts\/12276\/revisions"}],"predecessor-version":[{"id":12277,"href":"https:\/\/www.frantiskani.cz\/index.php\/wp-json\/wp\/v2\/posts\/12276\/revisions\/12277"}],"wp:featuredmedia":[{"embeddable":true,"href":"https:\/\/www.frantiskani.cz\/index.php\/wp-json\/wp\/v2\/media\/12194"}],"wp:attachment":[{"href":"https:\/\/www.frantiskani.cz\/index.php\/wp-json\/wp\/v2\/media?parent=12276"}],"wp:term":[{"taxonomy":"category","embeddable":true,"href":"https:\/\/www.frantiskani.cz\/index.php\/wp-json\/wp\/v2\/categories?post=12276"},{"taxonomy":"post_tag","embeddable":true,"href":"https:\/\/www.frantiskani.cz\/index.php\/wp-json\/wp\/v2\/tags?post=12276"}],"curies":[{"name":"wp","href":"https:\/\/api.w.org\/{rel}","templated":true}]}}