{"id":12454,"date":"2025-08-24T11:43:18","date_gmt":"2025-08-24T09:43:18","guid":{"rendered":"https:\/\/www.frantiskani.cz\/?p=12454"},"modified":"2025-08-24T11:43:20","modified_gmt":"2025-08-24T09:43:20","slug":"otevrene-krestanstvi","status":"publish","type":"post","link":"https:\/\/www.frantiskani.cz\/index.php\/2025\/08\/24\/otevrene-krestanstvi\/","title":{"rendered":"Otev\u0159en\u00e9 k\u0159es\u0165anstv\u00ed"},"content":{"rendered":"\n<h6 class=\"wp-block-heading\">T\u0159ic\u00e1t\u00fd p\u00e1t\u00fd t\u00fdden: Mezin\u00e1bo\u017eensk\u00e9 p\u0159\u00e1telstv\u00ed a solidarita-Ned\u011ble, 24. srpna 2025<\/h6>\n\n\n\n<p><em>Pokud je n\u011bco pravdiv\u00e9, bez ohledu na to, kdo to \u0159ekl, v\u017edy to poch\u00e1z\u00ed od Ducha svat\u00e9ho.&nbsp; \u2014Tom\u00e1\u0161 Akvinsk\u00fd, De Veritate<\/em><\/p>\n\n\n\n<p><em>Otec Richard Rohr p\u0159em\u00fd\u0161l\u00ed o tom, jak mu jeho oddanost Kristu a inspirace Duchem svat\u00fdm neust\u00e1le pom\u00e1haly rozpozn\u00e1vat Boha v jin\u00fdch n\u00e1bo\u017eensk\u00fdch tradic\u00edch:<\/em><\/p>\n\n\n\n<h4 class=\"wp-block-heading\">Studium u franti\u0161k\u00e1n\u016f<\/h4>\n\n\n\n<p>V m\u00e9m vlastn\u00edm \u017eivot\u011b mi hlubok\u00e9 pono\u0159en\u00ed se do k\u0159es\u0165ansk\u00e9 v\u00edry, ve kter\u00e9 jsem byl vychov\u00e1n, umo\u017enilo vid\u011bt stejn\u00e9ho Ducha a l\u00e1sku i v jin\u00fdch n\u00e1bo\u017eenstv\u00edch. Byla to docela dlouh\u00e1 cesta od d\u011btstv\u00ed str\u00e1ven\u00e9ho v katolick\u00e9m \u201eghettu\u201d v Kansasu, kde jsem t\u00e9m\u011b\u0159 neznal \u017e\u00e1dn\u00e9 protestanty. A p\u0159esto m\u011b ve \u010dtrn\u00e1cti letech poslali studovat k franti\u0161k\u00e1n\u016fm v Cincinnati v Ohiu, kde mi poskytli rozs\u00e1hl\u00e9 teologick\u00e9 vzd\u011bl\u00e1n\u00ed.<\/p>\n\n\n\n<h4 class=\"wp-block-heading\">Nadchl mne kurz hebrejsk\u00e1 p\u00edsma \u2013 m\u00e1m r\u00e1d proroky<\/h4>\n\n\n\n<p>Jedn\u00edm z nejlep\u0161\u00edch kurz\u016f, kter\u00e9 jsem absolvoval, byl kurz o hebrejsk\u00fdch p\u00edsmech, kter\u00fd ve mn\u011b vzbudil velkou l\u00e1sku k judaismu. Pravd\u011bpodobn\u011b proto kladu tak velk\u00fd d\u016fraz na proroky, proto\u017ee jsem si uv\u011bdomil, \u017ee prorok\u016fm ne\u0161lo o to, co dnes naz\u00fdv\u00e1me odplatnou spravedlnost\u00ed. \u0160lo jim o spravedlnost restorativn\u00ed. Kdy\u017e se dr\u017e\u00edme jejich poselstv\u00ed, najdeme na konci jejich knih n\u00e1dhern\u00e9 pas\u00e1\u017ee, kter\u00e9 v\u017edy sm\u011b\u0159uj\u00ed k l\u00e1sce. B\u016fh nakonec skrze proroky \u0159\u00edk\u00e1: \u201eBudu t\u011b milovat tak jako tak. Vykoup\u00edm t\u011b svou dokonalou l\u00e1skou. Budu t\u011b milovat do celistvosti\u201c (viz Izai\u00e1\u0161 29:13\u201324; Oze\u00e1\u0161 6:1\u20136).<\/p>\n\n\n\n<h4 class=\"wp-block-heading\">Domorod\u00e9 kmeny um\u011bly kontemplovat<\/h4>\n\n\n\n<p>V roce 1969, kdy\u017e jsem byl vysl\u00e1n jako j\u00e1hen do Acoma Pueblo v Nov\u00e9m Mexiku, m\u011bl jsem pouze z\u00e1kladn\u00ed znalosti o domorod\u00fdch n\u00e1bo\u017eenstv\u00edch. Pozoroval jsem, jak matky v pueblo ukazuj\u00ed sv\u00fdm d\u011btem, jak ti\u0161e m\u00e1vat rann\u00edm sluncem sm\u011brem k jejich tv\u00e1\u0159\u00edm, stejn\u011b jako se mnoho k\u0159es\u0165an\u016f u\u010d\u00ed po\u017eehnat se znamen\u00edm k\u0159\u00ed\u017ee. Uv\u011bdomil jsem si, \u017ee domorod\u00ed lid\u00e9 m\u011bli kontemplativn\u00ed modlitbu dlouho p\u0159edt\u00edm, ne\u017e jsme se my franti\u0161k\u00e1ni v\u016fbec objevili.<\/p>\n\n\n\n<h4 class=\"wp-block-heading\">K\u0159es\u0165ansk\u00e1 kontemplace, ale i ostatn\u00ed n\u00e1bo\u017eenstv\u00ed maj\u00ed kontemplaciu<\/h4>\n\n\n\n<p>Znovunalezen\u00ed k\u0159es\u0165ansk\u00e9 kontemplace mi otev\u0159elo o\u010di pro buddhisty a s\u00fafisty \u2013 jejich u\u010den\u00ed a praktikuj\u00edc\u00ed. Buddhismus m\u011b nau\u010dil fenomenologii vn\u00edm\u00e1n\u00ed \u2013 co se d\u011bje v na\u0161ich mozc\u00edch. Ka\u017ed\u00e9 sv\u011btov\u00e9 n\u00e1bo\u017eenstv\u00ed na sv\u00e9 zral\u00e9 \u00farovni objevuje n\u011bkter\u00e9 formy praxe, kter\u00e9 n\u00e1s osvobozuj\u00ed od na\u0161\u00ed z\u00e1visl\u00e9 mysli, kterou pova\u017eujeme za norm\u00e1ln\u00ed. Od 60. let 20. stolet\u00ed n\u00e1m na\u0161e zv\u00fd\u0161en\u00e1 interakce s v\u00fdchodn\u00edmi n\u00e1bo\u017eenstv\u00edmi obecn\u011b, a zejm\u00e9na s buddhismem, pomohla rozpoznat a znovuobjevit na\u0161i vlastn\u00ed velmi starou k\u0159es\u0165anskou kontemplativn\u00ed tradici. Hlubok\u00e1 l\u00e1ska s\u00fafijc\u016f k mysticismu, zejm\u00e9na jak ji vyjad\u0159uj\u00ed jejich b\u00e1sn\u00edci R\u00fam\u00ed a Chaf\u00edz, \u010dasto zachycuje pohnut\u00ed m\u00e9ho vlastn\u00edho srdce.<\/p>\n\n\n\n<h4 class=\"wp-block-heading\">Hinduist\u00e9 kontempluj\u00ed<\/h4>\n\n\n\n<p>M\u00fdm nejnov\u011bj\u0161\u00edm objevem byl hinduismus, kter\u00fd je pova\u017eov\u00e1n za nejstar\u0161\u00ed sv\u011btov\u00e9 n\u00e1bo\u017eenstv\u00ed. Na po\u010d\u00e1tku 80. let jsem vedl duchovn\u00ed cvi\u010den\u00ed v Nep\u00e1lu. Mezi p\u0159edn\u00e1\u0161kami jsem se proch\u00e1zel star\u00fdmi uli\u010dkami, nav\u0161t\u011bvoval chr\u00e1my a sna\u017eil se z\u016fstat neviditeln\u00fd. Vzpom\u00edn\u00e1m si na ty kr\u00e1sn\u00e9 indick\u00e9 \u017eeny, kter\u00e9 p\u0159ich\u00e1zely tak ladn\u011b, oble\u010den\u00e9 v s\u00e1r\u00edch, a nev\u011bnovaly pozornost ni\u010demu jin\u00e9mu ne\u017e snad plameni nebo oleji, kter\u00fd dr\u017eely v rukou. S jakou \u00factou se klan\u011bly! \u010cemu jin\u00e9mu se podle n\u00e1s klan\u00ed ne\u017e Bohu, Tajemstv\u00ed? Jako v\u00edtr, Duch vane, kam chce (Jan 3:8).<\/p>\n\n\n\n<p class=\"has-small-font-size\">Translated with DeepL.com (free version)<\/p>\n\n\n\n<h6 class=\"wp-block-heading\">Prameny:<\/h6>\n\n\n\n<p class=\"has-small-font-size\">Adapted from Richard Rohr, Living School faculty conversation with CAC staff members, October 23, 2017. Unavailable.&nbsp;<\/p>\n\n\n\n<p class=\"has-small-font-size\"><strong>Image credit and inspiration<\/strong>: Ashkan Forouzani,&nbsp;<em>untitled&nbsp;<\/em>(detail), 2020, photo, Iran,&nbsp;<a href=\"https:\/\/email.cac.org\/t\/d-l-gliddyk-tlkrhyidn-o\/\">Unsplash<\/a>.&nbsp;<a href=\"https:\/\/email.cac.org\/t\/d-l-gliddyk-tlkrhyidn-b\/\">Click here to enlarge image<\/a>.&nbsp;<em>Each bead in a strand could represent a faith&nbsp;tradition\u2014rising beyond rivalry to something new, larger, and whole\u2014while holding fast to the beauty of its own singular shape.<\/em>&nbsp;<\/p>\n","protected":false},"excerpt":{"rendered":"<p>Znovunalezen\u00ed k\u0159es\u0165ansk\u00e9 kontemplace mi otev\u0159elo o\u010di pro buddhisty a s\u00fafisty \u2013 jejich u\u010den\u00ed a praktikuj\u00edc\u00ed. <\/p>\n","protected":false},"author":1,"featured_media":12455,"comment_status":"open","ping_status":"open","sticky":false,"template":"","format":"standard","meta":{"footnotes":""},"categories":[198],"tags":[2322,364,2321],"class_list":["post-12454","post","type-post","status-publish","format-standard","has-post-thumbnail","hentry","category-richard-rohr-ofm-centrum-pro-zivot-a-rozjimani","tag-hinduismus","tag-nabozenstvi","tag-vychodni-nabozenstvi","latest_post"],"_links":{"self":[{"href":"https:\/\/www.frantiskani.cz\/index.php\/wp-json\/wp\/v2\/posts\/12454","targetHints":{"allow":["GET"]}}],"collection":[{"href":"https:\/\/www.frantiskani.cz\/index.php\/wp-json\/wp\/v2\/posts"}],"about":[{"href":"https:\/\/www.frantiskani.cz\/index.php\/wp-json\/wp\/v2\/types\/post"}],"author":[{"embeddable":true,"href":"https:\/\/www.frantiskani.cz\/index.php\/wp-json\/wp\/v2\/users\/1"}],"replies":[{"embeddable":true,"href":"https:\/\/www.frantiskani.cz\/index.php\/wp-json\/wp\/v2\/comments?post=12454"}],"version-history":[{"count":1,"href":"https:\/\/www.frantiskani.cz\/index.php\/wp-json\/wp\/v2\/posts\/12454\/revisions"}],"predecessor-version":[{"id":12456,"href":"https:\/\/www.frantiskani.cz\/index.php\/wp-json\/wp\/v2\/posts\/12454\/revisions\/12456"}],"wp:featuredmedia":[{"embeddable":true,"href":"https:\/\/www.frantiskani.cz\/index.php\/wp-json\/wp\/v2\/media\/12455"}],"wp:attachment":[{"href":"https:\/\/www.frantiskani.cz\/index.php\/wp-json\/wp\/v2\/media?parent=12454"}],"wp:term":[{"taxonomy":"category","embeddable":true,"href":"https:\/\/www.frantiskani.cz\/index.php\/wp-json\/wp\/v2\/categories?post=12454"},{"taxonomy":"post_tag","embeddable":true,"href":"https:\/\/www.frantiskani.cz\/index.php\/wp-json\/wp\/v2\/tags?post=12454"}],"curies":[{"name":"wp","href":"https:\/\/api.w.org\/{rel}","templated":true}]}}