{"id":12629,"date":"2025-09-04T08:31:42","date_gmt":"2025-09-04T06:31:42","guid":{"rendered":"https:\/\/www.frantiskani.cz\/?p=12629"},"modified":"2025-09-04T08:31:44","modified_gmt":"2025-09-04T06:31:44","slug":"laska-vi-co-muzeme-udelat","status":"publish","type":"post","link":"https:\/\/www.frantiskani.cz\/index.php\/2025\/09\/04\/laska-vi-co-muzeme-udelat\/","title":{"rendered":"L\u00e1ska v\u00ed, co m\u016f\u017eeme ud\u011blat"},"content":{"rendered":"\n<h6 class=\"wp-block-heading\">T\u0159ic\u00e1t\u00fd \u0161est\u00fd t\u00fdden: Cvi\u010den\u00ed p\u0159\u00edtomnosti-\u010ctvrtek, 4. z\u00e1\u0159\u00ed 2025<\/h6>\n\n\n\n<p><em>L\u00e1ska v\u00ed, co m\u016f\u017eeme ud\u011blat. Za\u010dn\u011bme. Mo\u017en\u00e1 B\u016fh \u010dek\u00e1 jen na na\u0161e dobr\u00e9 \u00famysly.\u2014Bratr Lawrence, Cvi\u010den\u00ed p\u0159\u00edtomnosti<\/em><\/p>\n\n\n\n<p><em>Bratr Lawrence vedl korespondenci s jepti\u0161kou, kter\u00e1 \u017eila v nedalek\u00e9m pa\u0159\u00ed\u017esk\u00e9m kl\u00e1\u0161te\u0159e. V tomto dopise ji povzbuzuje v jej\u00edm cvi\u010den\u00ed:<\/em><\/p>\n\n\n\n<h4 class=\"wp-block-heading\">Ru\u0161iv\u00e9 my\u0161lenky<\/h4>\n\n\n\n<p>Ve sv\u00e9m dopise mi ne\u0159\u00edk\u00e1te nic nov\u00e9ho. Nejste jedin\u00e1, kdo m\u00e1 ru\u0161iv\u00e9 my\u0161lenky. Mysl m\u00e1 velkou tendenci bloudit, ale v\u016fle je pan\u00ed v\u0161ech na\u0161ich sil a mus\u00ed mysl p\u0159iv\u00e9st zp\u011bt a dov\u00e9st ji k Bohu jako k jej\u00edmu kone\u010dn\u00e9mu c\u00edli.&nbsp;<\/p>\n\n\n\n<p>Pokud mysl nebyla od ran\u00e9ho v\u011bku nau\u010dena, jak se vr\u00e1tit, jak se nechat v\u00e9st zp\u011bt k sob\u011b sam\u00e9, m\u016f\u017ee si vyvinout n\u011bkter\u00e9 nezdrav\u00e9 n\u00e1vyky, kter\u00e9 ji rozptyluj\u00ed a rozptyluj\u00ed. Tyto n\u00e1vyky je obt\u00ed\u017en\u00e9 p\u0159ekonat. Tyto tendence n\u00e1s obvykle t\u00e1hnou k pozemsk\u00fdm v\u011bcem, navzdory n\u00e1m sam\u00fdm.&nbsp;<\/p>\n\n\n\n<h4 class=\"wp-block-heading\">Pou\u017e\u00edt svoji v\u016fli<\/h4>\n\n\n\n<p>Mysl\u00edm, \u017ee \u0159e\u0161en\u00edm je p\u0159iznat si na\u0161e klop\u00fdtnut\u00ed a poko\u0159it se p\u0159ed Bohem. B\u011bhem stanoven\u00fdch \u010das\u016f tich\u00e9 modlitby v\u00e1m rad\u00edm, abyste nepou\u017e\u00edvali mnoho slov. Dlouh\u00e9 projevy \u010dasto vytv\u00e1\u0159ej\u00ed rozpt\u00fdlen\u00ed&#8230; Sna\u017ete se co nejl\u00e9pe udr\u017eet svou mysl v Bo\u017e\u00ed p\u0159\u00edtomnosti. Pokud n\u011bkdy bloud\u00ed nebo se vzdaluje, nenechte se odradit. \u00dazkost m\u00e1 tendenci mysl sp\u00ed\u0161e rozptylovat ne\u017e ji soust\u0159edit. Mus\u00edme ji jemn\u011b p\u0159iv\u00e9st zp\u011bt pomoc\u00ed v\u016fle. Pokud v tom vytrv\u00e1te, B\u016fh se nad v\u00e1mi smiluje.&nbsp;<\/p>\n\n\n\n<h4 class=\"wp-block-heading\">A udr\u017eet my\u0161lenky v&nbsp;Bo\u017e\u00ed p\u0159\u00edtomnosti<\/h4>\n\n\n\n<p>Snadn\u00fd zp\u016fsob, jak b\u011bhem stanoven\u00e9ho \u010dasu modlitby p\u0159iv\u00e9st mysl zp\u011bt a udr\u017eet ji v klidu, je nenechat ji b\u011bhem dne p\u0159\u00edli\u0161 bloudit. Udr\u017eujte ji pozorn\u011b v Bo\u017e\u00ed p\u0159\u00edtomnosti. Jak si zvyknete \u010das od \u010dasu myslet na Boha, bude pro v\u00e1s snadn\u00e9 z\u016fstat b\u011bhem modlitby klidn\u00ed, nebo alespo\u0148 p\u0159iv\u00e9st mysl zp\u011bt, kdy\u017e za\u010dne bloudit.&nbsp;<\/p>\n\n\n\n<p>Ve sv\u00fdch dopisech laick\u00e9 \u017een\u011b bratr Lawrence p\u00ed\u0161e:<\/p>\n\n\n\n<h4 class=\"wp-block-heading\">B\u011bhem dne v\u011bnujte Bohu kr\u00e1tkou my\u0161lenku<\/h4>\n\n\n\n<p>B\u016fh od n\u00e1s ne\u017e\u00e1d\u00e1 mnoho, pouze ob\u010dasnou kr\u00e1tkou my\u0161lenku na n\u011b, trochu l\u00e1sky, n\u011bkdy prosbu o milost, jindy ob\u011btov\u00e1n\u00ed sv\u00fdch utrpen\u00ed, jindy pod\u011bkov\u00e1n\u00ed za po\u017eehn\u00e1n\u00ed, kter\u00e1 n\u00e1m dali a d\u00e1vaj\u00ed. Uprost\u0159ed sv\u00fdch \u00fakol\u016f se m\u016f\u017eete co nej\u010dast\u011bji ut\u011b\u0161ovat l\u00e1skou, a to v\u0161emi t\u011bmito zp\u016fsoby. B\u011bhem j\u00eddla a rozhovor\u016f ob\u010das pozvedn\u011bte sv\u00e9 srdce k Bohu. I sebemen\u0161\u00ed uv\u011bdom\u011bn\u00ed si toho bude v\u017edy velmi p\u0159\u00edjemn\u00e9. K tomu nemus\u00edme k\u0159i\u010det. B\u016fh je n\u00e1m bl\u00ed\u017e, ne\u017e si mo\u017en\u00e1 mysl\u00edme&#8230;<\/p>\n\n\n\n<h4 class=\"wp-block-heading\">Myslete na Boha p\u0159i v\u0161ech sv\u00fdch \u010dinnostech<\/h4>\n\n\n\n<p>Pros\u00edm v\u00e1s, pamatujte si, co jsem v\u00e1m doporu\u010dil. Myslete na Boha \u010dasto, ve dne v noci, p\u0159i v\u0161ech sv\u00fdch \u010dinnostech, i kdy\u017e odpo\u010d\u00edv\u00e1te. B\u016fh je v\u017edy bl\u00edzko v\u00e1s a s v\u00e1mi. Nenech\u00e1vejte je samotn\u00e9. Pova\u017eovali byste za neslu\u0161n\u00e9 nechat samotn\u00e9ho p\u0159\u00edtele, kter\u00fd v\u00e1s p\u0159i\u0161el nav\u0161t\u00edvit. Pro\u010d tedy opou\u0161t\u011bt Boha a nechat ho samotn\u00e9ho? Nezapom\u00ednejte na L\u00e1sku. Myslete na Boha \u010dasto a milujte ho bez p\u0159est\u00e1n\u00ed.&nbsp;<\/p>\n\n\n\n<p class=\"has-small-font-size\">Translated with DeepL.com (free version)<\/p>\n\n\n\n<h6 class=\"wp-block-heading\">Prameny:<\/h6>\n\n\n\n<p class=\"has-small-font-size\">Nicolas Herman, Brother Lawrence of the Resurrection,<em>&nbsp;<a href=\"https:\/\/email.cac.org\/t\/d-l-glhdutl-tlkrhyidn-u\/\">Practice of the Presence<\/a>,<\/em>&nbsp;trans. Carmen Acevedo Butcher (Broadleaf Books, 2022), 87\u201388, 94, 97.&nbsp;<\/p>\n\n\n\n<p class=\"has-small-font-size\"><strong>Image credit and inspiration<\/strong>: Bruce Tang,&nbsp;<em>untitled&nbsp;<\/em>(detail), 2019, photo, Japan,&nbsp;<a href=\"https:\/\/email.cac.org\/t\/d-l-glhdutl-tlkrhyidn-o\/\">Unsplash<\/a>.&nbsp;<a href=\"https:\/\/email.cac.org\/t\/d-l-glhdutl-tlkrhyidn-b\/\">Click here to enlarge image<\/a>.&nbsp;<em>Attentive to the moment and the task at hand, we find that holiness lives in simple, ordinary rhythms\u2014no grand cathedral required, only the quiet altar of a kitchen table.<\/em>&nbsp;<\/p>\n","protected":false},"excerpt":{"rendered":"<p>Myslete na Boha \u010dasto, ve dne v noci, p\u0159i v\u0161ech sv\u00fdch \u010dinnostech, i kdy\u017e odpo\u010d\u00edv\u00e1te. B\u016fh je v\u017edy bl\u00edzko v\u00e1s a s v\u00e1mi. Nenech\u00e1vejte je samotn\u00e9. Pova\u017eovali byste za neslu\u0161n\u00e9 nechat samotn\u00e9ho p\u0159\u00edtele, kter\u00fd v\u00e1s p\u0159i\u0161el nav\u0161t\u00edvit. Pro\u010d tedy opou\u0161t\u011bt Boha a nechat ho samotn\u00e9ho? Nezapom\u00ednejte na L\u00e1sku. Myslete na Boha \u010dasto a milujte ho bez p\u0159est\u00e1n\u00ed.\u00a0<\/p>\n","protected":false},"author":1,"featured_media":12574,"comment_status":"open","ping_status":"open","sticky":false,"template":"","format":"standard","meta":{"footnotes":""},"categories":[198],"tags":[2336,468],"class_list":["post-12629","post","type-post","status-publish","format-standard","has-post-thumbnail","hentry","category-richard-rohr-ofm-centrum-pro-zivot-a-rozjimani","tag-cas-na-modlitbu","tag-myslenky","latest_post"],"_links":{"self":[{"href":"https:\/\/www.frantiskani.cz\/index.php\/wp-json\/wp\/v2\/posts\/12629","targetHints":{"allow":["GET"]}}],"collection":[{"href":"https:\/\/www.frantiskani.cz\/index.php\/wp-json\/wp\/v2\/posts"}],"about":[{"href":"https:\/\/www.frantiskani.cz\/index.php\/wp-json\/wp\/v2\/types\/post"}],"author":[{"embeddable":true,"href":"https:\/\/www.frantiskani.cz\/index.php\/wp-json\/wp\/v2\/users\/1"}],"replies":[{"embeddable":true,"href":"https:\/\/www.frantiskani.cz\/index.php\/wp-json\/wp\/v2\/comments?post=12629"}],"version-history":[{"count":1,"href":"https:\/\/www.frantiskani.cz\/index.php\/wp-json\/wp\/v2\/posts\/12629\/revisions"}],"predecessor-version":[{"id":12630,"href":"https:\/\/www.frantiskani.cz\/index.php\/wp-json\/wp\/v2\/posts\/12629\/revisions\/12630"}],"wp:featuredmedia":[{"embeddable":true,"href":"https:\/\/www.frantiskani.cz\/index.php\/wp-json\/wp\/v2\/media\/12574"}],"wp:attachment":[{"href":"https:\/\/www.frantiskani.cz\/index.php\/wp-json\/wp\/v2\/media?parent=12629"}],"wp:term":[{"taxonomy":"category","embeddable":true,"href":"https:\/\/www.frantiskani.cz\/index.php\/wp-json\/wp\/v2\/categories?post=12629"},{"taxonomy":"post_tag","embeddable":true,"href":"https:\/\/www.frantiskani.cz\/index.php\/wp-json\/wp\/v2\/tags?post=12629"}],"curies":[{"name":"wp","href":"https:\/\/api.w.org\/{rel}","templated":true}]}}