{"id":12660,"date":"2025-09-06T08:47:18","date_gmt":"2025-09-06T06:47:18","guid":{"rendered":"https:\/\/www.frantiskani.cz\/?p=12660"},"modified":"2025-09-06T08:52:20","modified_gmt":"2025-09-06T06:52:20","slug":"cviceni-pritomnosti","status":"publish","type":"post","link":"https:\/\/www.frantiskani.cz\/index.php\/2025\/09\/06\/cviceni-pritomnosti\/","title":{"rendered":"Cvi\u010den\u00ed p\u0159\u00edtomnosti"},"content":{"rendered":"\n<h6 class=\"wp-block-heading\">Sobota, 6. z\u00e1\u0159\u00ed 2025-T\u0159ic\u00e1t\u00fd \u0161est\u00fd t\u00fdden Shrnut\u00ed-31. srpna \u2013 5. z\u00e1\u0159\u00ed 2025<\/h6>\n\n\n\n<h4 class=\"wp-block-heading\">Ned\u011ble<\/h4>\n\n\n\n<p>\u017d\u00edt v p\u0159\u00edtomnosti je nakonec to, co rozum\u00edme pod pojmem p\u0159\u00edtomnost sama! B\u016fh je skryt\u00fd na\u0161im o\u010d\u00edm. \u2014Richard Rohr<\/p>\n\n\n\n<h4 class=\"wp-block-heading\">Pond\u011bl\u00ed<\/h4>\n\n\n\n<p>Bratr Lawrence za\u010dal praktikovat jednoduchou metodu modlitby, kter\u00e1 mu pomohla vr\u00e1tit se k uv\u011bdom\u011bn\u00ed si Bo\u017e\u00ed p\u0159\u00edtomnosti. Nazval ji praktikov\u00e1n\u00edm p\u0159\u00edtomnosti Boha a popsal ji jako \u201enejposv\u00e1tn\u011bj\u0161\u00ed, nejrobustn\u011bj\u0161\u00ed, nejjednodu\u0161\u0161\u00ed a nej\u00fa\u010dinn\u011bj\u0161\u00ed formu modlitby\u201c. \u2014CAC\u2019s We Conspire<\/p>\n\n\n\n<h4 class=\"wp-block-heading\">\u00dater\u00fd<\/h4>\n\n\n\n<p>Nejposv\u00e1tn\u011bj\u0161\u00ed, nejoby\u010dejn\u011bj\u0161\u00ed a nejnutn\u011bj\u0161\u00ed praktikou v duchovn\u00edm \u017eivot\u011b je p\u0159\u00edtomnost Boha. Kdy\u017e praktikujeme p\u0159\u00edtomnost, t\u011b\u0161\u00edme se z Bo\u017e\u00ed bo\u017esk\u00e9 spole\u010dnosti a st\u00e1v\u00e1me se s n\u00ed obezn\u00e1meni. \u2014Bratr Lawrence z Vzk\u0159\u00ed\u0161en\u00ed&nbsp;<\/p>\n\n\n\n<h4 class=\"wp-block-heading\">St\u0159eda<\/h4>\n\n\n\n<p>Pokud dok\u00e1\u017eeme z\u016fstat v p\u0159\u00edtomn\u00e9m okam\u017eiku, jakkoli to m\u016f\u017ee b\u00fdt t\u011b\u017ek\u00e9, a starat se o tento p\u0159\u00edtomn\u00fd okam\u017eik, pak je dal\u0161\u00ed okam\u017eik pokra\u010dov\u00e1n\u00edm tohoto okam\u017eiku, tak\u017ee se m\u016f\u017eeme starat i o ten okam\u017eik. \u2014Kaira Jewel Lingo<\/p>\n\n\n\n<h4 class=\"wp-block-heading\">\u010ctvrtek<\/h4>\n\n\n\n<p>L\u00e1ska v\u00ed, co m\u016f\u017eeme ud\u011blat. Za\u010dn\u011bme. Mo\u017en\u00e1 B\u016fh \u010dek\u00e1 jen na n\u00e1\u0161 laskav\u00fd z\u00e1m\u011br.&nbsp; \u2014Bratr Lawrence z Vzk\u0159\u00ed\u0161en\u00ed<\/p>\n\n\n\n<h4 class=\"wp-block-heading\">P\u00e1tek<\/h4>\n\n\n\n<p>Zav\u0159u o\u010di a \u0159eknu: Tady. Tady jsem. Tady jsem s tebou. Tady jsem cel\u00fd j\u00e1. A tady jsme. Tady. Uvnit\u0159 t\u00e9to osl\u0148uj\u00edc\u00ed p\u0159\u00edtomnosti. Tady. Neust\u00e1l\u00e9 vol\u00e1n\u00ed v pohybliv\u00e9m sv\u011bt\u011b. Tady. V\u0161echno. Tady. Tady. Pokorn\u011b naslouch\u00e1m domovu. \u2014Alexis Pauline Gumbs<\/p>\n\n\n\n<h1 class=\"wp-block-heading\">Cvi\u010den\u00ed p\u0159\u00edtomnosti na semaforu<\/h1>\n\n\n\n<h6 class=\"wp-block-heading\">T\u0159ic\u00e1t\u00fd \u0161est\u00fd t\u00fdden Cvi\u010den\u00ed<\/h6>\n\n\n\n<p><em>Otec Richard popisuje okam\u017eik duchovn\u00edho probuzen\u00ed, kter\u00fd vedl k pravideln\u00e9mu cvi\u010den\u00ed p\u0159\u00edtomnosti v jeho ka\u017edodenn\u00edm \u017eivot\u011b:&nbsp;<\/em><\/p>\n\n\n\n<h4 class=\"wp-block-heading\">P\u0159\u00edtomnost<\/h4>\n\n\n\n<p>Centrum pro akci a kontemplaci se nach\u00e1z\u00ed v ji\u017en\u00ed \u010d\u00e1sti Albuquerque na ulici zvan\u00e9 Five Points Road. Po mnoho let jsem m\u011bl na starosti po\u0161tu. Lid\u00e9 v okol\u00ed centra a na po\u0161t\u011b m\u011b \u0161k\u00e1dlili a \u0159\u00edkali mi po\u0161\u0165\u00e1k. Vyzved\u00e1val jsem a doru\u010doval po\u0161tu pro svou malou poustevnu, m\u00edstn\u00ed franti\u0161k\u00e1ny a centrum. C\u00edtil jsem se tak u\u017eite\u010dn\u00fd, kdy\u017e jsem nosil po\u0161tu sem a tam. Byla to vlastn\u011b posedlost a ka\u017ed\u00fd den jsem sed\u011bl na k\u0159i\u017eovatce s p\u011bti sm\u011bry na konci na\u0161\u00ed ulice. Pro mou osobnost typu A to v\u017edycky vypadalo jako nekone\u010dn\u011b dlouh\u00e1 k\u0159i\u017eovatka, ale jednoho dne se mi zd\u00e1la je\u0161t\u011b del\u0161\u00ed ne\u017e obvykle a jasn\u011b jsem sly\u0161el, jak mi B\u016fh \u0159\u00edk\u00e1: \u201eRicharde, bude\u0161 opravdu \u0161\u0165astn\u011bj\u0161\u00ed na druh\u00e9 stran\u011b Bridge Avenue?\u201c&nbsp;&nbsp;<\/p>\n\n\n\n<h4 class=\"wp-block-heading\">Pro\u017e\u00edv\u00e1n\u00ed p\u0159\u00edtomnosti<\/h4>\n\n\n\n<p>Musel jsem se zamyslet: \u201ePokud nejsi \u0161\u0165astn\u00fd na t\u00e9to stran\u011b Bridge Avenue, nebude\u0161 \u0161\u0165astn\u00fd ani na druh\u00e9 stran\u011b Bridge Avenue. Tak pro\u010d prost\u011b neb\u00fdt \u0161\u0165astn\u00fd te\u010f?\u201c Je to tak jednoduch\u00e9 a tak t\u011b\u017ek\u00e9. Stalo se to m\u00edstem pro mou malou ka\u017edodenn\u00ed meditaci. Poka\u017ed\u00e9, kdy\u017e jsem zastavil na \u010derven\u00e9, pomyslel jsem si: \u201eDob\u0159e, tady to m\u016f\u017eu znovu procvi\u010dit. V\u0161echno je tady a te\u010f.&nbsp; Pokud nedok\u00e1\u017eu pro\u017e\u00edt Boha, l\u00e1sku, sebe sama a v\u0161e, na \u010dem z\u00e1le\u017e\u00ed, na t\u00e9to stran\u011b Bridge Avenue, pravd\u011bpodobn\u011b to nepro\u017eiju ani tam.\u201c Douf\u00e1m, \u017ee najdete sv\u00e9 vlastn\u00ed p\u0159\u00edklady.<\/p>\n\n\n\n<h4 class=\"wp-block-heading\">P\u0159\u00edtomnost s Bohem<\/h4>\n\n\n\n<p>To je to, co mysl\u00edme praktikov\u00e1n\u00edm p\u0159\u00edtomn\u00e9ho okam\u017eiku. Nenapad\u00e1 m\u011b \u017e\u00e1dn\u00e1 duchovn\u00ed praxe, kter\u00e1 by prom\u011bnila n\u00e1\u0161 \u017eivot v l\u00e1sku a v Boha v\u00edce ne\u017e prost\u00e1 snaha \u017e\u00edt v nah\u00e9m p\u0159\u00edtomn\u00e9m okam\u017eiku, v sakramentu p\u0159\u00edtomn\u00e9ho okam\u017eiku. Na t\u00e9to praxi nen\u00ed co \u201ep\u0159em\u00fd\u0161let\u201c, tak\u017ee se o to ani nepokou\u0161ejte. P\u0159em\u00fd\u0161len\u00ed o tom nen\u00ed opravdu u\u017eite\u010dn\u00e9.&nbsp; Kdy\u017e jsme bd\u011blou p\u0159\u00edtomnost\u00ed, klademe jednu nohu p\u0159ed druhou a u\u017e neexistuje \u017e\u00e1dn\u00e9 odd\u011blen\u00ed mezi sv\u011btsk\u00fdm a posv\u00e1tn\u00fdm, mezi n\u00e1mi a Bohem.&nbsp;&nbsp;<\/p>\n\n\n\n<p class=\"has-small-font-size\">Translated with DeepL.com (free version)<\/p>\n\n\n\n<h6 class=\"wp-block-heading\">Prameny:<\/h6>\n\n\n\n<p class=\"has-small-font-size\">Adapted from Richard Rohr,&nbsp;<em><a href=\"https:\/\/email.cac.org\/t\/d-l-glhhldl-tlkrhyidn-x\/\">Living the Eternal Now<\/a>&nbsp;<\/em>(Center for Action and Contemplation, 2005). Available as MP3 download.&nbsp;&nbsp;<\/p>\n\n\n\n<p class=\"has-small-font-size\"><strong>Image credit and inspiration<\/strong>: Bruce Tang,&nbsp;<em>untitled&nbsp;<\/em>(detail), 2019, photo, Japan,&nbsp;<a href=\"https:\/\/email.cac.org\/t\/d-l-glhhldl-tlkrhyidn-m\/\">Unsplash<\/a>.&nbsp;<a href=\"https:\/\/email.cac.org\/t\/d-l-glhhldl-tlkrhyidn-c\/\">Click here to enlarge image<\/a>.&nbsp;<em>Attentive to the moment and the task at hand, we find that holiness lives in simple, ordinary rhythms\u2014no grand cathedral required, only the quiet altar of a kitchen table.<\/em><\/p>\n","protected":false},"excerpt":{"rendered":"<p>Kdy\u017e jsme bd\u011blou p\u0159\u00edtomnost\u00ed, klademe jednu nohu p\u0159ed druhou a u\u017e neexistuje \u017e\u00e1dn\u00e9 odd\u011blen\u00ed mezi sv\u011btsk\u00fdm a posv\u00e1tn\u00fdm, mezi n\u00e1mi a Bohem.\u00a0\u00a0<\/p>\n","protected":false},"author":1,"featured_media":12574,"comment_status":"open","ping_status":"open","sticky":false,"template":"","format":"standard","meta":{"footnotes":""},"categories":[198],"tags":[2339,1259,503],"class_list":["post-12660","post","type-post","status-publish","format-standard","has-post-thumbnail","hentry","category-richard-rohr-ofm-centrum-pro-zivot-a-rozjimani","tag-byt-s-bohem","tag-okamzik","tag-pritomnost","latest_post"],"_links":{"self":[{"href":"https:\/\/www.frantiskani.cz\/index.php\/wp-json\/wp\/v2\/posts\/12660","targetHints":{"allow":["GET"]}}],"collection":[{"href":"https:\/\/www.frantiskani.cz\/index.php\/wp-json\/wp\/v2\/posts"}],"about":[{"href":"https:\/\/www.frantiskani.cz\/index.php\/wp-json\/wp\/v2\/types\/post"}],"author":[{"embeddable":true,"href":"https:\/\/www.frantiskani.cz\/index.php\/wp-json\/wp\/v2\/users\/1"}],"replies":[{"embeddable":true,"href":"https:\/\/www.frantiskani.cz\/index.php\/wp-json\/wp\/v2\/comments?post=12660"}],"version-history":[{"count":1,"href":"https:\/\/www.frantiskani.cz\/index.php\/wp-json\/wp\/v2\/posts\/12660\/revisions"}],"predecessor-version":[{"id":12661,"href":"https:\/\/www.frantiskani.cz\/index.php\/wp-json\/wp\/v2\/posts\/12660\/revisions\/12661"}],"wp:featuredmedia":[{"embeddable":true,"href":"https:\/\/www.frantiskani.cz\/index.php\/wp-json\/wp\/v2\/media\/12574"}],"wp:attachment":[{"href":"https:\/\/www.frantiskani.cz\/index.php\/wp-json\/wp\/v2\/media?parent=12660"}],"wp:term":[{"taxonomy":"category","embeddable":true,"href":"https:\/\/www.frantiskani.cz\/index.php\/wp-json\/wp\/v2\/categories?post=12660"},{"taxonomy":"post_tag","embeddable":true,"href":"https:\/\/www.frantiskani.cz\/index.php\/wp-json\/wp\/v2\/tags?post=12660"}],"curies":[{"name":"wp","href":"https:\/\/api.w.org\/{rel}","templated":true}]}}