{"id":12682,"date":"2025-09-08T08:45:40","date_gmt":"2025-09-08T06:45:40","guid":{"rendered":"https:\/\/www.frantiskani.cz\/?p=12682"},"modified":"2025-09-08T08:45:42","modified_gmt":"2025-09-08T06:45:42","slug":"vnitrni-sila","status":"publish","type":"post","link":"https:\/\/www.frantiskani.cz\/index.php\/2025\/09\/08\/vnitrni-sila\/","title":{"rendered":"Vnit\u0159n\u00ed s\u00edla"},"content":{"rendered":"\n<h6 class=\"wp-block-heading\">T\u0159ic\u00e1t\u00fd sedm\u00fd t\u00fdden: Od nadvl\u00e1dy ke spole\u010denstv\u00ed-Pond\u011bl\u00ed, 8. z\u00e1\u0159\u00ed 2025<\/h6>\n\n\n\n<p><em>Pr\u00e1v\u011b ty \u010d\u00e1sti t\u011bla, kter\u00e9 se zdaj\u00ed b\u00fdt nejslab\u0161\u00ed, jsou nepostradateln\u00e9.\u20141 Korin\u0165an\u016fm 12:22<\/em><\/p>\n\n\n\n<p><em>Jak d\u016fmysln\u011b obch\u00e1z\u00edte Bo\u017e\u00ed p\u0159ik\u00e1z\u00e1n\u00ed, abyste zachovali sv\u00e9 vlastn\u00ed tradice<\/em>!\u202f\u2014<em>Marek 7:9<\/em><\/p>\n\n\n\n<p><em>Otec Richard Rohr zkoum\u00e1 r\u016fzn\u00e9 zp\u016fsoby ch\u00e1p\u00e1n\u00ed a pou\u017e\u00edv\u00e1n\u00ed moci:<\/em><\/p>\n\n\n\n<h4 class=\"wp-block-heading\">Dobr\u00e1 a zl\u00e1 moc<\/h4>\n\n\n\n<p>V\u00fd\u0161e uveden\u00e9 cit\u00e1ty jsou dv\u011b jemn\u00e9 pas\u00e1\u017ee z P\u00edsma, kter\u00e9, jak douf\u00e1m, ilustruj\u00ed jak dobrou, tak \u0161patnou moc. V prvn\u00ed z nich Pavel povzbuzuje svou komunitu, aby chr\u00e1nila a ctila ty, kte\u0159\u00ed nemaj\u00ed moc. Ve druh\u00e9m Je\u017e\u00ed\u0161 kritizuje n\u00e1bo\u017eensk\u00e9 v\u016fdce za zneu\u017eit\u00ed tradice k pos\u00edlen\u00ed sv\u00e9 vlastn\u00ed moci.<\/p>\n\n\n\n<h4 class=\"wp-block-heading\">Moc nad druh\u00fdmi<\/h4>\n\n\n\n<p>Pokud sledujeme zpr\u00e1vy, pracujeme v komisi nebo pozorujeme n\u011bkter\u00e1 man\u017eelstv\u00ed, vid\u00edme, \u017ee v\u011bt\u0161ina lid\u00ed se ot\u00e1zkami moci nezab\u00fdv\u00e1 dostate\u010dn\u011b. Kdy\u017e jsme neza\u017eili nebo nev\u011b\u0159\u00edme v \u201evnit\u0159n\u00ed s\u00edlu\u201c, kterou n\u00e1m dal B\u016fh, bu\u010f se moci boj\u00edme, nebo ji nadm\u011brn\u011b uplat\u0148ujeme nad ostatn\u00edmi. Trval\u00e9 struktury \u201emoci nad\u201c, jako je patriarch\u00e1t, nadvl\u00e1da b\u00edl\u00e9 rasy a neomezen\u00fd kapitalismus, omezovaly moc v\u011bt\u0161iny jednotlivc\u016f tak dlouho, \u017ee je t\u011b\u017ek\u00e9 si p\u0159edstavit jinou cestu. Pouze velmi postupn\u011b doch\u00e1z\u00ed k bezzi\u0161tn\u00e9mu vyu\u017e\u00edv\u00e1n\u00ed moci, sd\u00edlen\u00ed moci nebo dokonce benevolentn\u00edmu vyu\u017e\u00edv\u00e1n\u00ed moci \u2013 v c\u00edrkvi, politice nebo rodin\u00e1ch.<\/p>\n\n\n\n<h4 class=\"wp-block-heading\">Ochrann\u00e1 moc a nadvl\u00e1da<\/h4>\n\n\n\n<p>Dobr\u00e1 moc se projevuje v tom, co Ken Wilber naz\u00fdv\u00e1 \u201ehierarchie r\u016fstu\u201c [1], kter\u00e9 jsou pot\u0159ebn\u00e9 k ochran\u011b d\u011bt\u00ed, chud\u00fdch, cel\u00e9ho p\u0159\u00edrodn\u00edho sv\u011bta a v\u0161ech t\u011bch, kte\u0159\u00ed nemaj\u00ed moc. \u0160patn\u00e1 moc spo\u010d\u00edv\u00e1 v \u201ehierarchie nadvl\u00e1dy\u201c, ve kter\u00fdch je moc pou\u017e\u00edv\u00e1na pouze k ochran\u011b, udr\u017een\u00ed a prosazov\u00e1n\u00ed sebe sama a sv\u00e9 skupiny na \u00fakor ostatn\u00edch. Hierarchie samy o sob\u011b nejsou ze sv\u00e9 podstaty \u0161patn\u00e9, ale jsou velmi nebezpe\u010dn\u00e9 pro n\u00e1s i pro ostatn\u00ed, pokud jsme neprovedli svou duchovn\u00ed pr\u00e1ci.<\/p>\n\n\n\n<h4 class=\"wp-block-heading\">Moc k&nbsp;r\u016fstu l\u00e1sky<\/h4>\n\n\n\n<p>Martin Luther King Jr. definoval moc jednodu\u0161e jako \u201eschopnost dos\u00e1hnout c\u00edle\u201c a trval na tom, \u017ee by m\u011bla b\u00fdt vyu\u017e\u00edv\u00e1na k r\u016fstu l\u00e1sky a spravedlnosti. Napsal: \u201eJe to s\u00edla pot\u0159ebn\u00e1 k dosa\u017een\u00ed soci\u00e1ln\u00edch, politick\u00fdch nebo ekonomick\u00fdch zm\u011bn. V tomto smyslu je moc nejen \u017e\u00e1douc\u00ed, ale i nezbytn\u00e1 k napln\u011bn\u00ed po\u017eadavk\u016f l\u00e1sky a spravedlnosti.\u201c [2]<\/p>\n\n\n\n<h4 class=\"wp-block-heading\">Bezmocn\u00ed mohou u\u010dit r\u016fstu<\/h4>\n\n\n\n<p>Hlavn\u00ed my\u0161lenkou Bible, od Genesis po Zjeven\u00ed, je jej\u00ed velmi p\u0159\u00edm\u00e1 kritika zneu\u017e\u00edv\u00e1n\u00ed moci. Od sam\u00e9ho po\u010d\u00e1tku Bible podkop\u00e1v\u00e1 moc nadvl\u00e1dy a u\u010d\u00ed n\u00e1s jin\u00e9mu druhu moci: bezmoci samotn\u00e9. B\u016fh je schopen pou\u017e\u00edt nepravd\u011bpodobn\u00e9 postavy, kter\u00e9 jsou tak \u010di onak v\u017edy ne\u0161ikovn\u00e9, nep\u0159ipraven\u00e9 a neschopn\u00e9 \u2013 v jist\u00e9m smyslu bezmocn\u00e9. V Bibli je spodn\u00ed \u010d\u00e1st, okraj nebo vn\u011bj\u0161\u00ed strana privilegovanou duchovn\u00ed pozic\u00ed. Proto je biblick\u00e9 zjeven\u00ed revolu\u010dn\u00ed a dokonce podvratn\u00e9. Takzvan\u00ed \u201emal\u00ed\u201c (Matou\u0161 18:6) nebo \u201echud\u00ed v duchu\u201c (Matou\u0161 5:3), jak je naz\u00fdv\u00e1 Je\u017e\u00ed\u0161, jsou podle n\u011bj jedin\u00ed, kte\u0159\u00ed se mohou u\u010dit a \u201er\u016fst\u201c. Bezmocnost se zd\u00e1 b\u00fdt Bo\u017e\u00edm v\u00fdchoz\u00edm bodem, stejn\u011b jako v dvan\u00e1ctikrokov\u00fdch programech. Dokud nep\u0159izn\u00e1me, \u017ee \u201ejsme bezmocn\u00ed\u201c, skute\u010dn\u00e1 moc nebude uzn\u00e1na, p\u0159ijata ani hled\u00e1na.&nbsp;<\/p>\n\n\n\n<p class=\"has-small-font-size\">Translated with DeepL.com (free version)<\/p>\n\n\n\n<h6 class=\"wp-block-heading\">Prameny:<\/h6>\n\n\n\n<p class=\"has-small-font-size\">[1] Ken Wilber,\u202f<em>The Integral Vision: A Very Short Introduction&nbsp;<\/em>(Shambhala, 2018), 68.&nbsp;<\/p>\n\n\n\n<p class=\"has-small-font-size\">[2] Martin Luther King, Jr.,\u202f<em>Where Do We Go from Here: Chaos or Community?&nbsp;<\/em>(Harper and Row, 1967), 37.&nbsp;<\/p>\n\n\n\n<p class=\"has-small-font-size\">Adapted from Richard Rohr,&nbsp;<em><a href=\"https:\/\/email.cac.org\/t\/d-l-glkiyg-tlkrhyidn-u\/\">Things Hidden: Scripture as Spirituality<\/a><\/em>, rev. ed. (Franciscan Media, 2022), 89\u201390,&nbsp;94\u201395.&nbsp;<\/p>\n\n\n\n<p class=\"has-small-font-size\"><strong>Image credit and inspiration<\/strong>: cal gao,&nbsp;<em>untitled&nbsp;<\/em>(detail), 2021, photo,&nbsp;<a href=\"https:\/\/email.cac.org\/t\/d-l-glkiyg-tlkrhyidn-o\/\">Unsplash<\/a>.&nbsp;<a href=\"https:\/\/email.cac.org\/t\/d-l-glkiyg-tlkrhyidn-b\/\">Click here to enlarge image<\/a>.&nbsp;<em>We move\u2014from \u201cI\u201d to \u201cwe\u201d\u2014honoring each other\u2019s gifts, sharing skills with reverence, and weaving our strengths into a whole greater than any one alone.<\/em>&nbsp;<\/p>\n","protected":false},"excerpt":{"rendered":"<p>  Dokud nep\u0159izn\u00e1me, \u017ee \u201ejsme bezmocn\u00ed\u201c, skute\u010dn\u00e1 moc nebude uzn\u00e1na, p\u0159ijata ani hled\u00e1na.\u00a0<\/p>\n","protected":false},"author":1,"featured_media":12671,"comment_status":"open","ping_status":"open","sticky":false,"template":"","format":"standard","meta":{"footnotes":""},"categories":[198],"tags":[1040,2225,1337],"class_list":["post-12682","post","type-post","status-publish","format-standard","has-post-thumbnail","hentry","category-richard-rohr-ofm-centrum-pro-zivot-a-rozjimani","tag-bezmoc","tag-chudi-duchem","tag-moc","latest_post"],"_links":{"self":[{"href":"https:\/\/www.frantiskani.cz\/index.php\/wp-json\/wp\/v2\/posts\/12682","targetHints":{"allow":["GET"]}}],"collection":[{"href":"https:\/\/www.frantiskani.cz\/index.php\/wp-json\/wp\/v2\/posts"}],"about":[{"href":"https:\/\/www.frantiskani.cz\/index.php\/wp-json\/wp\/v2\/types\/post"}],"author":[{"embeddable":true,"href":"https:\/\/www.frantiskani.cz\/index.php\/wp-json\/wp\/v2\/users\/1"}],"replies":[{"embeddable":true,"href":"https:\/\/www.frantiskani.cz\/index.php\/wp-json\/wp\/v2\/comments?post=12682"}],"version-history":[{"count":1,"href":"https:\/\/www.frantiskani.cz\/index.php\/wp-json\/wp\/v2\/posts\/12682\/revisions"}],"predecessor-version":[{"id":12683,"href":"https:\/\/www.frantiskani.cz\/index.php\/wp-json\/wp\/v2\/posts\/12682\/revisions\/12683"}],"wp:featuredmedia":[{"embeddable":true,"href":"https:\/\/www.frantiskani.cz\/index.php\/wp-json\/wp\/v2\/media\/12671"}],"wp:attachment":[{"href":"https:\/\/www.frantiskani.cz\/index.php\/wp-json\/wp\/v2\/media?parent=12682"}],"wp:term":[{"taxonomy":"category","embeddable":true,"href":"https:\/\/www.frantiskani.cz\/index.php\/wp-json\/wp\/v2\/categories?post=12682"},{"taxonomy":"post_tag","embeddable":true,"href":"https:\/\/www.frantiskani.cz\/index.php\/wp-json\/wp\/v2\/tags?post=12682"}],"curies":[{"name":"wp","href":"https:\/\/api.w.org\/{rel}","templated":true}]}}