{"id":12756,"date":"2025-09-15T08:18:40","date_gmt":"2025-09-15T06:18:40","guid":{"rendered":"https:\/\/www.frantiskani.cz\/?p=12756"},"modified":"2025-09-15T08:18:43","modified_gmt":"2025-09-15T06:18:43","slug":"volba-lasky","status":"publish","type":"post","link":"https:\/\/www.frantiskani.cz\/index.php\/2025\/09\/15\/volba-lasky\/","title":{"rendered":"Volba l\u00e1sky"},"content":{"rendered":"\n<h6 class=\"wp-block-heading\">T\u0159ic\u00e1t\u00fd osm\u00fd t\u00fdden: Vid\u011bt o\u010dima l\u00e1sky-Pond\u011bl\u00ed, 15. z\u00e1\u0159\u00ed 2025<\/h6>\n\n\n\n<p><em>Moje d\u011bti, budu s v\u00e1mi u\u017e jen kr\u00e1tkou dobu. D\u00e1v\u00e1m v\u00e1m nov\u00e9 p\u0159ik\u00e1z\u00e1n\u00ed, abyste v\u011bd\u011bli, kde jsem a kdo jsem: Mus\u00edte se navz\u00e1jem milovat.<\/em><em>\u202f \u2014Jan 13:33\u201335, parafr\u00e1ze Richarda Rohra<\/em><\/p>\n\n\n\n<p><em>Otec Richard Rohr hovo\u0159\u00ed o Je\u017e\u00ed\u0161ov\u011b p\u0159ik\u00e1z\u00e1n\u00ed milovat se navz\u00e1jem v Janov\u011b evangeliu:<\/em><\/p>\n\n\n\n<h4 class=\"wp-block-heading\">Jak mohu vylep\u0161it sv\u011bt kolem sebe?<\/h4>\n\n\n\n<p>Sestry a brat\u0159i, energie, s jakou v\u011bci d\u011bl\u00e1me, je d\u016fle\u017eit\u00e1. Milovat znamen\u00e1 st\u00e1t v jin\u00e9m prostoru. L\u00e1ska nen\u00ed jen to, co d\u011bl\u00e1me, ale tak\u00e9 to, jak to d\u011bl\u00e1me. Kdy\u017e stoj\u00edme v l\u00e1sce, kterou n\u00e1m Je\u017e\u00ed\u0161 nab\u00edz\u00ed, \u017eijeme v jin\u00e9 energii. V t\u011bch chv\u00edl\u00edch nejsme zcela zabr\u00e1ni sami sebou. Sna\u017e\u00edme se starat o sv\u011bt. Jsme schopni \u0159\u00edci: \u201eM\u00e1m jeden \u017eivot a kdy\u017e odtud odejdu, chci se ujistit, \u017ee tento sv\u011bt bude o n\u011bco lep\u0161\u00ed, proto\u017ee jsem tu byl.\u201c Co by se mohlo st\u00e1t, kdybychom se ka\u017ed\u00fd den probouzeli s t\u00edmto z\u00e1m\u011brem: \u201eJak m\u016f\u017ee moje existence na t\u00e9to zemi zv\u00fd\u0161it kvalitu \u017eivota na t\u00e9to planet\u011b?\u201c<\/p>\n\n\n\n<h4 class=\"wp-block-heading\">B\u016fh je L\u00e1ska<\/h4>\n\n\n\n<p>Je\u017e\u00ed\u0161 \u0159\u00edk\u00e1: \u201eBudu s v\u00e1mi u\u017e jen chv\u00edli, proto v\u00e1m zanech\u00e1m znamen\u00ed, \u017ee jsem st\u00e1le tady. Zjev\u00edm se v p\u0159\u00edtomnosti miluj\u00edc\u00edch lid\u00ed\u201c (Jan 13:33\u201335, Richardova parafr\u00e1ze). To je jedin\u00fd zp\u016fsob, jak m\u016f\u017ee kdokoli poznat Boha. Pokud jsme nikdy nikoho nenechali, aby n\u00e1s miloval, a pokud jsme nikdy nenechali l\u00e1sku proudit skrze n\u00e1s \u2013 bezd\u016fvodn\u011b, velkoryse, nezaslou\u017een\u011b \u2013 sm\u011brem k ostatn\u00edm, pak nem\u016f\u017eeme v\u011bd\u011bt, kdo je B\u016fh. B\u016fh je jen teorie nebo abstrakce. Pokud \u201eB\u016fh je l\u00e1ska\u201c (1 Jan 4:8), pak ti, kdo \u017eij\u00ed v l\u00e1sce, \u017eij\u00ed v Bohu a pozn\u00e1vaj\u00ed Boha zku\u0161enostn\u011b.<\/p>\n\n\n\n<h4 class=\"wp-block-heading\">L\u00e1ska je to, k\u00fdm jsme<\/h4>\n\n\n\n<p>&nbsp;Neexistuje \u017e\u00e1dn\u00fd jin\u00fd zp\u016fsob, jak poznat, kdo je B\u016fh \u2013 nebo kdo skute\u010dn\u011b jsme \u2013 ne\u017e milovat a b\u00fdt milov\u00e1ni. Berte to jako absolutn\u00ed pravdu!<\/p>\n\n\n\n<p>L\u00e1ska nen\u00ed n\u011bco, pro co se ob\u010das rozhodneme. L\u00e1ska je to, k\u00fdm jsme! Na\u0161e z\u00e1kladn\u00ed, fundament\u00e1ln\u00ed existence \u2013 stvo\u0159en\u00e1 k obrazu Trojice \u2013 je l\u00e1ska. Pamatujte, \u017ee Trojice \u0159\u00edk\u00e1, \u017ee B\u016fh nen\u00ed izolovan\u00e1 bo\u017esk\u00e1 bytost. B\u016fh je samotn\u00e1 kvalita vztahu, ud\u00e1lost spole\u010denstv\u00ed, nekone\u010dn\u00fd proud vyl\u00e9v\u00e1n\u00ed. Stru\u010dn\u011b \u0159e\u010deno, B\u016fh je sp\u00ed\u0161e \u010din ne\u017e substance.<\/p>\n\n\n\n<h4 class=\"wp-block-heading\">Rozhodnout se b\u00fdt l\u00e1skou<\/h4>\n\n\n\n<p>L\u00e1ska, stejn\u011b jako odpu\u0161t\u011bn\u00ed, je rozhodnut\u00ed. Je to rozhodnut\u00ed v na\u0161ich mysl\u00edch a v na\u0161ich srdc\u00edch. A je lep\u0161\u00ed se rozhodnout brzy, proto\u017ee jakmile se n\u011bkolik hodin nach\u00e1z\u00edme v n\u00edzk\u00e9 \u00farovni z\u00e1\u0161ti, hn\u011bvu nebo zklam\u00e1n\u00ed, je p\u0159\u00edli\u0161 pozd\u011b. Kdy\u017e se nerozhodneme pro l\u00e1sku, pou\u017eijeme jakoukoli v\u00fdmluvu, abychom byli ne\u0161\u0165astn\u00ed nebo podr\u00e1\u017ed\u011bn\u00ed. U\u017e jsme ne\u0161\u0165astn\u00ed a pak n\u00e1m n\u011bco d\u00e1 z\u00e1minku, abychom to dali najevo. P\u0159esn\u00fd p\u0159edm\u011bt na\u0161eho ne\u0161t\u011bst\u00ed je ve skute\u010dnosti libovoln\u00fd. Ne\u0161t\u011bst\u00ed prost\u011b pot\u0159ebuje p\u0159edm\u011bt \u2013 stejn\u011b jako \u0161t\u011bst\u00ed a l\u00e1ska. Mus\u00edme si p\u0159edem uv\u011bdomit, kdy ne\u017eijeme v l\u00e1sce. To je jist\u011b d\u016fvod, pro\u010d je rann\u00ed modlitba nebo cvi\u010den\u00ed tak d\u016fle\u017eit\u00e9 \u2013 aby n\u00e1m umo\u017enilo rozhodnout se milovat ka\u017ed\u00fd den.<\/p>\n\n\n\n<p class=\"has-small-font-size\">Translated with DeepL.com (free version)<\/p>\n\n\n\n<h6 class=\"wp-block-heading\">Prameny:<\/h6>\n\n\n\n<p class=\"has-small-font-size\">Adapted from Richard Rohr, \u201c<a href=\"https:\/\/email.cac.org\/t\/d-l-glutldt-tlkrhyidn-b\/\">Love Is Not What as Much as How<\/a>,\u201d homily, April 24, 2016.&nbsp;<\/p>\n\n\n\n<p class=\"has-small-font-size\"><strong>Image credit and inspiration<\/strong>: Sankhadeep Barman,&nbsp;<em>untitled&nbsp;<\/em>(detail), 2019, photo,&nbsp;<a href=\"https:\/\/email.cac.org\/t\/d-l-glutldt-tlkrhyidn-n\/\">Unsplash<\/a>.&nbsp;<a href=\"https:\/\/email.cac.org\/t\/d-l-glutldt-tlkrhyidn-p\/\">Click here to enlarge image<\/a>.&nbsp;<em>The person lingers in awe, wholly present with the flowers, letting herself be consumed by their quiet beauty, choosing to behold and simply be with them.<\/em>&nbsp;<\/p>\n","protected":false},"excerpt":{"rendered":"<p>L\u00e1ska, stejn\u011b jako odpu\u0161t\u011bn\u00ed, je rozhodnut\u00ed. Je to rozhodnut\u00ed v na\u0161ich mysl\u00edch a v na\u0161ich srdc\u00edch. A je lep\u0161\u00ed se rozhodnout brzy, proto\u017ee jakmile se n\u011bkolik hodin nach\u00e1z\u00edme v n\u00edzk\u00e9 \u00farovni z\u00e1\u0161ti, hn\u011bvu nebo zklam\u00e1n\u00ed, je p\u0159\u00edli\u0161 pozd\u011b. <\/p>\n","protected":false},"author":1,"featured_media":12754,"comment_status":"open","ping_status":"open","sticky":false,"template":"","format":"standard","meta":{"footnotes":""},"categories":[198],"tags":[2349,434],"class_list":["post-12756","post","type-post","status-publish","format-standard","has-post-thumbnail","hentry","category-richard-rohr-ofm-centrum-pro-zivot-a-rozjimani","tag-byt-laskou","tag-rozhodnuti","latest_post"],"_links":{"self":[{"href":"https:\/\/www.frantiskani.cz\/index.php\/wp-json\/wp\/v2\/posts\/12756","targetHints":{"allow":["GET"]}}],"collection":[{"href":"https:\/\/www.frantiskani.cz\/index.php\/wp-json\/wp\/v2\/posts"}],"about":[{"href":"https:\/\/www.frantiskani.cz\/index.php\/wp-json\/wp\/v2\/types\/post"}],"author":[{"embeddable":true,"href":"https:\/\/www.frantiskani.cz\/index.php\/wp-json\/wp\/v2\/users\/1"}],"replies":[{"embeddable":true,"href":"https:\/\/www.frantiskani.cz\/index.php\/wp-json\/wp\/v2\/comments?post=12756"}],"version-history":[{"count":1,"href":"https:\/\/www.frantiskani.cz\/index.php\/wp-json\/wp\/v2\/posts\/12756\/revisions"}],"predecessor-version":[{"id":12757,"href":"https:\/\/www.frantiskani.cz\/index.php\/wp-json\/wp\/v2\/posts\/12756\/revisions\/12757"}],"wp:featuredmedia":[{"embeddable":true,"href":"https:\/\/www.frantiskani.cz\/index.php\/wp-json\/wp\/v2\/media\/12754"}],"wp:attachment":[{"href":"https:\/\/www.frantiskani.cz\/index.php\/wp-json\/wp\/v2\/media?parent=12756"}],"wp:term":[{"taxonomy":"category","embeddable":true,"href":"https:\/\/www.frantiskani.cz\/index.php\/wp-json\/wp\/v2\/categories?post=12756"},{"taxonomy":"post_tag","embeddable":true,"href":"https:\/\/www.frantiskani.cz\/index.php\/wp-json\/wp\/v2\/tags?post=12756"}],"curies":[{"name":"wp","href":"https:\/\/api.w.org\/{rel}","templated":true}]}}