{"id":12970,"date":"2025-09-30T12:01:08","date_gmt":"2025-09-30T10:01:08","guid":{"rendered":"https:\/\/www.frantiskani.cz\/?p=12970"},"modified":"2025-09-30T12:01:11","modified_gmt":"2025-09-30T10:01:11","slug":"vyzva-k-odrikani","status":"publish","type":"post","link":"https:\/\/www.frantiskani.cz\/index.php\/2025\/09\/30\/vyzva-k-odrikani\/","title":{"rendered":"V\u00fdzva k\u00a0od\u0159\u00edk\u00e1n\u00ed"},"content":{"rendered":"\n<h6 class=\"wp-block-heading\">\u010cty\u0159ic\u00e1t\u00fd t\u00fdden: Franti\u0161k\u00e1nsk\u00e9 sv\u011bdectv\u00ed a praxe-\u00dater\u00fd, 30. z\u00e1\u0159\u00ed 2025<\/h6>\n\n\n\n<p><em>Kdy\u017e byl Franti\u0161ek p\u0159edveden p\u0159ed biskupa, necht\u011bl \u010dekat&#8230; Ani\u017e by \u010dekal, a\u017e k n\u011bmu promluv\u00ed, a ani\u017e by s\u00e1m promluvil, okam\u017eit\u011b odlo\u017eil a odhodil v\u0161echny sv\u00e9 \u0161aty a vr\u00e1til je sv\u00e9mu otci.\u2014Thomas Celano, Prvn\u00ed \u017eivot Franti\u0161ka<\/em><\/p>\n\n\n\n<h4 class=\"wp-block-heading\">Odevzdat d\u0159\u00edv\u011bj\u0161\u00ed identitu<\/h4>\n\n\n\n<p>Prvn\u00ed \u017eivotopis Franti\u0161ka z Assisi popisuje okam\u017eik, kdy se Franti\u0161ek ve\u0159ejn\u011b vzdal sv\u00fdch privilegi\u00ed, svl\u00e9kl se a vr\u00e1til sv\u00e9 \u0161aty bohat\u00e9mu otci p\u0159ed biskupem.&nbsp;<\/p>\n\n\n\n<p>P\u0159\u00edb\u011bh o tom, jak se Franti\u0161ek svl\u00e9kl donaha na biskupsk\u00e9m n\u00e1dvo\u0159\u00ed, n\u00e1m p\u0159ibli\u017euje z\u00e1sadn\u00ed okam\u017eik v procesu jeho obr\u00e1cen\u00ed. Kdy\u017e tam Franti\u0161ek st\u00e1l nah\u00fd, zcela bezbrann\u00fd&#8230; zbavil se mnohem v\u00edce ne\u017e jen sv\u00fdch \u0161at\u016f a majetku. Ve skute\u010dnosti se vzdal rodinn\u00e9 identity a reputace i jistoty sv\u00e9ho ekonomick\u00e9ho postaven\u00ed.&nbsp;<\/p>\n\n\n\n<p>Pro Franti\u0161ka bylo zbaven\u00ed se privilegi\u00ed \u010dinem inspirovan\u00fdm evangeliem, k n\u011bmu\u017e jsme dnes vyz\u00fdv\u00e1ni.<\/p>\n\n\n\n<h4 class=\"wp-block-heading\">Odpoutat se<\/h4>\n\n\n\n<p>Vzd\u00e1n\u00ed se jako povol\u00e1n\u00ed a dar znamen\u00e1 vzd\u00e1t se presti\u017ee a privilegi\u00ed, nau\u010dit se naslouchat a p\u0159ij\u00edmat kritiku a nau\u010dit se pou\u017e\u00edvat svou moc jinak a nakonec se o ni pod\u011blit. Na\u0161\u00edm \u00fakolem jako lid\u00ed, kte\u0159\u00ed nejsou chud\u00ed, je p\u0159inejmen\u0161\u00edm sd\u00edlet moc, kterou m\u00e1me k dispozici \u2013 na\u0161e zdroje bohatstv\u00ed, vzd\u011bl\u00e1n\u00ed, vlivu a p\u0159\u00edstupu \u2013 s t\u011bmi, kter\u00fdm byly tyto v\u011bci odep\u0159eny. Nejedn\u00e1 se o charitu nebo u\u0161lechtilost. Jedn\u00e1 se o z\u00e1sadn\u00ed odpout\u00e1n\u00ed se, kter\u00e9 umo\u017e\u0148uje transformaci samotn\u00fdch struktur, z nich\u017e m\u00e1me prosp\u011bch&#8230;<\/p>\n\n\n\n<h4 class=\"wp-block-heading\">Osvobodit se a osvobozovat<\/h4>\n\n\n\n<p>Cesta vzd\u00e1n\u00ed se je celo\u017eivotn\u00edm procesem odstra\u0148ov\u00e1n\u00ed p\u0159ek\u00e1\u017eek miluj\u00edc\u00edch a spravedliv\u00fdch vztah\u016f s na\u0161imi sousedy na t\u00e9to zemi a sm\u011b\u0159ov\u00e1n\u00edm k opravdov\u011bj\u0161\u00edmu spole\u010denstv\u00ed mezi v\u0161emi Bo\u017e\u00edmi d\u011btmi a ve skute\u010dnosti mezi v\u0161emi tvory a prvky na zemi, k takov\u00e9mu bratrstv\u00ed a sestersk\u00e9 l\u00e1sce, jak\u00e9 si p\u0159edstavoval Franti\u0161ek. Kdy\u017e pom\u00e1h\u00e1me odstra\u0148ovat p\u0159ek\u00e1\u017eky osvobozen\u00ed druh\u00fdch, sou\u010dasn\u011b odstra\u0148ujeme p\u0159ek\u00e1\u017eky na\u0161eho vlastn\u00edho osvobozen\u00ed&#8230;&nbsp;<\/p>\n\n\n\n<h4 class=\"wp-block-heading\">radost ze svobody<\/h4>\n\n\n\n<p>Franti\u0161ek u\u010dinil odv\u00e1\u017en\u00fd skok v\u00edry z privilegovan\u00e9ho postaven\u00ed do sv\u011bta chud\u00fdch. Jeho od\u0159\u00edk\u00e1n\u00ed se sv\u011btu, a\u010dkoli radik\u00e1ln\u00ed, pro n\u011bj zjevn\u011b nebylo odporn\u00e9. C\u00edt\u00edme, \u017ee pro Franti\u0161ka se splnilo evangelijn\u00ed zasl\u00edben\u00ed, \u017ee to, co \u010dlov\u011bk dostane na opl\u00e1tku, je mnohem v\u00edce ne\u017e to, \u010deho se vzdal [viz Marek 10, 28\u201331]. Franti\u0161ek se vzdal sv\u011bta, jen aby ho dostal zp\u011bt s radost\u00ed&#8230;<\/p>\n\n\n\n<h4 class=\"wp-block-heading\">Zp\u016fsob Franti\u0161kova \u017eivota pro dne\u0161ek<\/h4>\n\n\n\n<p>Franti\u0161ek n\u00e1s vyz\u00fdv\u00e1, abychom byli bl\u00e1zni. Je opravdu mo\u017en\u00e9, \u017ee to, \u010deho se vzd\u00e1me, se n\u00e1m vr\u00e1t\u00ed stokr\u00e1t? M\u016f\u017eeme v\u011b\u0159it, \u017ee kdy\u017e ztrat\u00edme sami sebe, najdeme sami sebe? Franti\u0161ek, kter\u00fd se vzd\u00e1v\u00e1 n\u00e1roku na v\u0161echny v\u011bci, je svobodn\u00fd a m\u016f\u017ee si v\u0161echny v\u011bci u\u017e\u00edvat jako dar. Naprosto bl\u00e1zniv\u00e9. Nepraktick\u00e9. Podvratn\u00e9. Dokonce nebezpe\u010dn\u00e9.<\/p>\n\n\n\n<p>M\u016f\u017eeme neutralizovat v\u00fdzvu a slib Je\u017e\u00ed\u0161e a Franti\u0161ka t\u00edm, \u017ee je pov\u00fd\u0161\u00edme do \u0159\u00ed\u0161e svatosti a dokonalosti, do \u0159\u00ed\u0161e, kter\u00e1 se zd\u00e1 b\u00fdt daleko mimo n\u00e1\u0161 dosah. Nebo m\u016f\u017eeme p\u0159em\u00fd\u0161let o jejich zp\u016fsobu \u017eivota ve sv\u011bt\u011b a pokusit se je n\u00e1sledovat, i kdy\u017e bychom byli bl\u00e1zni.&nbsp;<\/p>\n\n\n\n<p class=\"has-small-font-size\"><em>Translated with DeepL.com (free version)<\/em><\/p>\n\n\n\n<h6 class=\"wp-block-heading\">Prameny:<\/h6>\n\n\n\n<p class=\"has-small-font-size\">Marie Dennis, Cynthia Moe-Lobeda, Joseph Nangle, and Stuart Taylor,&nbsp;<em>St. Francis and the Foolishness of God,\u202f<\/em>rev. ed.<em>\u202f<\/em>(Orbis Books, 2015),\u202f21\u201322, 28, 29, 31, 32.&nbsp;&nbsp;<\/p>\n\n\n\n<p class=\"has-small-font-size\"><strong>Image credit and inspiration<\/strong>: Tom Swinnon,&nbsp;<em>untitled&nbsp;<\/em>(detail), 2019, photo,&nbsp;<a href=\"https:\/\/email.cac.org\/t\/d-l-gaudyk-tlkrhyidn-u\/\">Unsplash<\/a>.&nbsp;<a href=\"https:\/\/email.cac.org\/t\/d-l-gaudyk-tlkrhyidn-o\/\">Click here to enlarge image<\/a>.&nbsp;<em>A weathered table, humble in its presence, bears witness to Francis\u2019s kinship with the poor, his simplicity of life, and the quiet prophecy of poverty lived as solidarity<\/em>.&nbsp;<\/p>\n\n\n\n<p><\/p>\n","protected":false},"excerpt":{"rendered":"<p>M\u016f\u017eeme neutralizovat v\u00fdzvu a slib Je\u017e\u00ed\u0161e a Franti\u0161ka t\u00edm, \u017ee je pov\u00fd\u0161\u00edme do \u0159\u00ed\u0161e svatosti a dokonalosti, do \u0159\u00ed\u0161e, kter\u00e1 se zd\u00e1 b\u00fdt daleko mimo n\u00e1\u0161 dosah. Nebo m\u016f\u017eeme p\u0159em\u00fd\u0161let o jejich zp\u016fsobu \u017eivota ve sv\u011bt\u011b a pokusit se je n\u00e1sledovat, i kdy\u017e bychom byli za bl\u00e1zny.<\/p>\n","protected":false},"author":1,"featured_media":12932,"comment_status":"open","ping_status":"open","sticky":false,"template":"","format":"standard","meta":{"footnotes":""},"categories":[198],"tags":[2365,148,511],"class_list":["post-12970","post","type-post","status-publish","format-standard","has-post-thumbnail","hentry","category-richard-rohr-ofm-centrum-pro-zivot-a-rozjimani","tag-blaznovstvi","tag-sv-frantisek","tag-svoboda","latest_post"],"_links":{"self":[{"href":"https:\/\/www.frantiskani.cz\/index.php\/wp-json\/wp\/v2\/posts\/12970","targetHints":{"allow":["GET"]}}],"collection":[{"href":"https:\/\/www.frantiskani.cz\/index.php\/wp-json\/wp\/v2\/posts"}],"about":[{"href":"https:\/\/www.frantiskani.cz\/index.php\/wp-json\/wp\/v2\/types\/post"}],"author":[{"embeddable":true,"href":"https:\/\/www.frantiskani.cz\/index.php\/wp-json\/wp\/v2\/users\/1"}],"replies":[{"embeddable":true,"href":"https:\/\/www.frantiskani.cz\/index.php\/wp-json\/wp\/v2\/comments?post=12970"}],"version-history":[{"count":1,"href":"https:\/\/www.frantiskani.cz\/index.php\/wp-json\/wp\/v2\/posts\/12970\/revisions"}],"predecessor-version":[{"id":12971,"href":"https:\/\/www.frantiskani.cz\/index.php\/wp-json\/wp\/v2\/posts\/12970\/revisions\/12971"}],"wp:featuredmedia":[{"embeddable":true,"href":"https:\/\/www.frantiskani.cz\/index.php\/wp-json\/wp\/v2\/media\/12932"}],"wp:attachment":[{"href":"https:\/\/www.frantiskani.cz\/index.php\/wp-json\/wp\/v2\/media?parent=12970"}],"wp:term":[{"taxonomy":"category","embeddable":true,"href":"https:\/\/www.frantiskani.cz\/index.php\/wp-json\/wp\/v2\/categories?post=12970"},{"taxonomy":"post_tag","embeddable":true,"href":"https:\/\/www.frantiskani.cz\/index.php\/wp-json\/wp\/v2\/tags?post=12970"}],"curies":[{"name":"wp","href":"https:\/\/api.w.org\/{rel}","templated":true}]}}