{"id":13068,"date":"2025-10-12T09:31:27","date_gmt":"2025-10-12T07:31:27","guid":{"rendered":"https:\/\/www.frantiskani.cz\/?p=13068"},"modified":"2025-10-12T09:31:30","modified_gmt":"2025-10-12T07:31:30","slug":"prorocka-laska","status":"publish","type":"post","link":"https:\/\/www.frantiskani.cz\/index.php\/2025\/10\/12\/prorocka-laska\/","title":{"rendered":"Prorock\u00e1 l\u00e1ska"},"content":{"rendered":"\n<h6 class=\"wp-block-heading\">42. t\u00fdden: Prorock\u00e9 d\u00edlo Je\u017e\u00ed\u0161e-Ned\u011ble, 12. \u0159\u00edjna 2025<\/h6>\n\n\n\n<p><em>Brian McLaren klade d\u016fraz na pozn\u00e1n\u00ed a n\u00e1sledov\u00e1n\u00ed Je\u017e\u00ed\u0161e jako proroka:<\/em><em>\u202f<\/em><\/p>\n\n\n\n<h4 class=\"wp-block-heading\">Kontext Je\u017e\u00ed\u0161ov\u00fdch p\u0159edk\u016f prorok\u016f<\/h4>\n\n\n\n<p>Mnoho k\u0159es\u0165an\u016f se sna\u017eilo porozum\u011bt Je\u017e\u00ed\u0161i p\u0159edev\u0161\u00edm prost\u0159ednictv\u00edm jeho duchovn\u00edch potomk\u016f t\u00edm, \u017ee se ptali: \u201eCo o Je\u017e\u00ed\u0161i \u0159ekl Pavel? Co o Je\u017e\u00ed\u0161i \u0159ekl Augustin? Co o Je\u017e\u00ed\u0161i \u0159ekl Jan Kalv\u00edn nebo John Wesley?\u201c Pokud se pokus\u00edme porozum\u011bt Je\u017e\u00ed\u0161i pouze prost\u0159ednictv\u00edm toho, co o n\u011bm \u0159ekli lid\u00e9 po jeho smrti, p\u0159ijdeme o to, jak mnohem v\u00edce bychom o Je\u017e\u00ed\u0161i mohli pochopit, kdybychom ho vid\u011bli v kontextu t\u011bch, kte\u0159\u00ed p\u0159i\u0161li p\u0159ed n\u00edm \u2013 v p\u0159\u00edb\u011bhu jeho p\u0159edk\u016f a jeho duchovn\u00edho rodu. Je\u017e\u00ed\u0161 \u010dek\u00e1, a\u017e bude znovuobjeven v kontextu sv\u00e9 historie a p\u0159\u00edb\u011bhu. Je\u017e\u00ed\u0161 vyr\u016fstal jako \u017did a vstupuje do rodov\u00e9 linie patriarch\u016f a matriarch\u016f \u2013 Abrahama, Iz\u00e1ka, J\u00e1koba, S\u00e1ry, Rebeky a R\u00e1chel. Je\u017e\u00ed\u0161 v\u0161ak tak\u00e9 vstupuje do duchovn\u00ed linie prorok\u016f a proroky\u0148 po\u010d\u00ednaje Moj\u017e\u00ed\u0161em, prvn\u00edm biblick\u00fdm prorokem&#8230;&nbsp;<\/p>\n\n\n\n<h4 class=\"wp-block-heading\">Je\u017e\u00ed\u0161 se chov\u00e1 jako proroci<\/h4>\n\n\n\n<p>Svou ve\u0159ejnou slu\u017ebu za\u010d\u00edn\u00e1 prorock\u00fdm prohl\u00e1\u0161en\u00edm [viz Luk\u00e1\u0161 4:14\u201330]. Chov\u00e1 se jako prorok t\u00edm, \u017ee prov\u00e1d\u00ed nejr\u016fzn\u011bj\u0161\u00ed bizarn\u00ed ve\u0159ejn\u00e9 demonstrace. Stejn\u011b jako proroci Je\u017e\u00ed\u0161 varuje a slibuje, \u017eehn\u00e1 a prokl\u00edn\u00e1. R\u00e1d tak\u00e9 cituje proroky, zejm\u00e9na Izai\u00e1\u0161e a Oze\u00e1\u0161e&#8230;<\/p>\n\n\n\n<p>Bohu\u017eel, toto bohat\u00e9 prorock\u00e9 ch\u00e1p\u00e1n\u00ed Je\u017e\u00ed\u0161e bylo v k\u0159es\u0165ansk\u00e9 tradici minimalizov\u00e1no.<\/p>\n\n\n\n<p>M\u00edsto toho jsme t\u00e9m\u011b\u0159 v\u00fdlu\u010dn\u011b mluvili o Je\u017e\u00ed\u0161i jako o Synu Bo\u017e\u00edm, &#8230; spasiteli od prvotn\u00edho h\u0159\u00edchu a ob\u011btn\u00edm ber\u00e1nkovi. Zleh\u010dovali jsme jeho pr\u00e1ci a \u017eivot jako proroka. M\u016f\u017eeme Je\u017e\u00ed\u0161e ch\u00e1pat jako v\u00edce ne\u017e proroka, ale nikdy bychom ho nem\u011bli ch\u00e1pat jako m\u00e9n\u011b.<\/p>\n\n\n\n<h4 class=\"wp-block-heading\">Je\u017e\u00ed\u0161e m\u00e1me ch\u00e1pat jako proroka<\/h4>\n\n\n\n<p>Jeho prorock\u00e1 tradice by m\u011bla tvo\u0159it j\u00e1dro a z\u00e1klad na\u0161eho ch\u00e1p\u00e1n\u00ed Je\u017e\u00ed\u0161e.&nbsp;<\/p>\n\n\n\n<p>Pokud bereme Je\u017e\u00ed\u0161e v\u00e1\u017en\u011b jako proroka, bereme v\u00e1\u017en\u011b i jeho vt\u011blen\u00ed, proto\u017ee Je\u017e\u00ed\u0161 p\u0159ich\u00e1z\u00ed do konkr\u00e9tn\u00ed historick\u00e9 situace. Jako sou\u010d\u00e1st spole\u010dnosti se musel pot\u00fdkat s politikou a ekonomikou. Uk\u0159i\u017eov\u00e1n\u00ed d\u00e1v\u00e1 smysl, proto\u017ee \u017eivoty prorok\u016f obvykle nekon\u010d\u00ed dob\u0159e. Jen velmi m\u00e1lo z nich m\u00e1 pohodln\u00fd d\u016fchod. Jeho prorock\u00e1 identita tak\u00e9 vy\u017eaduje, abychom brali p\u0159\u00edb\u011bh o vzk\u0159\u00ed\u0161en\u00ed v\u00e1\u017en\u011b jako prorock\u00e9 prok\u00e1z\u00e1n\u00ed a potvrzen\u00ed, \u017ee pr\u00e1ce proroka mus\u00ed pokra\u010dovat i po jeho poprav\u011b a poh\u0159bu.&nbsp;<\/p>\n\n\n\n<h4 class=\"wp-block-heading\">Znovu objevujme proroky<\/h4>\n\n\n\n<p>Pokud nech\u00e1me Je\u017e\u00ed\u0161e jako proroka zast\u00ednit jin\u00fdmi v\u00fdklady, Je\u017e\u00ed\u0161 je zredukov\u00e1n, a my tak\u00e9. Je\u017e\u00ed\u0161 chce, aby se jeho n\u00e1sledovn\u00edci stali jako on&#8230; \u0158\u00edk\u00e1: \u201eMoje hnut\u00ed je prorock\u00e9 hnut\u00ed. Pokud se p\u0159ipoj\u00edte k m\u00e9mu hnut\u00ed, jste v t\u00e9to pr\u00e1ci, v\u010detn\u011b jej\u00edch nebezpe\u010d\u00ed.\u201c&nbsp;<\/p>\n\n\n\n<p>Pokud bereme Je\u017e\u00ed\u0161e v\u00e1\u017en\u011b jako proroka, pom\u016f\u017ee n\u00e1m to v na\u0161ich mezic\u00edrkevn\u00edch rozhovorech, proto\u017ee jin\u00e9 n\u00e1bo\u017eenstv\u00ed berou roli proroka v\u00e1\u017en\u011b. Muslimov\u00e9 miluj\u00ed a uct\u00edvaj\u00ed Je\u017e\u00ed\u0161e jako proroka. Kdy\u017e p\u0159em\u00fd\u0161l\u00edme o b\u00edl\u00e9m patriarch\u00e1tu a nadvl\u00e1d\u011b b\u00edl\u00e9 rasy, kter\u00e9 jsou tak hluboce zako\u0159en\u011bny v mnoha form\u00e1ch k\u0159es\u0165anstv\u00ed, uv\u011bdomujeme si, \u017ee revolu\u010dn\u00ed p\u0159\u00edsp\u011bvky \u010dern\u00e9, ekologick\u00e9, feministick\u00e9, \u017eensk\u00e9 a osvobozeneck\u00e9 teologie berou Je\u017e\u00ed\u0161\u016fv \u017eivot a pr\u00e1ci jako proroka v\u00e1\u017en\u011bji. Kdy\u017e si znovu osvoj\u00edme ch\u00e1p\u00e1n\u00ed Je\u017e\u00ed\u0161e jako proroka a nech\u00e1me se t\u00edm revolu\u010dn\u011b zm\u011bnit, m\u016f\u017eeme v dne\u0161n\u00edm sv\u011bt\u011b znovuobjevit proroky.&nbsp;<\/p>\n\n\n\n<p class=\"has-small-font-size\">Translated with DeepL.com (free version)<\/p>\n\n\n\n<h6 class=\"wp-block-heading\">Prameny:<\/h6>\n\n\n\n<p class=\"has-small-font-size\">Brian McLaren, \u201cJesus as Prophet,\u201d&nbsp;<em>ONEING<\/em>&nbsp;12, no. 2,&nbsp;<em>The Path of the Prophet<\/em>&nbsp;(2024): 33, 36, 37\u201338. Available in&nbsp;<a href=\"https:\/\/email.cac.org\/t\/d-l-gslle-tlkrhyidn-n\/\">print<\/a>&nbsp;and&nbsp;<a href=\"https:\/\/email.cac.org\/t\/d-l-gslle-tlkrhyidn-p\/\">PDF download<\/a>.&nbsp;&nbsp;&nbsp;&nbsp;&nbsp;<\/p>\n\n\n\n<p class=\"has-small-font-size\"><strong>Image credit and inspiration<\/strong>: Elijah Hiett,&nbsp;<em>untitled&nbsp;<\/em>(detail), 2017, photo,&nbsp;<a href=\"https:\/\/email.cac.org\/t\/d-l-gslle-tlkrhyidn-x\/\">Unsplash<\/a>.&nbsp;<a href=\"https:\/\/email.cac.org\/t\/d-l-gslle-tlkrhyidn-m\/\">Click here to enlarge image.<\/a>&nbsp;<em>As students of Jesus the prophet, we touch the soil of our time, recognizing suffering not in isolation but as a shared cry, and through His incarnation we are called to ponder, to speak, and to choose the path that heals.<\/em>&nbsp;<\/p>\n","protected":false},"excerpt":{"rendered":"<p>Pokud bereme Je\u017e\u00ed\u0161e v\u00e1\u017en\u011b jako proroka, pom\u016f\u017ee n\u00e1m to v na\u0161ich mezic\u00edrkevn\u00edch rozhovorech, proto\u017ee jin\u00e9 n\u00e1bo\u017eenstv\u00ed berou roli proroka v\u00e1\u017en\u011b.<\/p>\n","protected":false},"author":1,"featured_media":13069,"comment_status":"open","ping_status":"open","sticky":false,"template":"","format":"standard","meta":{"footnotes":""},"categories":[198],"tags":[476,374],"class_list":["post-13068","post","type-post","status-publish","format-standard","has-post-thumbnail","hentry","category-richard-rohr-ofm-centrum-pro-zivot-a-rozjimani","tag-jezis","tag-proroci","latest_post"],"_links":{"self":[{"href":"https:\/\/www.frantiskani.cz\/index.php\/wp-json\/wp\/v2\/posts\/13068","targetHints":{"allow":["GET"]}}],"collection":[{"href":"https:\/\/www.frantiskani.cz\/index.php\/wp-json\/wp\/v2\/posts"}],"about":[{"href":"https:\/\/www.frantiskani.cz\/index.php\/wp-json\/wp\/v2\/types\/post"}],"author":[{"embeddable":true,"href":"https:\/\/www.frantiskani.cz\/index.php\/wp-json\/wp\/v2\/users\/1"}],"replies":[{"embeddable":true,"href":"https:\/\/www.frantiskani.cz\/index.php\/wp-json\/wp\/v2\/comments?post=13068"}],"version-history":[{"count":1,"href":"https:\/\/www.frantiskani.cz\/index.php\/wp-json\/wp\/v2\/posts\/13068\/revisions"}],"predecessor-version":[{"id":13070,"href":"https:\/\/www.frantiskani.cz\/index.php\/wp-json\/wp\/v2\/posts\/13068\/revisions\/13070"}],"wp:featuredmedia":[{"embeddable":true,"href":"https:\/\/www.frantiskani.cz\/index.php\/wp-json\/wp\/v2\/media\/13069"}],"wp:attachment":[{"href":"https:\/\/www.frantiskani.cz\/index.php\/wp-json\/wp\/v2\/media?parent=13068"}],"wp:term":[{"taxonomy":"category","embeddable":true,"href":"https:\/\/www.frantiskani.cz\/index.php\/wp-json\/wp\/v2\/categories?post=13068"},{"taxonomy":"post_tag","embeddable":true,"href":"https:\/\/www.frantiskani.cz\/index.php\/wp-json\/wp\/v2\/tags?post=13068"}],"curies":[{"name":"wp","href":"https:\/\/api.w.org\/{rel}","templated":true}]}}