{"id":13227,"date":"2025-10-28T07:31:10","date_gmt":"2025-10-28T06:31:10","guid":{"rendered":"https:\/\/www.frantiskani.cz\/?p=13227"},"modified":"2025-10-28T07:32:06","modified_gmt":"2025-10-28T06:32:06","slug":"jezisovi-predkove","status":"publish","type":"post","link":"https:\/\/www.frantiskani.cz\/index.php\/2025\/10\/28\/jezisovi-predkove\/","title":{"rendered":"Je\u017e\u00ed\u0161ovi p\u0159edkov\u00e9"},"content":{"rendered":"\n<h6 class=\"wp-block-heading\">44. t\u00fdden: Spojen\u00ed s na\u0161imi p\u0159edky-\u00dater\u00fd, 28. \u0159\u00edjna 2025<\/h6>\n\n\n\n<p><em>Najednou uvid\u011bli dva mu\u017ee, Moj\u017e\u00ed\u0161e a Eli\u00e1\u0161e, jak s n\u00edm mluv\u00ed. Objevili se v sl\u00e1v\u011b a mluvili o jeho exodu, kter\u00fd se m\u011bl brzy naplnit v Jeruzal\u00e9m\u011b. \u2014Luk\u00e1\u0161 9:30\u201331<\/em><\/p>\n\n\n\n<p><em>V mal\u00e9 k\u0159es\u0165ansk\u00e9 komunit\u011b v Nikaragui lid\u00e9 ka\u017ed\u00fd den p\u0159em\u00fd\u0161lej\u00ed o v\u00fdznamu Je\u017e\u00ed\u0161ovy prom\u011bny, zejm\u00e9na o jeho rozhovoru s Moj\u017e\u00ed\u0161em a Eli\u00e1\u0161em. Kn\u011bz a b\u00e1sn\u00edk Ernesto Cardenal, kter\u00fd p\u00ed\u0161e z prost\u0159ed\u00ed osvobozeneck\u00e9ho hnut\u00ed, sd\u00edl\u00ed jejich post\u0159ehy:<\/em><\/p>\n\n\n\n<h4 class=\"wp-block-heading\">P\u0159edkov\u00e9 se zjevili u\u010dedn\u00edk\u016fm<\/h4>\n\n\n\n<p>TOM\u00c1S: \u201eA ti dva mrtv\u00ed mu\u017ei, kte\u0159\u00ed se objevuj\u00ed vedle n\u011bj a jsou velmi \u0161\u0165astn\u00ed, n\u00e1m maj\u00ed uk\u00e1zat, \u017ee nezem\u0159eli a \u017ee nejen\u017ee \u017eij\u00ed, ale maj\u00ed i lep\u0161\u00ed \u017eivot.\u201c<\/p>\n\n\n\n<p>FELIPE, Tom\u00e1s\u016fv syn: \u201eBylo to tak\u00e9 proto, aby jim dodal odvahu, proto\u017ee Je\u017e\u00ed\u0161 bude jako oni dva\u2026\u201c&nbsp;<\/p>\n\n\n\n<h4 class=\"wp-block-heading\">Moj\u017e\u00ed\u0161 a Eli\u00e1\u0161<\/h4>\n\n\n\n<p>Zeptali se m\u011b [kn\u011bze], pro\u010d se objevili Moj\u017e\u00ed\u0161 a Eli\u00e1\u0161, a j\u00e1 jsem \u0159ekl, \u017ee Moj\u017e\u00ed\u0161 byl velk\u00fd osvoboditel lidu, kter\u00fd je vyvedl z egyptsk\u00e9ho otroctv\u00ed, a Eli\u00e1\u0161 byl velk\u00fd prorok, obh\u00e1jce chud\u00fdch a utla\u010dovan\u00fdch, kdy\u017e Izrael op\u011bt upadl do otroctv\u00ed a vznikly soci\u00e1ln\u00ed t\u0159\u00eddy. Oba byli \u00fazce spojov\u00e1ni s Mesi\u00e1\u0161em, proto\u017ee se \u0159\u00edkalo, \u017ee Mesi\u00e1\u0161 bude druh\u00fdm Moj\u017e\u00ed\u0161em a \u017ee Eli\u00e1\u0161 se vr\u00e1t\u00ed na zem, aby jako p\u0159edch\u016fdce Mesi\u00e1\u0161e odsoudil nespravedlnosti (a Je\u017e\u00ed\u0161 \u0159ekl, \u017ee Eli\u00e1\u0161 ji\u017e p\u0159i\u0161el v osob\u011b Jana K\u0159titele).&nbsp;<\/p>\n\n\n\n<p><em>Shrom\u00e1\u017ed\u011bn\u00ed lid\u00e9 spole\u010dn\u011b d\u00e1le p\u0159em\u00fd\u0161lej\u00ed o p\u0159\u00edb\u011bhu Je\u017e\u00ed\u0161ovy prom\u011bny a o tom, co to znamen\u00e1 trp\u011bt, doufat a vzk\u0159\u00edst se spolu s Kristem.<\/em><\/p>\n\n\n\n<h4 class=\"wp-block-heading\">\u0160\u0165astn\u00fd konec po vzk\u0159\u00ed\u0161en\u00ed<\/h4>\n\n\n\n<p>WILLIAM: \u201eMluv\u00ed o jeho smrti a jsou tak\u00e9 ve sl\u00e1v\u011b, sd\u00edlej\u00ed jeho sl\u00e1vu. Zd\u00e1 se mi, \u017ee je to proto, \u017ee v\u0161ichni lid\u00e9, kte\u0159\u00ed sd\u00edlej\u00ed Kristovo utrpen\u00ed a bojuj\u00ed za jeho v\u011bc (za svobodu), budou sd\u00edlet stejnou sl\u00e1vu jako on, stejn\u011b jako ti dva proroci. A v\u011b\u0159\u00edm, \u017ee kdy\u017e mluvili o jeho smrti, nemluvili jen o n\u011bm, ale tak\u00e9 o v\u0161ech lidech, kte\u0159\u00ed spolu s n\u00edm budou m\u00edt stejn\u00fd \u0161\u0165astn\u00fd konec.\u201c&nbsp;<\/p>\n\n\n\n<h4 class=\"wp-block-heading\">I my jsme nyn\u00ed prom\u011bn\u011bni<\/h4>\n\n\n\n<p>OLIVIA: \u201ePodle m\u00e9ho n\u00e1zoru je vzk\u0159\u00ed\u0161en\u00ed n\u011bco, co m\u016f\u017eete za\u010d\u00edt pro\u017e\u00edvat ji\u017e v tomto \u017eivot\u011b. Kristus byl st\u00e1le z t\u011bla smrteln\u00e9ho, a oni ho ji\u017e vid\u00ed v t\u00e9 z\u00e1\u0159i, v tom kr\u00e1sn\u00e9m sv\u011btle, tak jak bude po sv\u00e9 smrti, vzk\u0159\u00ed\u0161en\u00fd&#8230; Vid\u011bli Je\u017e\u00ed\u0161e takto, ji\u017e prom\u011bn\u011bn\u00e9ho v \u017eivot\u011b kv\u016fli smrti, kterou m\u011bl podstoupit. A to, co tam vid\u011bli, lze vzt\u00e1hnout na lidi, na lidi, kte\u0159\u00ed st\u00e1le trp\u00ed. Jsou prom\u011bn\u011bni jako Kristus, i kdy\u017e to nevid\u00edme, proto\u017ee lid\u00e9 jsou sami Kristem.\u201c&#8230;<\/p>\n\n\n\n<h4 class=\"wp-block-heading\">Sl\u00e1va cel\u00e9ho budouc\u00edho lidstva<\/h4>\n\n\n\n<p>WILLIAM: \u201eZd\u00e1 se mi, \u017ee v\u00edt\u011bzstv\u00ed nad smrt\u00ed nast\u00e1v\u00e1, kdy\u017e se n\u011bkdo d\u00edky dobru, kter\u00e9 vykonal pro druh\u00e9, stane sou\u010d\u00e1st\u00ed budouc\u00edho lidstva, kter\u00e9 bude vzk\u0159\u00ed\u0161eno. I kdy\u017e je va\u0161e smrt nezn\u00e1m\u00e1 a nikdo si ji nepamatuje, z\u016fst\u00e1v\u00e1te na\u017eivu v pov\u011bdom\u00ed lidstva. A to, co u\u010dedn\u00edci v tom kr\u00e1tk\u00e9m okam\u017eiku vid\u011bli, je sl\u00e1va toho budouc\u00edho lidstva.\u201c&nbsp;<\/p>\n\n\n\n<p class=\"has-small-font-size\"><em>Translated with DeepL.com (free version)<\/em><\/p>\n\n\n\n<h6 class=\"wp-block-heading\">Prameny:<\/h6>\n\n\n\n<p class=\"has-small-font-size\">Ernesto Cardenal,&nbsp;<em>The Gospel in Solentiname,&nbsp;<\/em>vol. 3, trans. Donald D. Walsh (Orbis Books, 1979)<em>,&nbsp;<\/em>2\u20133.&nbsp;&nbsp;<\/p>\n\n\n\n<p class=\"has-small-font-size\"><strong>Image Credit:&nbsp;<\/strong>Ravi Sharma,&nbsp;<em>untitled&nbsp;<\/em>(detail), 2021, photo, India,&nbsp;<a href=\"https:\/\/email.cac.org\/t\/d-l-gyhudll-tlkrhyidn-u\/\">Unsplash<\/a>.&nbsp;<a href=\"https:\/\/email.cac.org\/t\/d-l-gyhudll-tlkrhyidn-o\/\">Click here to enlarge image<\/a>.&nbsp;<em>There is a&nbsp;wisdom that knows humanity as one continuous breath\u2014the veil between worlds thin and alive\u2014where the memory of our ancestors moves through our very cells.<\/em>&nbsp;<\/p>\n","protected":false},"excerpt":{"rendered":"<p>Zd\u00e1 se mi, \u017ee v\u00edt\u011bzstv\u00ed nad smrt\u00ed nast\u00e1v\u00e1, kdy\u017e se n\u011bkdo d\u00edky dobru, kter\u00e9 vykonal pro druh\u00e9, stane sou\u010d\u00e1st\u00ed budouc\u00edho lidstva, kter\u00e9 bude vzk\u0159\u00ed\u0161eno. I kdy\u017e je va\u0161e smrt nezn\u00e1m\u00e1 a nikdo si ji nepamatuje, z\u016fst\u00e1v\u00e1te na\u017eivu v pov\u011bdom\u00ed lidstva. A to, co u\u010dedn\u00edci na ho\u0159e s Je\u017e\u00ed\u0161em vid\u011bli, je sl\u00e1va budouc\u00edho lidstva<\/p>\n","protected":false},"author":1,"featured_media":13218,"comment_status":"open","ping_status":"open","sticky":false,"template":"","format":"standard","meta":{"footnotes":""},"categories":[198],"tags":[2402,1708,2403],"class_list":["post-13227","post","type-post","status-publish","format-standard","has-post-thumbnail","hentry","category-richard-rohr-ofm-centrum-pro-zivot-a-rozjimani","tag-lidstvo","tag-promeneni","tag-ucednici","latest_post"],"_links":{"self":[{"href":"https:\/\/www.frantiskani.cz\/index.php\/wp-json\/wp\/v2\/posts\/13227","targetHints":{"allow":["GET"]}}],"collection":[{"href":"https:\/\/www.frantiskani.cz\/index.php\/wp-json\/wp\/v2\/posts"}],"about":[{"href":"https:\/\/www.frantiskani.cz\/index.php\/wp-json\/wp\/v2\/types\/post"}],"author":[{"embeddable":true,"href":"https:\/\/www.frantiskani.cz\/index.php\/wp-json\/wp\/v2\/users\/1"}],"replies":[{"embeddable":true,"href":"https:\/\/www.frantiskani.cz\/index.php\/wp-json\/wp\/v2\/comments?post=13227"}],"version-history":[{"count":1,"href":"https:\/\/www.frantiskani.cz\/index.php\/wp-json\/wp\/v2\/posts\/13227\/revisions"}],"predecessor-version":[{"id":13228,"href":"https:\/\/www.frantiskani.cz\/index.php\/wp-json\/wp\/v2\/posts\/13227\/revisions\/13228"}],"wp:featuredmedia":[{"embeddable":true,"href":"https:\/\/www.frantiskani.cz\/index.php\/wp-json\/wp\/v2\/media\/13218"}],"wp:attachment":[{"href":"https:\/\/www.frantiskani.cz\/index.php\/wp-json\/wp\/v2\/media?parent=13227"}],"wp:term":[{"taxonomy":"category","embeddable":true,"href":"https:\/\/www.frantiskani.cz\/index.php\/wp-json\/wp\/v2\/categories?post=13227"},{"taxonomy":"post_tag","embeddable":true,"href":"https:\/\/www.frantiskani.cz\/index.php\/wp-json\/wp\/v2\/tags?post=13227"}],"curies":[{"name":"wp","href":"https:\/\/api.w.org\/{rel}","templated":true}]}}