{"id":13452,"date":"2025-11-24T08:30:05","date_gmt":"2025-11-24T07:30:05","guid":{"rendered":"https:\/\/www.frantiskani.cz\/?p=13452"},"modified":"2025-11-24T08:30:08","modified_gmt":"2025-11-24T07:30:08","slug":"rikam-dekuji","status":"publish","type":"post","link":"https:\/\/www.frantiskani.cz\/index.php\/2025\/11\/24\/rikam-dekuji\/","title":{"rendered":"\u0158\u00edk\u00e1m d\u011bkuji?"},"content":{"rendered":"\n<h6 class=\"wp-block-heading\">t\u00fdden \u010cty\u0159ic\u00e1t\u00fd osm\u00fd: Procvi\u010dov\u00e1n\u00ed vd\u011b\u010dnosti-Pond\u011bl\u00ed, 24. listopadu 2025<\/h6>\n\n\n\n<p><em>Teolo\u017eka Yolanda Pierce uva\u017euje o vd\u011b\u010dnosti deseti malomocn\u00fdch, kter\u00e9 Je\u017e\u00ed\u0161 uzdravil v Luk\u00e1\u0161ovi 17:11\u201318:<\/em><\/p>\n\n\n\n<h4 class=\"wp-block-heading\">Jen jeden se vr\u00e1til, aby pod\u011bkoval<\/h4>\n\n\n\n<p>Deset lid\u00ed zlomen\u00fdch a vylou\u010den\u00fdch ze spole\u010dnosti. Deset lid\u00ed volaj\u00edc\u00edch o vysvobozen\u00ed. Deset lid\u00ed o\u010di\u0161t\u011bn\u00fdch moc\u00ed Velk\u00e9ho l\u00e9ka\u0159e. Deset lid\u00ed, kte\u0159\u00ed se mohli vr\u00e1tit do sv\u00fdch domov\u016f a ke sv\u00fdm rodin\u00e1m. A jen jeden se vr\u00e1til, aby pod\u011bkoval&#8230;<\/p>\n\n\n\n<h4 class=\"wp-block-heading\">Vd\u011b\u010dnost vy\u017eaduje n\u00e1vrat k okam\u017eiku nouze<\/h4>\n\n\n\n<p>Ale tento \u00faryvek nen\u00ed tolik o pod\u011bkov\u00e1n\u00ed, jako o n\u00e1vratu a vzpom\u00edn\u00e1n\u00ed. V p\u0159\u00edb\u011bhu se k Je\u017e\u00ed\u0161i vrac\u00ed jen jeden z uzdraven\u00fdch. Nejen\u017ee pod\u011bkuje, ale vrhne se Je\u017e\u00ed\u0161i k noh\u00e1m a hlasit\u011b vol\u00e1. Nejde o zdvo\u0159il\u00e9 pod\u011bkov\u00e1n\u00ed za prok\u00e1zanou laskavost. Je to v\u00fdk\u0159ik \u010dlov\u011bka, kter\u00fd byl uzdraven a vr\u00e1til se do zdrav\u00e9ho stavu, o kter\u00e9m si myslel, \u017ee je nedosa\u017eiteln\u00fd.&nbsp;<\/p>\n\n\n\n<p>Vd\u011b\u010dnost, skute\u010dn\u00e1 vd\u011b\u010dnost, je ment\u00e1ln\u00ed n\u00e1vrat k okam\u017eiku nouze \u2013 fyzick\u00e9, duchovn\u00ed nebo emocion\u00e1ln\u00ed nouze&#8230; Vd\u011b\u010dnost vy\u017eaduje n\u00e1vrat k tomuto okam\u017eiku nouze, i kdy\u017e u\u017e byla nouze p\u0159ekon\u00e1na.<\/p>\n\n\n\n<p><em>Pierceov\u00e1 p\u0159em\u00fd\u0161l\u00ed o tom, jak se ocitla v pozici ka\u017ed\u00e9 postavy v p\u0159\u00edb\u011bhu:&nbsp;<\/em><\/p>\n\n\n\n<h4 class=\"wp-block-heading\">Zapomenula jsem na minulost<\/h4>\n\n\n\n<p>Byla jsem zlomen\u00e1, pot\u0159ebovala jsem uzdraven\u00ed, ale nedok\u00e1zala jsem se vr\u00e1tit k okam\u017eiku nouze a vzpomenout si na n\u011bj pot\u00e9, co jsem byla uzdravena. Pln\u00e1 energie a nov\u00e9ho \u017eivota jsem zapomn\u011bla uznat zdroj sv\u00e9 s\u00edly a pod\u011bkovat&#8230;<\/p>\n\n\n\n<h4 class=\"wp-block-heading\">Vr\u00e1tila jsem se k\u00a0lidem z d\u011btstv\u00ed a d\u011bkovala jim<\/h4>\n\n\n\n<p>Byla jsem tak\u00e9 tou, kter\u00e1 se vr\u00e1tila a vrhla se k noh\u00e1m t\u011bch, kte\u0159\u00ed mi tak bohat\u011b po\u017eehnali. N\u011bkdy jsem dbala rady sv\u00e9 babi\u010dky, abych \u201ed\u00e1vala ostatn\u00edm kv\u011btiny, dokud je\u0161t\u011b \u017eij\u00ed\u201c. A\u0165 u\u017e skute\u010dn\u00fdmi kv\u011btinami nebo slovy chv\u00e1ly, n\u011bkdy jsem si vzpomn\u011bla vr\u00e1tit vd\u011b\u010dnost t\u011bm u\u010ditel\u016fm, soused\u016fm nebo koleg\u016fm, kte\u0159\u00ed po\u017eehnali m\u016fj \u017eivot, i kdy\u017e o tom nev\u011bd\u011bli.&nbsp;<\/p>\n\n\n\n<h4 class=\"wp-block-heading\">A oni zase d\u011bkovali m\u011b<\/h4>\n\n\n\n<p>Ale nic m\u011b nedojalo v\u00edc, ne\u017e b\u00fdt na stran\u011b, kter\u00e1 p\u0159ij\u00edm\u00e1 n\u011b\u010d\u00ed vd\u011b\u010dnost. Po dlouh\u00e9m obdob\u00ed, kdy jsem vyl\u00e9vala sv\u00e9 srdce a du\u0161i a myslela si, \u017ee nikdo nerozum\u00ed ani neocen\u00ed m\u00e9 \u00fasil\u00ed, jsem mo\u017en\u00e1 dostala pohlednici, vzkaz nebo n\u00e1v\u0161t\u011bvu s pod\u011bkov\u00e1n\u00edm. V takov\u00fdch chv\u00edl\u00edch se mi do o\u010d\u00ed hrnou slzy, proto\u017ee v tu chv\u00edli skute\u010dn\u011b ch\u00e1pu s\u00edlu vd\u011b\u010dnosti.<\/p>\n\n\n\n<h4 class=\"wp-block-heading\">Vz\u00e1jemn\u00e9 d\u00e1v\u00e1n\u00ed a p\u0159ij\u00edm\u00e1n\u00ed mne vracelo k Bohu<\/h4>\n\n\n\n<p>&nbsp;P\u0159\u00edjemce byl obda\u0159en a jeho vyj\u00e1d\u0159en\u00ed vd\u011b\u010dnosti poko\u0159uje a obda\u0159uje d\u00e1rce.&nbsp;<\/p>\n\n\n\n<p>Pr\u00e1v\u011b v tomto prostoru vz\u00e1jemnosti \u2013 d\u00e1v\u00e1n\u00ed a p\u0159ij\u00edm\u00e1n\u00ed, d\u011bkov\u00e1n\u00ed a b\u00fdt d\u011bkov\u00e1n, vracen\u00ed a vzpom\u00edn\u00e1n\u00ed \u2013 m\u016f\u017eeme skute\u010dn\u011b ocenit p\u0159\u00edb\u011bh jednoho mu\u017ee s malomocenstv\u00edm, kter\u00fd se vrac\u00ed se slovy d\u00edk\u016f. Nejen\u017ee je o\u010di\u0161t\u011bn, ale v jeho vyj\u00e1d\u0159en\u00ed vd\u011b\u010dnosti m\u016f\u017eeme naj\u00edt jeho \u00fapln\u00e9 uzdraven\u00ed. O\u010di\u0161t\u011bn\u00ed od nemoci nast\u00e1v\u00e1 po pouh\u00fdch n\u011bkolika slovech od L\u00e9\u010ditele. Ale \u00fapln\u00e9 uzdraven\u00ed jeho mysli a t\u011bla nast\u00e1v\u00e1, kdy\u017e uzn\u00e1 svou pot\u0159ebu, vd\u011b\u010dnost a l\u00e1sku k Bo\u017esk\u00e9mu. Deset je o\u010di\u0161t\u011bno, ale pouze jeden, d\u00edky vzpom\u00ednce a n\u00e1vratu, je zcela uzdraven.&nbsp;<\/p>\n\n\n\n<p class=\"has-small-font-size\"><em>Translated with DeepL.com (free version)<\/em><\/p>\n\n\n\n<h6 class=\"wp-block-heading\">Prameny:<\/h6>\n\n\n\n<p class=\"has-small-font-size\">Yolanda Pierce,&nbsp;<em>In My Grandmother\u2019s House: Black Women, Faith, and the Stories We Inherit&nbsp;<\/em>(Broadleaf Books, 2023), 143\u2013144, 145.&nbsp;&nbsp;<\/p>\n\n\n\n<p class=\"has-small-font-size\"><strong>Image credit and inspiration<\/strong>: Debby Hudson,&nbsp;<em>untitled&nbsp;<\/em>(detail), 2018, photo,&nbsp;<a href=\"https:\/\/email.cac.org\/t\/d-l-gjulidd-tlkrhyidn-o\/\">Unsplash<\/a>.&nbsp;<a href=\"https:\/\/email.cac.org\/t\/d-l-gjulidd-tlkrhyidn-b\/\">Click here to enlarge image<\/a>.<em>&nbsp;The silhouette of the person with hands open to the sky visually embodies gratitude as a recognition of life\u2019s gift, showing how grace flows inward and outward, connecting self, community, and the divine.<\/em>&nbsp;<\/p>\n","protected":false},"excerpt":{"rendered":"<p>Vd\u011b\u010dnost: Byla jsem tak\u00e9 tou, kter\u00e1 se vr\u00e1tila a vrhla se k noh\u00e1m t\u011bch, kte\u0159\u00ed mi tak bohat\u011b po\u017eehnali. N\u011bkdy jsem dbala rady sv\u00e9 babi\u010dky, abych \u201ed\u00e1vala ostatn\u00edm kv\u011btiny, dokud je\u0161t\u011b \u017eij\u00ed\u201c. A\u0165 u\u017e skute\u010dn\u00fdmi kv\u011btinami nebo slovy chv\u00e1ly, n\u011bkdy jsem si vzpomn\u011bla vr\u00e1tit vd\u011b\u010dnost t\u011bm u\u010ditel\u016fm, soused\u016fm nebo koleg\u016fm, kte\u0159\u00ed po\u017eehnali m\u016fj \u017eivot, i kdy\u017e o tom nev\u011bd\u011bli. <\/p>\n","protected":false},"author":1,"featured_media":13445,"comment_status":"open","ping_status":"open","sticky":false,"template":"","format":"standard","meta":{"footnotes":""},"categories":[198],"tags":[2435,2437,2436],"class_list":["post-13452","post","type-post","status-publish","format-standard","has-post-thumbnail","hentry","category-richard-rohr-ofm-centrum-pro-zivot-a-rozjimani","tag-dekovat","tag-malomocny","tag-prijimat-vdecnost","latest_post"],"_links":{"self":[{"href":"https:\/\/www.frantiskani.cz\/index.php\/wp-json\/wp\/v2\/posts\/13452","targetHints":{"allow":["GET"]}}],"collection":[{"href":"https:\/\/www.frantiskani.cz\/index.php\/wp-json\/wp\/v2\/posts"}],"about":[{"href":"https:\/\/www.frantiskani.cz\/index.php\/wp-json\/wp\/v2\/types\/post"}],"author":[{"embeddable":true,"href":"https:\/\/www.frantiskani.cz\/index.php\/wp-json\/wp\/v2\/users\/1"}],"replies":[{"embeddable":true,"href":"https:\/\/www.frantiskani.cz\/index.php\/wp-json\/wp\/v2\/comments?post=13452"}],"version-history":[{"count":1,"href":"https:\/\/www.frantiskani.cz\/index.php\/wp-json\/wp\/v2\/posts\/13452\/revisions"}],"predecessor-version":[{"id":13453,"href":"https:\/\/www.frantiskani.cz\/index.php\/wp-json\/wp\/v2\/posts\/13452\/revisions\/13453"}],"wp:featuredmedia":[{"embeddable":true,"href":"https:\/\/www.frantiskani.cz\/index.php\/wp-json\/wp\/v2\/media\/13445"}],"wp:attachment":[{"href":"https:\/\/www.frantiskani.cz\/index.php\/wp-json\/wp\/v2\/media?parent=13452"}],"wp:term":[{"taxonomy":"category","embeddable":true,"href":"https:\/\/www.frantiskani.cz\/index.php\/wp-json\/wp\/v2\/categories?post=13452"},{"taxonomy":"post_tag","embeddable":true,"href":"https:\/\/www.frantiskani.cz\/index.php\/wp-json\/wp\/v2\/tags?post=13452"}],"curies":[{"name":"wp","href":"https:\/\/api.w.org\/{rel}","templated":true}]}}