{"id":13456,"date":"2025-11-25T09:19:34","date_gmt":"2025-11-25T08:19:34","guid":{"rendered":"https:\/\/www.frantiskani.cz\/?p=13456"},"modified":"2025-11-25T09:19:37","modified_gmt":"2025-11-25T08:19:37","slug":"za-vsech-okolnosti","status":"publish","type":"post","link":"https:\/\/www.frantiskani.cz\/index.php\/2025\/11\/25\/za-vsech-okolnosti\/","title":{"rendered":"Za v\u0161ech okolnost\u00ed"},"content":{"rendered":"\n<h6 class=\"wp-block-heading\">48. t\u00fdden: Procvi\u010dov\u00e1n\u00ed vd\u011b\u010dnosti-\u00dater\u00fd, 25. listopadu 2025<\/h6>\n\n\n\n<p><em>Brian McLaren zd\u016fraz\u0148uje, jak je vd\u011b\u010dnost opakuj\u00edc\u00edm se t\u00e9matem v evangeli\u00edch:<\/em><\/p>\n\n\n\n<h4 class=\"wp-block-heading\">I v utrpen\u00ed je d\u016fvod k vd\u011b\u010dnosti<\/h4>\n\n\n\n<p>Je\u017e\u00ed\u0161 jasn\u011b \u0159\u00edk\u00e1, \u017ee \u017eivot pro napln\u011bn\u00ed Bo\u017e\u00edho snu o stvo\u0159en\u00ed bude zahrnovat utrpen\u00ed. Ale i zde Je\u017e\u00ed\u0161 nazna\u010duje, \u017ee existuje d\u016fvod k vd\u011b\u010dnosti. Vid\u00edme to v Blahoslavenstv\u00edch, Je\u017e\u00ed\u0161ov\u011b osmi\u010dlenn\u00e9 cest\u011b ke \u0161t\u011bst\u00ed (Matou\u0161 5:3\u201312). \u0158\u00edk\u00e1, \u017ee v chudob\u011b je po\u017eehn\u00e1n\u00ed; do t\u00e9 m\u00edry, do jak\u00e9 se v\u00e1m vyh\u00fdb\u00e1 syst\u00e9m, ve kter\u00e9m nikdy nem\u00e1te dost, pod\u00edl\u00edte se na Bo\u017e\u00edm snu. V bolesti ze ztr\u00e1ty je po\u017eehn\u00e1n\u00ed, proto\u017ee ve sv\u00e9m smutku zakou\u0161\u00edte Bo\u017e\u00ed \u00fat\u011bchu. \u0158\u00edk\u00e1, \u017ee v nespokojenosti s nespravedlnost\u00ed v na\u0161em sv\u011bt\u011b je po\u017eehn\u00e1n\u00ed; jak se Bo\u017e\u00ed spravedlnost st\u00e1le v\u00edce prosazuje, budete se c\u00edtit st\u00e1le v\u00edce napln\u011bni&#8230;<\/p>\n\n\n\n<h4 class=\"wp-block-heading\">Je\u017e\u00ed\u0161 trp\u011bl aby p\u0159inesl nad\u011bji a svobodu<\/h4>\n\n\n\n<p>S t\u011bmito protich\u016fdn\u00fdmi v\u00fdroky a podobn\u00fdmi n\u00e1s Je\u017e\u00ed\u0161 zapisuje do pokro\u010dil\u00fdch kurz\u016f ve \u0161kole vd\u011b\u010dnosti. Ukazuje n\u00e1m nev\u00fdhody v\u00fdhod a v\u00fdhody nev\u00fdhod. Tento paradox nejdramati\u010dt\u011bji vyj\u00e1d\u0159\u00ed svou vlastn\u00ed smrt\u00ed; jeho utrpen\u00ed a uk\u0159i\u017eov\u00e1n\u00ed nakonec p\u0159inesou nad\u011bji a svobodu cel\u00e9mu lidstvu, nad\u011bji a svobodu, kter\u00e9 by jinak nemohly p\u0159ij\u00edt. Zde je tedy nejhlub\u0161\u00ed lekce vd\u011b\u010dnosti.<\/p>\n\n\n\n<h4 class=\"wp-block-heading\">Vd\u011b\u010dn\u00ed v&nbsp;dobr\u00fdch i zl\u00fdch \u010dasech<\/h4>\n\n\n\n<p>M\u00e1me b\u00fdt vd\u011b\u010dn\u00ed nejen v dobr\u00fdch \u010dasech, ale i v t\u011bch \u0161patn\u00fdch; b\u00fdt vd\u011b\u010dn\u00ed nejen v hojnosti, ale i v nouzi; zachov\u00e1vat vd\u011b\u010dnost nejen ve sm\u00edchu, ale i v slz\u00e1ch a smutku. Jeden z Je\u017e\u00ed\u0161ov\u00fdch n\u00e1sledovn\u00edk\u016f \u0159\u00edk\u00e1, \u017ee bychom se m\u011bli radovat i z zkou\u0161ek, proto\u017ee skrze zkou\u0161ky p\u0159ich\u00e1z\u00ed trp\u011blivost, charakter a moudrost (Jakub 1:2\u20133). A jin\u00fd \u0159\u00edk\u00e1: \u201eNau\u010dil jsem se b\u00fdt spokojen\u00fd s t\u00edm, co m\u00e1m\u201c (Filipsk\u00fdm 4:11), tak\u017ee m\u016f\u017ee pou\u010dovat: \u201eZa v\u0161ech okolnost\u00ed d\u011bkujte\u201c (1. Tesalonick\u00fdm 5:18).<\/p>\n\n\n\n<h4 class=\"wp-block-heading\">Za v\u0161ech okolnost\u00ed<\/h4>\n\n\n\n<p>Slova \u201eza v\u0161ech okolnost\u00ed\u201c by samoz\u0159ejm\u011b nem\u011bla b\u00fdt zam\u011b\u0148ov\u00e1na se slovy \u201epro v\u0161echny okolnosti\u201c. Ale nem\u011bla by b\u00fdt ani z\u00fa\u017eena na v\u00fdznam \u201ev snadn\u00fdch okolnostech\u201c. I v bolesti m\u016f\u017eeme naj\u00edt m\u00edsto pro vd\u011b\u010dnost, m\u00edsto, kde vedle utrpen\u00ed ze ztr\u00e1ty st\u00e1le po\u010d\u00edt\u00e1me a v\u00e1\u017e\u00edme si toho, co n\u00e1m z\u016fstalo&#8230;<\/p>\n\n\n\n<h4 class=\"wp-block-heading\">I kdy\u017e ztrat\u00ed v\u0161echno \u2013 m\u00edt nacvi\u010den\u00fd zvyk vd\u011b\u010dnosti<\/h4>\n\n\n\n<p>M\u016f\u017eete ztratit milovan\u00e9ho \u010dlov\u011bka nebo jeden aspekt sv\u00e9ho fyzick\u00e9ho zdrav\u00ed za druh\u00fdm, ale st\u00e1le m\u016f\u017eete b\u00fdt vd\u011b\u010dn\u00ed za to, co v\u00e1m zbylo. A co kdy\u017e ztrat\u00edte je\u0161t\u011b v\u00edc a v\u00edc a v\u00edc, kdy\u017e se \u0161patn\u00e9 stane je\u0161t\u011b hor\u0161\u00edm? Mo\u017en\u00e1 se v ur\u010dit\u00e9m okam\u017eiku v\u0161ichni dostaneme do zoufalstv\u00ed, ale moje tu\u0161en\u00ed je \u2013 a douf\u00e1m, \u017ee to nikdy nebudu muset dokazovat ve sv\u00e9m vlastn\u00edm \u017eivot\u011b, ale mo\u017en\u00e1 budu, jako ka\u017ed\u00fd z n\u00e1s \u2013 \u017ee i kdy\u017e \u010dlov\u011bk ztrat\u00ed v\u0161echno, st\u00e1le m\u016f\u017ee zachovat sv\u016fj postoj, sv\u016fj nacvi\u010den\u00fd zvyk vd\u011b\u010dnosti, obr\u00e1tit se k Bohu v ag\u00f3nii podobn\u00e9 Jobov\u011b a \u0159\u00edci: \u201eZa tento dech d\u011bkuji. D\u011bkuji za tuto slzu. D\u011bkuji za vzpom\u00ednku na n\u011bco, co jsem kdysi m\u011bl r\u00e1d, ale nyn\u00ed jsem ztratil. D\u011bkuji za schopnost nehn\u011bvat se nad t\u00edm, co mi bylo vzato, ale radovat se z toho, co mi bylo kdysi d\u00e1no.\u201c<\/p>\n\n\n\n<p class=\"has-small-font-size\"><em>Translated with DeepL.com (free version)<\/em><\/p>\n\n\n\n<h6 class=\"wp-block-heading\">Prameny:<\/h6>\n\n\n\n<p class=\"has-small-font-size\">Brian D. McLaren,&nbsp;<em>Naked Spirituality: A Life with God in 12 Simple Words&nbsp;<\/em>(HarperOne, 2011), 59, 60.&nbsp;<\/p>\n\n\n\n<p class=\"has-small-font-size\"><strong>Image credit and inspiration<\/strong>: Debby Hudson,&nbsp;<em>untitled&nbsp;<\/em>(detail), 2018, photo,&nbsp;<a href=\"https:\/\/email.cac.org\/t\/d-l-gjuldo-tlkrhyidn-o\/\">Unsplash<\/a>.&nbsp;<a href=\"https:\/\/email.cac.org\/t\/d-l-gjuldo-tlkrhyidn-b\/\">Click here to enlarge image<\/a>.<em>&nbsp;The silhouette of the&nbsp;person with hands open to the sky visually embodies gratitude as a recognition of life\u2019s gift, showing how grace flows inward and outward, connecting self, community, and the divine.<\/em>&nbsp;<\/p>\n","protected":false},"excerpt":{"rendered":"<p>M\u00e1me b\u00fdt vd\u011b\u010dn\u00ed nejen v dobr\u00fdch \u010dasech, ale i v t\u011bch \u0161patn\u00fdch; b\u00fdt vd\u011b\u010dn\u00ed nejen v hojnosti, ale i v nouzi; zachov\u00e1vat vd\u011b\u010dnost nejen ve sm\u00edchu, ale i v slz\u00e1ch a smutku. Jeden z Je\u017e\u00ed\u0161ov\u00fdch n\u00e1sledovn\u00edk\u016f \u0159\u00edk\u00e1, \u017ee bychom se m\u011bli radovat i z zkou\u0161ek, proto\u017ee skrze zkou\u0161ky p\u0159ich\u00e1z\u00ed trp\u011blivost, charakter a moudrost (Jakub 1:2\u20133). A jin\u00fd \u0159\u00edk\u00e1: \u201eNau\u010dil jsem se b\u00fdt spokojen\u00fd s t\u00edm, co m\u00e1m\u201c (Filipsk\u00fdm 4:11), tak\u017ee m\u016f\u017ee pou\u010dovat: \u201eZa v\u0161ech okolnost\u00ed d\u011bkujte\u201c (1. Tesalonick\u00fdm 5:18).<\/p>\n","protected":false},"author":1,"featured_media":13445,"comment_status":"open","ping_status":"open","sticky":false,"template":"","format":"standard","meta":{"footnotes":""},"categories":[198],"tags":[2435,2097,528],"class_list":["post-13456","post","type-post","status-publish","format-standard","has-post-thumbnail","hentry","category-richard-rohr-ofm-centrum-pro-zivot-a-rozjimani","tag-dekovat","tag-spokojenost","tag-vdecnost","latest_post"],"_links":{"self":[{"href":"https:\/\/www.frantiskani.cz\/index.php\/wp-json\/wp\/v2\/posts\/13456","targetHints":{"allow":["GET"]}}],"collection":[{"href":"https:\/\/www.frantiskani.cz\/index.php\/wp-json\/wp\/v2\/posts"}],"about":[{"href":"https:\/\/www.frantiskani.cz\/index.php\/wp-json\/wp\/v2\/types\/post"}],"author":[{"embeddable":true,"href":"https:\/\/www.frantiskani.cz\/index.php\/wp-json\/wp\/v2\/users\/1"}],"replies":[{"embeddable":true,"href":"https:\/\/www.frantiskani.cz\/index.php\/wp-json\/wp\/v2\/comments?post=13456"}],"version-history":[{"count":1,"href":"https:\/\/www.frantiskani.cz\/index.php\/wp-json\/wp\/v2\/posts\/13456\/revisions"}],"predecessor-version":[{"id":13457,"href":"https:\/\/www.frantiskani.cz\/index.php\/wp-json\/wp\/v2\/posts\/13456\/revisions\/13457"}],"wp:featuredmedia":[{"embeddable":true,"href":"https:\/\/www.frantiskani.cz\/index.php\/wp-json\/wp\/v2\/media\/13445"}],"wp:attachment":[{"href":"https:\/\/www.frantiskani.cz\/index.php\/wp-json\/wp\/v2\/media?parent=13456"}],"wp:term":[{"taxonomy":"category","embeddable":true,"href":"https:\/\/www.frantiskani.cz\/index.php\/wp-json\/wp\/v2\/categories?post=13456"},{"taxonomy":"post_tag","embeddable":true,"href":"https:\/\/www.frantiskani.cz\/index.php\/wp-json\/wp\/v2\/tags?post=13456"}],"curies":[{"name":"wp","href":"https:\/\/api.w.org\/{rel}","templated":true}]}}