{"id":13476,"date":"2025-11-27T08:21:42","date_gmt":"2025-11-27T07:21:42","guid":{"rendered":"https:\/\/www.frantiskani.cz\/?p=13476"},"modified":"2025-11-27T08:21:45","modified_gmt":"2025-11-27T07:21:45","slug":"praxe-vdecnosti","status":"publish","type":"post","link":"https:\/\/www.frantiskani.cz\/index.php\/2025\/11\/27\/praxe-vdecnosti\/","title":{"rendered":"Praxe vd\u011b\u010dnosti"},"content":{"rendered":"\n<h6 class=\"wp-block-heading\">48. t\u00fdden: Procvi\u010dov\u00e1n\u00ed vd\u011b\u010dnosti-\u010ctvrtek, 27. listopadu 2025-Den d\u00edk\u016fvzd\u00e1n\u00ed (USA)<\/h6>\n\n\n\n<p><em>Vd\u011b\u010dnost je nejsiln\u011bj\u0161\u00ed, nejjasn\u011bj\u0161\u00ed, nejrobustn\u011bj\u0161\u00ed a nejradik\u00e1ln\u011bj\u0161\u00ed, kdy\u017e jsou v\u011bci opravdu t\u011b\u017ek\u00e9. \u2014Diana Butler Bass, Grateful<\/em><\/p>\n\n\n\n<p><em>V dob\u011b krize se histori\u010dka a autorka Diana Butler Bass pod\u011blila o svou zku\u0161enost s praktikov\u00e1n\u00edm vd\u011b\u010dnosti:<\/em><\/p>\n\n\n\n<h4 class=\"wp-block-heading\">D\u011bkuji cel\u00fd den<\/h4>\n\n\n\n<p>Ud\u011blala jsem jedinou v\u011bc, kter\u00e1 m\u011b napadla \u2013 prost\u011b jsem cel\u00fd den \u0159\u00edkala \u201ed\u011bkuji\u201c. Probudila jsem se kr\u00e1tkou modlitbou: \u201eD\u011bkuji, \u017ee jsem na\u017eivu.\u201c Dala jsem si k\u00e1vu a sn\u00eddani: \u201eD\u011bkuji za toto j\u00eddlo, za tento den.\u201c Pod\u00edvala jsem se z okna: \u201eD\u011bkuji za slune\u010dn\u00ed svit.\u201c \u0160la jsem do sv\u00e9 kancel\u00e1\u0159e: \u201eD\u011bkuji za slova, za pr\u00e1ci.\u201c\u2026&nbsp;<\/p>\n\n\n\n<h4 class=\"wp-block-heading\">Nic neberu jako samoz\u0159ejmost<\/h4>\n\n\n\n<p>I kdy\u017e jde o vd\u011b\u010dnost, n\u011bkdy mus\u00edte vz\u00edt to, co dostanete. Nic jsem nebrala jako samoz\u0159ejmost\u2026. B\u011bhem n\u011bkolika t\u00fddn\u016f jsem d\u00edky sv\u00fdm ne\u0161\u0165astn\u00fdm modlitb\u00e1m objevila n\u011bco zcela neo\u010dek\u00e1van\u00e9ho: vd\u011b\u010dnost, stejn\u011b jako \u00faroky, se s\u010d\u00edt\u00e1. Tato jednoduch\u00e1 forma d\u011bkov\u00e1n\u00ed m\u011b donutila v\u011bnovat pozornost a za\u010d\u00edt hledat konkr\u00e9tn\u00ed d\u016fvody, pro\u010d b\u00fdt vd\u011b\u010dn\u00fd. V\u017edycky se najdou d\u016fvody k nevd\u011bku. V\u017edycky. Hled\u00e1n\u00ed mal\u00fdch v\u011bc\u00ed, za kter\u00e9 jsem mohla b\u00fdt vd\u011b\u010dn\u00e1, v\u0161ak zm\u011bnilo m\u00e9 duchovn\u00ed a emocion\u00e1ln\u00ed vn\u00edm\u00e1n\u00ed. Nau\u010dila jsem se nesoust\u0159edit se na to, co mi chyb\u011blo&#8230;&nbsp;<\/p>\n\n\n\n<h4 class=\"wp-block-heading\">P\u0159ij\u00edmat i ztr\u00e1ty<\/h4>\n\n\n\n<p>Vd\u011b\u010dnost nen\u00ed formou pasivn\u00edho p\u0159ijet\u00ed nebo spoluviny. Je to sp\u00ed\u0161e schopnost pod\u00edvat se pochybnostem, ztr\u00e1t\u00e1m, chaosu a zoufalstv\u00ed p\u0159\u00edmo do o\u010d\u00ed a \u0159\u00edct: \u201eJsem st\u00e1le tady.\u201c&nbsp;<\/p>\n\n\n\n<p>Butler Bass popisuje, jak n\u00e1s praktikov\u00e1n\u00ed vd\u011b\u010dnosti posiluje a o\u017eivuje:<\/p>\n\n\n\n<h4 class=\"wp-block-heading\">Vd\u011b\u010dnost je podstata \u017eivota<\/h4>\n\n\n\n<p>Vd\u011b\u010dnost je jak\u00fdsi druh vzdoru, vzdoru laskavosti tv\u00e1\u0159\u00ed v tv\u00e1\u0159 hn\u011bvu, vzdoru spojen\u00ed tv\u00e1\u0159\u00ed v tv\u00e1\u0159 rozd\u011blen\u00ed a vzdoru nad\u011bje tv\u00e1\u0159\u00ed v tv\u00e1\u0159 strachu. Vd\u011b\u010dnost se nevzd\u00e1v\u00e1 zlu \u2013 vzdoruje zlu &#8230; t\u00edm, \u017ee podkop\u00e1v\u00e1 jeho z\u00e1klady hn\u011bvu, z\u00e1\u0161ti a chamtivosti. Vd\u011b\u010dnost tak posiluje n\u00e1\u0161 charakter a mor\u00e1ln\u00ed odhodl\u00e1n\u00ed a d\u00e1v\u00e1 ka\u017ed\u00e9mu z n\u00e1s mo\u017enost \u017e\u00edt pokojn\u011b a spravedliv\u011b. Rozpl\u00e9t\u00e1 zamotan\u00e1 srdce a probouz\u00ed v n\u00e1s nov\u00fd pocit toho, k\u00fdm jsme jako jednotlivci a jako spole\u010denstv\u00ed. B\u00fdt vd\u011b\u010dn\u00fd je samotnou podstatou toho, co to znamen\u00e1 b\u00fdt na\u017eivu a poznat \u017eivot v hojnosti.&nbsp;<\/p>\n\n\n\n<h4 class=\"wp-block-heading\">Vd\u011b\u010dnost d\u00e1v\u00e1 \u017eivotu nov\u00fd p\u0159\u00edb\u011bh<\/h4>\n\n\n\n<p>Vd\u011b\u010dnost nen\u00ed psychologick\u00fdm nebo politick\u00fdm v\u0161el\u00e9kem, jako je sekul\u00e1rn\u00ed evangelium prosperity, kter\u00e9 pop\u00edr\u00e1 bolest nebo p\u0159ehl\u00ed\u017e\u00ed nespravedlnost, proto\u017ee vd\u011b\u010dnost nic \u201eneoprav\u00ed\u201c. Bolest, utrpen\u00ed a nespravedlnost \u2013 to v\u0161e jsou skute\u010dn\u00e9 v\u011bci. Nezmiz\u00ed. Vd\u011b\u010dnost v\u0161ak vyvrac\u00ed fale\u0161n\u00fd p\u0159\u00edb\u011bh, \u017ee tyto v\u011bci jsou souhrnem lidsk\u00e9 existence, \u017ee zoufalstv\u00ed je posledn\u00edm slovem. Vd\u011b\u010dnost n\u00e1m d\u00e1v\u00e1 nov\u00fd p\u0159\u00edb\u011bh. Otev\u00edr\u00e1 n\u00e1m o\u010di, abychom vid\u011bli, \u017ee ka\u017ed\u00fd \u017eivot je jedine\u010dn\u00fdm a d\u016fstojn\u00fdm zp\u016fsobem obda\u0159en milost\u00ed: \u017eivoty chud\u00fdch, vyvrhel\u016f, nemocn\u00fdch, v\u011bz\u0148\u016f, vyhnanc\u016f, t\u00fdran\u00fdch, zapomenut\u00fdch i t\u011bch, kte\u0159\u00ed \u017eij\u00ed v pohodln\u011bj\u0161\u00edch fyzick\u00fdch podm\u00ednk\u00e1ch. V\u00e1\u0161 \u017eivot. M\u016fj \u017eivot. V\u0161ichni sd\u00edl\u00edme ten nejvy\u0161\u0161\u00ed dar \u2013 \u017eivot samotn\u00fd. Spole\u010dn\u011b. Pr\u00e1v\u011b te\u010f&#8230;<\/p>\n\n\n\n<h4 class=\"wp-block-heading\">B\u00fdt vd\u011b\u010dn\u00ed spole\u010dn\u011b<\/h4>\n\n\n\n<p>Vd\u011b\u010dnost n\u00e1s vyb\u00edz\u00ed, abychom se posadili spole\u010dn\u011b a p\u0159edstavili si sv\u011bt jako st\u016fl pohostinnosti. Abychom se navz\u00e1jem krmili. Abychom hodovali a tan\u010dili v ulic\u00edch. Abychom poznali a oslavili hojnost.<\/p>\n\n\n\n<p class=\"has-small-font-size\"><em>Translated with DeepL.com (free version)<\/em><\/p>\n\n\n\n<h6 class=\"wp-block-heading\">Prameny:<\/h6>\n\n\n\n<p class=\"has-small-font-size\">Diana Butler Bass,&nbsp;<em>Grateful: The Transformative Power of Giving Thanks<\/em>&nbsp;(HarperOne, 2018), 184\u2013186.&nbsp;&nbsp;<\/p>\n\n\n\n<p class=\"has-small-font-size\"><strong>Image credit and inspiration<\/strong>: Debby Hudson,&nbsp;<em>untitled&nbsp;<\/em>(detail), 2018, photo,&nbsp;<a href=\"https:\/\/email.cac.org\/t\/d-l-gjuldut-tlkrhyidn-u\/\">Unsplash<\/a>.&nbsp;<a href=\"https:\/\/email.cac.org\/t\/d-l-gjuldut-tlkrhyidn-o\/\">Click here to enlarge image<\/a>.<em>&nbsp;The&nbsp;silhouette of the person with hands open to the sky visually embodies gratitude as a recognition of life\u2019s gift, showing how grace flows inward and outward, connecting self, community, and the divine.<\/em>&nbsp;<\/p>\n","protected":false},"excerpt":{"rendered":"<p>Bolest, utrpen\u00ed a nespravedlnost \u2013 to v\u0161e jsou skute\u010dn\u00e9 v\u011bci. Nezmiz\u00ed. Vd\u011b\u010dnost v\u0161ak vyvrac\u00ed fale\u0161n\u00fd p\u0159\u00edb\u011bh, \u017ee tyto v\u011bci jsou souhrnem lidsk\u00e9 existence, \u017ee zoufalstv\u00ed je posledn\u00edm slovem. Vd\u011b\u010dnost n\u00e1m d\u00e1v\u00e1 nov\u00fd p\u0159\u00edb\u011bh. Otev\u00edr\u00e1 n\u00e1m o\u010di, abychom vid\u011bli, \u017ee ka\u017ed\u00fd \u017eivot je jedine\u010dn\u00fdm a d\u016fstojn\u00fdm zp\u016fsobem obda\u0159en milost\u00ed<\/p>\n","protected":false},"author":1,"featured_media":13445,"comment_status":"open","ping_status":"open","sticky":false,"template":"","format":"standard","meta":{"footnotes":""},"categories":[198],"tags":[2435,2438,528],"class_list":["post-13476","post","type-post","status-publish","format-standard","has-post-thumbnail","hentry","category-richard-rohr-ofm-centrum-pro-zivot-a-rozjimani","tag-dekovat","tag-prijeti-2","tag-vdecnost","latest_post"],"_links":{"self":[{"href":"https:\/\/www.frantiskani.cz\/index.php\/wp-json\/wp\/v2\/posts\/13476","targetHints":{"allow":["GET"]}}],"collection":[{"href":"https:\/\/www.frantiskani.cz\/index.php\/wp-json\/wp\/v2\/posts"}],"about":[{"href":"https:\/\/www.frantiskani.cz\/index.php\/wp-json\/wp\/v2\/types\/post"}],"author":[{"embeddable":true,"href":"https:\/\/www.frantiskani.cz\/index.php\/wp-json\/wp\/v2\/users\/1"}],"replies":[{"embeddable":true,"href":"https:\/\/www.frantiskani.cz\/index.php\/wp-json\/wp\/v2\/comments?post=13476"}],"version-history":[{"count":1,"href":"https:\/\/www.frantiskani.cz\/index.php\/wp-json\/wp\/v2\/posts\/13476\/revisions"}],"predecessor-version":[{"id":13477,"href":"https:\/\/www.frantiskani.cz\/index.php\/wp-json\/wp\/v2\/posts\/13476\/revisions\/13477"}],"wp:featuredmedia":[{"embeddable":true,"href":"https:\/\/www.frantiskani.cz\/index.php\/wp-json\/wp\/v2\/media\/13445"}],"wp:attachment":[{"href":"https:\/\/www.frantiskani.cz\/index.php\/wp-json\/wp\/v2\/media?parent=13476"}],"wp:term":[{"taxonomy":"category","embeddable":true,"href":"https:\/\/www.frantiskani.cz\/index.php\/wp-json\/wp\/v2\/categories?post=13476"},{"taxonomy":"post_tag","embeddable":true,"href":"https:\/\/www.frantiskani.cz\/index.php\/wp-json\/wp\/v2\/tags?post=13476"}],"curies":[{"name":"wp","href":"https:\/\/api.w.org\/{rel}","templated":true}]}}