{"id":13492,"date":"2025-11-29T09:37:14","date_gmt":"2025-11-29T08:37:14","guid":{"rendered":"https:\/\/www.frantiskani.cz\/?p=13492"},"modified":"2025-11-29T09:37:17","modified_gmt":"2025-11-29T08:37:17","slug":"procvicovani-vdecnosti","status":"publish","type":"post","link":"https:\/\/www.frantiskani.cz\/index.php\/2025\/11\/29\/procvicovani-vdecnosti\/","title":{"rendered":"Procvi\u010dov\u00e1n\u00ed vd\u011b\u010dnosti"},"content":{"rendered":"\n<h6 class=\"wp-block-heading\">Sobota, 29. listopadu 2025-Shrnut\u00ed 48. t\u00fddne-23. listopadu \u2013 28. listopadu 2025<\/h6>\n\n\n\n<h4 class=\"wp-block-heading\">Ned\u011ble<\/h4>\n\n\n\n<p>V\u0161ichni skute\u010dn\u011b velc\u00ed lid\u00e9, kter\u00e9 jsem kdy potkal, se vyzna\u010duj\u00ed t\u00edm, co bych nazval radik\u00e1ln\u00ed pokorou a vd\u011b\u010dnost\u00ed.\u2014Richard Rohr<\/p>\n\n\n\n<h4 class=\"wp-block-heading\">Pond\u011bl\u00ed<\/h4>\n\n\n\n<p>Nic m\u011b nepon\u00ed\u017eilo v\u00edc ne\u017e b\u00fdt p\u0159\u00edjemcem n\u011b\u010d\u00ed vd\u011b\u010dnosti. V tu chv\u00edli jsem skute\u010dn\u011b pochopil s\u00edlu vd\u011b\u010dnosti. P\u0159\u00edjemce byl po\u017eehn\u00e1n a jeho projev vd\u011b\u010dnosti poko\u0159il a po\u017eehnal d\u00e1rci.&nbsp; \u2014Yolanda Pierce<\/p>\n\n\n\n<h4 class=\"wp-block-heading\">\u00dater\u00fd<\/h4>\n\n\n\n<p>I v bolesti m\u016f\u017eeme naj\u00edt m\u00edsto pro vd\u011b\u010dnost, m\u00edsto, kde vedle utrpen\u00ed ze ztr\u00e1ty st\u00e1le po\u010d\u00edt\u00e1me a v\u00e1\u017e\u00edme si toho, co n\u00e1m z\u016fstalo. \u2014Brian D. McLaren<\/p>\n\n\n\n<h4 class=\"wp-block-heading\">St\u0159eda<\/h4>\n\n\n\n<p>Kdy\u017e pln\u011bji pochop\u00edme milost, kterou jsme obdr\u017eeli, jsme schopni se obr\u00e1tit navenek s vd\u011b\u010dnost\u00ed a \u0161t\u011bdrost\u00ed. Vd\u011b\u010dnost se st\u00e1v\u00e1 \u201ena\u0161\u00edm domovem v p\u0159\u00edtomnosti Boha\u201c. \u2014Christine D. Pohl<\/p>\n\n\n\n<h4 class=\"wp-block-heading\">\u010ctvrtek<\/h4>\n\n\n\n<p>Vd\u011b\u010dnost nen\u00ed formou pasivn\u00edho p\u0159ijet\u00ed nebo spoluviny. Je to sp\u00ed\u0161e schopnost pod\u00edvat se pochybnostem, ztr\u00e1t\u011b, chaosu a zoufalstv\u00ed p\u0159\u00edmo do o\u010d\u00ed a \u0159\u00edct: \u201eJsem st\u00e1le tady.\u201c&nbsp; \u2014Diana Butler Bass<\/p>\n\n\n\n<h4 class=\"wp-block-heading\">P\u00e1tek<\/h4>\n\n\n\n<p>Jedin\u00fdm zp\u016fsobem, jak pos\u00edlit autentickou spiritualitu, je z\u00e1m\u011brn\u011b praktikovat skute\u010dn\u00e9 u\u017e\u00edv\u00e1n\u00ed si pozitivn\u00ed reakce a vd\u011b\u010dn\u00e9ho srdce.&nbsp; \u2014Richard Rohr<\/p>\n\n\n\n<h1 class=\"wp-block-heading\">Modlitba s oby\u010dejn\u00fdmi v\u011bcmi<\/h1>\n\n\n\n<h5 class=\"wp-block-heading\">\u010cty\u0159ic\u00e1t\u00fd osm\u00fd t\u00fdden Cvi\u010den\u00ed<\/h5>\n\n\n\n<p><em>Episkop\u00e1ln\u00ed kn\u011b\u017eka Laurie Brockov\u00e1 n\u00e1s vyb\u00edz\u00ed k zamy\u0161len\u00ed nad na\u0161\u00edm vztahem k v\u011bcem, kter\u00e9 pou\u017e\u00edv\u00e1me ka\u017ed\u00fd den, a nad t\u00edm, jak n\u00e1m vd\u011b\u010dnost m\u016f\u017ee pomoci objevit jejich posv\u00e1tn\u00fd v\u00fdznam:<\/em><\/p>\n\n\n\n<h4 class=\"wp-block-heading\">Hmota<\/h4>\n\n\n\n<p>My lid\u00e9 pot\u0159ebujeme v\u011bci. Pot\u0159ebujeme p\u0159edm\u011bty, objekty a v\u011bci, kter\u00e9 m\u016f\u017eeme uchopit, dotknout se jich, vz\u00edt do ruky a dokonce se jich strachovat, aby n\u00e1m p\u0159ipom\u00ednaly, \u017ee jsme tady a \u017ee B\u016fh je tady. V\u011bci jsou v\u017edy v\u011bcmi, ale m\u00e1lokdy jsou jen v\u011bcmi&#8230;&nbsp;<\/p>\n\n\n\n<h4 class=\"wp-block-heading\">Citov\u00fd v\u00fdznam hmoty<\/h4>\n\n\n\n<p>V\u011bt\u0161ina z n\u00e1s by ud\u011blala dob\u0159e, kdyby m\u011bla m\u00e9n\u011b v\u011bc\u00ed, ale mo\u017en\u00e1 by bylo lep\u0161\u00ed vkl\u00e1dat do t\u011bchto p\u0159edm\u011bt\u016f v\u00edce v\u00fdznamu, ne\u017e m\u00e9n\u011b. Proto\u017ee n\u011bkter\u00e9 v\u011bci jsou v\u00edce ne\u017e jen v\u011bci, \u017ee? Obsahuj\u00ed n\u011bco z na\u0161ich pocit\u016f, na\u0161ich nad\u011bj\u00ed a o\u010dek\u00e1v\u00e1n\u00ed, na\u0161eho smutku a vzpom\u00ednek, dokonce i na\u0161\u00ed v\u00edry. [1]<\/p>\n\n\n\n<p><em>Brockov\u00e1 nab\u00edz\u00ed tuto modlitbu a reflexi:<\/em><\/p>\n\n\n\n<h4 class=\"wp-block-heading\">Modlitba za hmotu<\/h4>\n\n\n\n<p>V\u0161emohouc\u00ed Bo\u017ee, kter\u00fd stvo\u0159il v\u0161e, co existuje, a dal n\u00e1m v\u0161e, co m\u00e1me: d\u011bkuji ti za p\u0159edm\u011bty na\u0161eho ka\u017edodenn\u00edho \u017eivota. Dej, a\u0165 v nich vid\u00edm tvou svatost, kter\u00e1 je \u010dasto p\u0159\u00edtomna v oby\u010dejn\u00e9m a b\u011b\u017en\u00e9m. Dovol mi v\u00e1\u017eit si v\u011bc\u00ed, kter\u00e9 zapom\u00edn\u00e1m vn\u00edmat, proto\u017ee jsou tak p\u0159\u00edtomn\u00e9 v m\u00e9m ka\u017edodenn\u00edm \u017eivot\u011b. Dej mi milost, abych je ocenil, vid\u011bl a v\u00e1\u017eil si jich. Amen.&nbsp;<\/p>\n\n\n\n<h4 class=\"wp-block-heading\">Vztah k hmot\u011b<\/h4>\n\n\n\n<p>Jak\u00e9 jsou b\u011b\u017en\u00e9 v\u011bci ve va\u0161em ka\u017edodenn\u00edm \u017eivot\u011b, kter\u00e9 \u010dasto p\u0159ehl\u00ed\u017e\u00edte? Posa\u010fte se na klidn\u00e9m m\u00edst\u011b ve sv\u00e9m dom\u011b, kancel\u00e1\u0159i nebo dokonce venku, nechte sv\u016fj pohled bloudit a v\u0161imn\u011bte si n\u011bkolika p\u0159edm\u011bt\u016f. Pomalu zam\u011b\u0159te svou pozornost na jeden z nich. Jak\u00fd \u00fakol nebo pr\u00e1ci v\u00e1m pom\u00e1h\u00e1 vykonat? Jak v\u00e1m pom\u00e1h\u00e1 ve va\u0161em ka\u017edodenn\u00edm \u017eivot\u011b? Jak\u00e9 v\u00fdzvy by se bez tohoto p\u0159edm\u011btu objevily?&nbsp;<\/p>\n\n\n\n<h4 class=\"wp-block-heading\">Hodnota oby\u010dejnosti<\/h4>\n\n\n\n<p>Zam\u011b\u0159te sv\u00e9 my\u0161lenky na svou v\u00edru. Kter\u00e9 \u010d\u00e1sti va\u0161\u00ed v\u00edry se snadno p\u0159ehl\u00ed\u017eej\u00ed? Mo\u017en\u00e1 je to modlitba, kterou jste opakovali mnohokr\u00e1t, nebo hymnus, kter\u00fd jste sly\u0161eli tolikr\u00e1t, \u017ee u\u017e nev\u011bnujete pozornost slov\u016fm. Mo\u017en\u00e1 je to rutina, jako je zapalov\u00e1n\u00ed sv\u00ed\u010dek p\u0159ed bohoslu\u017ebou. Jak v\u00e1m p\u0159edm\u011bt, kter\u00fd pr\u00e1v\u011b vid\u00edte, p\u0159ipom\u00edn\u00e1 hodnotu oby\u010dejnosti a rutiny ve va\u0161\u00ed v\u00ed\u0159e? Jak v\u00e1m oby\u010dejnost pom\u00e1h\u00e1 pro\u017e\u00edvat Boha? Jak m\u016f\u017eete vyj\u00e1d\u0159it vd\u011b\u010dnost za tento p\u0159edm\u011bt? [2]<\/p>\n\n\n\n<h6 class=\"wp-block-heading\">Prameny:<\/h6>\n\n\n\n<p class=\"has-small-font-size\">[1] Excerpted from&nbsp;<a href=\"https:\/\/email.cac.org\/t\/d-l-gjulhik-tlkrhyidn-x\/\"><em>Souvenirs of the Holy: Encountering God Through Everyday Objects<\/em><\/a>, by Laurie M. Brock. Copyright \u00a9 2025 Broadleaf Books. Reproduced by permission. Page 4.&nbsp;<\/p>\n\n\n\n<p class=\"has-small-font-size\">[2] Brock,&nbsp;<em>Souvenirs<\/em>, 187\u2013188.&nbsp;&nbsp;<\/p>\n\n\n\n<p class=\"has-small-font-size\"><strong>Image credit and inspiration<\/strong>: Debby Hudson,&nbsp;<em>untitled&nbsp;<\/em>(detail), 2018, photo,&nbsp;<a href=\"https:\/\/email.cac.org\/t\/d-l-gjulhik-tlkrhyidn-m\/\">Unsplash<\/a>.&nbsp;<a href=\"https:\/\/email.cac.org\/t\/d-l-gjulhik-tlkrhyidn-c\/\"><em>Click here to enlarge image<\/em><\/a>.<em>&nbsp;The silhouette of the person with hands open to the sky visually embodies gratitude as a recognition of life\u2019s gift, showing how grace flows inward and outward, connecting self, community, and the divine.<\/em>&nbsp;<\/p>\n","protected":false},"excerpt":{"rendered":"<p>Zam\u011b\u0159te sv\u00e9 my\u0161lenky na svou v\u00edru. Kter\u00e9 \u010d\u00e1sti va\u0161\u00ed v\u00edry se snadno p\u0159ehl\u00ed\u017eej\u00ed? Mo\u017en\u00e1 je to modlitba, kterou jste opakovali mnohokr\u00e1t, nebo hymnus, kter\u00fd jste sly\u0161eli tolikr\u00e1t, \u017ee u\u017e nev\u011bnujete pozornost slov\u016fm. Mo\u017en\u00e1 je to rutina, jako je zapalov\u00e1n\u00ed sv\u00ed\u010dek p\u0159ed bohoslu\u017ebou. Jak v\u00e1m p\u0159edm\u011bt, kter\u00fd pr\u00e1v\u011b vid\u00edte, p\u0159ipom\u00edn\u00e1 hodnotu oby\u010dejnosti a rutiny ve va\u0161\u00ed v\u00ed\u0159e? Jak v\u00e1m oby\u010dejnost pom\u00e1h\u00e1 pro\u017e\u00edvat Boha? Jak m\u016f\u017eete vyj\u00e1d\u0159it vd\u011b\u010dnost za tento p\u0159edm\u011bt? <\/p>\n","protected":false},"author":1,"featured_media":13445,"comment_status":"open","ping_status":"open","sticky":false,"template":"","format":"standard","meta":{"footnotes":""},"categories":[198],"tags":[2441,2440,2442],"class_list":["post-13492","post","type-post","status-publish","format-standard","has-post-thumbnail","hentry","category-richard-rohr-ofm-centrum-pro-zivot-a-rozjimani","tag-prehlizeni","tag-rituna","tag-vyznam","latest_post"],"_links":{"self":[{"href":"https:\/\/www.frantiskani.cz\/index.php\/wp-json\/wp\/v2\/posts\/13492","targetHints":{"allow":["GET"]}}],"collection":[{"href":"https:\/\/www.frantiskani.cz\/index.php\/wp-json\/wp\/v2\/posts"}],"about":[{"href":"https:\/\/www.frantiskani.cz\/index.php\/wp-json\/wp\/v2\/types\/post"}],"author":[{"embeddable":true,"href":"https:\/\/www.frantiskani.cz\/index.php\/wp-json\/wp\/v2\/users\/1"}],"replies":[{"embeddable":true,"href":"https:\/\/www.frantiskani.cz\/index.php\/wp-json\/wp\/v2\/comments?post=13492"}],"version-history":[{"count":1,"href":"https:\/\/www.frantiskani.cz\/index.php\/wp-json\/wp\/v2\/posts\/13492\/revisions"}],"predecessor-version":[{"id":13493,"href":"https:\/\/www.frantiskani.cz\/index.php\/wp-json\/wp\/v2\/posts\/13492\/revisions\/13493"}],"wp:featuredmedia":[{"embeddable":true,"href":"https:\/\/www.frantiskani.cz\/index.php\/wp-json\/wp\/v2\/media\/13445"}],"wp:attachment":[{"href":"https:\/\/www.frantiskani.cz\/index.php\/wp-json\/wp\/v2\/media?parent=13492"}],"wp:term":[{"taxonomy":"category","embeddable":true,"href":"https:\/\/www.frantiskani.cz\/index.php\/wp-json\/wp\/v2\/categories?post=13492"},{"taxonomy":"post_tag","embeddable":true,"href":"https:\/\/www.frantiskani.cz\/index.php\/wp-json\/wp\/v2\/tags?post=13492"}],"curies":[{"name":"wp","href":"https:\/\/api.w.org\/{rel}","templated":true}]}}