{"id":13598,"date":"2025-12-13T08:33:29","date_gmt":"2025-12-13T07:33:29","guid":{"rendered":"https:\/\/www.frantiskani.cz\/?p=13598"},"modified":"2025-12-13T08:44:32","modified_gmt":"2025-12-13T07:44:32","slug":"skryte-dilo-milosti","status":"publish","type":"post","link":"https:\/\/www.frantiskani.cz\/index.php\/2025\/12\/13\/skryte-dilo-milosti\/","title":{"rendered":"Skryt\u00e9 d\u00edlo milosti"},"content":{"rendered":"\n<h6 class=\"wp-block-heading\">Sobota, 13. prosince 2025-Shrnut\u00ed pades\u00e1t\u00e9ho t\u00fddne-7. prosince \u2013 12. prosince 2025<\/h6>\n\n\n\n<h4 class=\"wp-block-heading\">Ned\u011ble<\/h4>\n\n\n\n<p>Mystici \u0159\u00edkaj\u00ed, \u017ee B\u016fh mus\u00ed na\u0161e iluze tajn\u011b odstra\u0148ovat, kdy\u017e se ned\u00edv\u00e1me a nem\u00e1me v\u0161e pod dokonalou kontrolou. Pokra\u010dujeme vp\u0159ed zp\u016fsoby, kter\u00fdm ani nerozum\u00edme, a skrze tich\u00e9 p\u016fsoben\u00ed \u010dasu a milosti.\u2014Richard Rohr<\/p>\n\n\n\n<h4 class=\"wp-block-heading\">Pond\u011bl\u00ed<\/h4>\n\n\n\n<p>To, co vn\u00edm\u00e1me jako utrpen\u00ed, depresi, zbyte\u010dnost \u2013 okam\u017eiky, kdy se B\u016fh st\u00e1hl \u2013 jsou \u010dasto hlubok\u00fdmi projevy d\u016fv\u011bry a pozv\u00e1n\u00edm k intimit\u011b ze strany Boha.\u2014Richard Rohr<\/p>\n\n\n\n<h4 class=\"wp-block-heading\">\u00dater\u00fd<\/h4>\n\n\n\n<p>Vstupte do pozn\u00e1n\u00ed skrze jehlu nepozn\u00e1n\u00ed. V tichu kone\u010dn\u011b usly\u0161te hlas Svat\u00e9ho. V odevzd\u00e1n\u00ed se naprost\u00e9 pr\u00e1zdnot\u011b bu\u010fte kone\u010dn\u011b napln\u011bni Milovan\u00fdm.\u2014Mirabai Starr<\/p>\n\n\n\n<h4 class=\"wp-block-heading\">St\u0159eda<\/h4>\n\n\n\n<p>Kontemplace nen\u00ed nic jin\u00e9ho ne\u017e tajn\u00fd, pokojn\u00fd, miluj\u00edc\u00ed p\u0159\u00edliv Boha. Pokud j\u00ed d\u00e1te prostor, zap\u00e1l\u00ed du\u0161i v duchu l\u00e1sky.\u2014Jan od K\u0159\u00ed\u017ee<\/p>\n\n\n\n<h4 class=\"wp-block-heading\">\u010ctvrtek<\/h4>\n\n\n\n<p>Temn\u00e1 noc prohlubuje na\u0161e spojen\u00ed se v\u0161emi \u017eiv\u00fdmi bytostmi. V temn\u00e9 noci hluboce c\u00edt\u00edm smutek \u2013 i radost \u2013 druh\u00fdch. Tady je mo\u017en\u00e1 tma, ale je to pln\u00e9 l\u00e1sky.\u2014Therese DesCamp<\/p>\n\n\n\n<h4 class=\"wp-block-heading\">P\u00e1tek<\/h4>\n\n\n\n<p>Vt\u011blen\u00ed v\u017edy p\u0159in\u00e1\u0161\u00ed dobr\u00e9 zpr\u00e1vy, ale nikdy nezmen\u0161uje skute\u010dnost na\u0161\u00ed bolesti. Advent hl\u00e1s\u00e1 nad\u011bji, \u017ee p\u0159ich\u00e1z\u00ed sv\u011btlo, ale nejprve hl\u00e1s\u00e1 pravdu, \u017ee sv\u011bt je pr\u00e1v\u011b te\u010f velmi temn\u00fd.\u2014Stephanie Duncan Smith<\/p>\n\n\n\n<h1 class=\"wp-block-heading\">P\u00edse\u0148 du\u0161e<\/h1>\n\n\n\n<h5 class=\"wp-block-heading\">Pades\u00e1t\u00fd t\u00fdden Praxe<\/h5>\n\n\n\n<p><em>Ve t\u0159et\u00ed sez\u00f3n\u011b po\u0159adu Turning to the Mystics \u010dtou James Finley a Mirabai Starr \u201eP\u00edse\u0148 du\u0161e\u201c nebo \u201eNoche Oscura\u201c od Jana od K\u0159\u00ed\u017ee. Vyu\u017eijte n\u00ed\u017ee uveden\u00e9 odkazy, abyste si poslechli nebo p\u0159e\u010detli tuto b\u00e1se\u0148 v angli\u010dtin\u011b i \u0161pan\u011bl\u0161tin\u011b, a postupujte podle t\u011bchto jednoduch\u00fdch pokyn\u016f pro lectio nebo audio divina.<\/em><\/p>\n\n\n\n<p>Nejprve si b\u00e1se\u0148 poslechn\u011bte nebo p\u0159e\u010dt\u011bte a nechte se un\u00e1\u0161et zvuky a obrazy b\u00e1sn\u011b.<\/p>\n\n\n\n<p>Poslechn\u011bte si nebo p\u0159e\u010dt\u011bte b\u00e1se\u0148 podruh\u00e9 a soust\u0159e\u010fte se na jedno slovo nebo fr\u00e1zi. Nechte, aby k v\u00e1m promluvila. Modlete se k Bohu nebo si zapi\u0161te do den\u00edku, co pro v\u00e1s tato b\u00e1se\u0148 znamen\u00e1.<\/p>\n\n\n\n<p>Poslechn\u011bte si nebo p\u0159e\u010dt\u011bte b\u00e1se\u0148 pot\u0159et\u00ed. Sedn\u011bte si v tichosti s Bohem tak dlouho, jak budete c\u00edtit pot\u0159ebu.<\/p>\n\n\n\n<p>Klikn\u011bte zde, abyste si poslechli b\u00e1se\u0148.   <a href=\"https:\/\/email.cac.org\/t\/d-l-gttyde-tlkrhyidn-u\/\">Click here to listen to the poem.<\/a><\/p>\n\n\n\n<p>Klikn\u011bte zde, abyste si p\u0159e\u010detli b\u00e1se\u0148 v p\u0159episu podcastu.      <a href=\"https:\/\/email.cac.org\/t\/d-l-gttyde-tlkrhyidn-o\/\">C<\/a><a href=\"https:\/\/email.cac.org\/t\/d-l-gttyde-tlkrhyidn-b\/\">lick here to read the poem<\/a><\/p>\n\n\n\n<p class=\"has-small-font-size\">Translated with DeepL.com (free version)<\/p>\n\n\n\n<h6 class=\"wp-block-heading\">Prameny:<\/h6>\n\n\n\n<p class=\"has-small-font-size\">James Finley and Kirsten Oates, cohosts, with Mirabai Starr,&nbsp;<em><a href=\"https:\/\/email.cac.org\/t\/d-l-gttyde-tlkrhyidn-q\/\"><strong>Turning to the Mystics<\/strong><\/a><\/em>, podcast, season 3, ep. 1, \u201c<strong><a href=\"https:\/\/email.cac.org\/t\/d-l-gttyde-tlkrhyidn-a\/\">Turning to St. John of the Cross<\/a><\/strong>,\u201d March 8, 2021. Available as MP3 audio download or PDF transcript.<\/p>\n\n\n\n<p class=\"has-small-font-size\"><strong>Image credit and inspiration<\/strong>: Laura&nbsp;Barbato,&nbsp;<em>untitled<\/em>&nbsp;(detail), 2020, photo, Italy,&nbsp;<a href=\"https:\/\/email.cac.org\/t\/d-l-gttyde-tlkrhyidn-f\/\">Unsplash<\/a>.&nbsp;<a href=\"https:\/\/email.cac.org\/t\/d-l-gttyde-tlkrhyidn-z\/\">Click here to enlarge image<\/a>.&nbsp;<em>Wiping the fog from the window becomes our small gesture of being in the Dark Night\u2014an embodied \u201cI\u2019m here\u201d&nbsp;that reaches for clarity amid unknowing, while the small, steady candle reminds us that the spirit still burns softly even when the season feels bright and our inner world does not.<\/em>&nbsp;<\/p>\n","protected":false},"excerpt":{"rendered":"<p>Kontemplace nen\u00ed nic jin\u00e9ho ne\u017e tajn\u00fd, pokojn\u00fd, miluj\u00edc\u00ed p\u0159\u00edliv Boha. Pokud j\u00ed d\u00e1te prostor, zap\u00e1l\u00ed du\u0161i v duchu l\u00e1sky.\u2014Jan od K\u0159\u00ed\u017ee<\/p>\n","protected":false},"author":1,"featured_media":13571,"comment_status":"open","ping_status":"open","sticky":false,"template":"","format":"standard","meta":{"footnotes":""},"categories":[198],"tags":[401,2454],"class_list":["post-13598","post","type-post","status-publish","format-standard","has-post-thumbnail","hentry","category-richard-rohr-ofm-centrum-pro-zivot-a-rozjimani","tag-kontemplace","tag-pisen-duse","latest_post"],"_links":{"self":[{"href":"https:\/\/www.frantiskani.cz\/index.php\/wp-json\/wp\/v2\/posts\/13598","targetHints":{"allow":["GET"]}}],"collection":[{"href":"https:\/\/www.frantiskani.cz\/index.php\/wp-json\/wp\/v2\/posts"}],"about":[{"href":"https:\/\/www.frantiskani.cz\/index.php\/wp-json\/wp\/v2\/types\/post"}],"author":[{"embeddable":true,"href":"https:\/\/www.frantiskani.cz\/index.php\/wp-json\/wp\/v2\/users\/1"}],"replies":[{"embeddable":true,"href":"https:\/\/www.frantiskani.cz\/index.php\/wp-json\/wp\/v2\/comments?post=13598"}],"version-history":[{"count":2,"href":"https:\/\/www.frantiskani.cz\/index.php\/wp-json\/wp\/v2\/posts\/13598\/revisions"}],"predecessor-version":[{"id":13600,"href":"https:\/\/www.frantiskani.cz\/index.php\/wp-json\/wp\/v2\/posts\/13598\/revisions\/13600"}],"wp:featuredmedia":[{"embeddable":true,"href":"https:\/\/www.frantiskani.cz\/index.php\/wp-json\/wp\/v2\/media\/13571"}],"wp:attachment":[{"href":"https:\/\/www.frantiskani.cz\/index.php\/wp-json\/wp\/v2\/media?parent=13598"}],"wp:term":[{"taxonomy":"category","embeddable":true,"href":"https:\/\/www.frantiskani.cz\/index.php\/wp-json\/wp\/v2\/categories?post=13598"},{"taxonomy":"post_tag","embeddable":true,"href":"https:\/\/www.frantiskani.cz\/index.php\/wp-json\/wp\/v2\/tags?post=13598"}],"curies":[{"name":"wp","href":"https:\/\/api.w.org\/{rel}","templated":true}]}}