{"id":13603,"date":"2025-12-14T08:32:58","date_gmt":"2025-12-14T07:32:58","guid":{"rendered":"https:\/\/www.frantiskani.cz\/?p=13603"},"modified":"2025-12-14T08:33:02","modified_gmt":"2025-12-14T07:33:02","slug":"jsme-otevreni-uzasu","status":"publish","type":"post","link":"https:\/\/www.frantiskani.cz\/index.php\/2025\/12\/14\/jsme-otevreni-uzasu\/","title":{"rendered":"Jsme otev\u0159eni \u00fa\u017easu?"},"content":{"rendered":"\n<h6 class=\"wp-block-heading\">Pades\u00e1t\u00fd prvn\u00ed t\u00fdden: \u00dacta a \u00fa\u017eas-Ned\u011ble, 14. prosince 2025-T\u0159et\u00ed adventn\u00ed ned\u011ble<\/h6>\n\n\n\n<p><em>Ko\u0159eny nejhlub\u0161\u00edch poznatk\u016f se nach\u00e1zej\u00ed &#8230; na \u00farovni \u00fa\u017easu a radik\u00e1ln\u00edho p\u0159ekvapen\u00ed, v hloubce \u00facty, v na\u0161\u00ed citlivosti k tajemstv\u00ed. \u2014Abraham Joshua Heschel,<\/em><em>\u202fGod in Search of Man<\/em><\/p>\n\n\n\n<p><em>Richard Rohr u\u010d\u00ed, \u017ee \u00fa\u017eas je z\u00e1kladn\u00edm duchovn\u00edm z\u00e1\u017eitkem, kter\u00fd n\u00e1s udr\u017euje otev\u0159en\u00e9 tajemstv\u00ed Boha:<\/em><\/p>\n\n\n\n<h4 class=\"wp-block-heading\">Budovat v\u00edru na \u00fa\u017easu<\/h4>\n\n\n\n<p>V\u011b\u0159\u00edm, \u017ee z\u00e1kladn\u00ed, prvotn\u00ed, fundament\u00e1ln\u00ed duchovn\u00ed intuice je okam\u017eik \u00fa\u017easu a z\u00e1zraku. \u0158\u00edk\u00e1me: \u201eBo\u017ee, to je kr\u00e1sn\u00e9!\u201c Pro\u010d tak \u010dasto \u0159\u00edk\u00e1me \u201eBo\u017ee!\u201c v takov\u00fdch okam\u017eic\u00edch? Mysl\u00edm, \u017ee je to uzn\u00e1n\u00ed, \u017ee se jedn\u00e1 o bo\u017esk\u00fd okam\u017eik. Jsme si n\u011bjak v\u011bdomi, \u017ee n\u011bco je prost\u011b p\u0159\u00edli\u0161 dobr\u00e9, p\u0159\u00edli\u0161 spr\u00e1vn\u00e9, p\u0159\u00edli\u0161 velk\u00e9, p\u0159\u00edli\u0161 v\u010dasn\u00e9. Kdy\u017e v na\u0161em \u017eivot\u011b chyb\u00ed \u00facta a \u00fadiv, budujeme svou v\u00edru na z\u00e1konech a ritu\u00e1lech a sna\u017e\u00edme se vytvo\u0159it n\u011bjak\u00fd moment \u00facty. Ob\u010das to asi funguje.<\/p>\n\n\n\n<h4 class=\"wp-block-heading\">K&nbsp;\u00fa\u017easu nesta\u010d\u00ed ritu\u00e1l<\/h4>\n\n\n\n<p>Mysl\u00edm, \u017ee lid\u00e9, kte\u0159\u00ed \u017eij\u00ed sv\u016fj \u017eivot otev\u0159en\u011b \u00fact\u011b a \u00fadivu, maj\u00ed mnohem v\u011bt\u0161\u00ed \u0161anci setkat se se Svat\u00fdm ne\u017e ti, kte\u0159\u00ed chod\u00ed do kostela, ale ne\u017eij\u00ed otev\u0159en\u011b. T\u00edm, \u017ee Svat\u00e9 \u010din\u00edme tak b\u011b\u017en\u00fdm, ho t\u00e9m\u011b\u0159 domestikujeme. Toho se ob\u00e1v\u00e1m, \u017ee se d\u011bje t\u00edm, jak ritualizujeme uct\u00edv\u00e1n\u00ed. Vid\u00edm lidi, jak den za dnem chod\u00ed do kostela nep\u0159ipraveni na cokoli nov\u00e9ho nebo jin\u00e9ho. I kdy\u017e se stane n\u011bco nov\u00e9ho nebo jin\u00e9ho, za\u0159ad\u00ed to do sv\u00fdch star\u00fdch \u0161katulek. Jejich postoj se zd\u00e1 b\u00fdt: \u201eNenech\u00e1m se ohromit.\u201c<\/p>\n\n\n\n<h4 class=\"wp-block-heading\">Zamilovat se<\/h4>\n\n\n\n<p>Nemysl\u00edm si, \u017ee s takov\u00fdm odporem k nov\u00e9mu, skute\u010dn\u00e9mu a \u00fa\u017easn\u00e9mu se dostaneme daleko. To je pravd\u011bpodobn\u011b d\u016fvod, pro\u010d B\u016fh dovoluje, aby v\u011bt\u0161ina na\u0161ich skv\u011bl\u00fdch vztah\u016f za\u010d\u00ednala jakousi zamilovanost\u00ed do druh\u00e9 osoby \u2013 a nemysl\u00edm t\u00edm jen sexu\u00e1ln\u00ed zamilovanost, ale jakoukoli hlubokou obdiv nebo uzn\u00e1n\u00ed. To n\u00e1m umo\u017e\u0148uje zaujmout m\u00edsto studenta a \u017e\u00e1ka. Pokud to nikdy neud\u011bl\u00e1me, nic nov\u00e9ho se nestane. [1]<\/p>\n\n\n\n<h4 class=\"wp-block-heading\">Neb\u00fdt duchovn\u011b vy\u010derpan\u00fd<\/h4>\n\n\n\n<p>Mysl\u00edm, \u017ee rusk\u00fd spisovatel Alexandr Sol\u017eenicyn to pochopil, kdy\u017e napsal: \u201eZ\u00e1padn\u00ed syst\u00e9m ve sv\u00e9m sou\u010dasn\u00e9m stavu duchovn\u00ed vy\u010derpanosti nevypad\u00e1 atraktivn\u011b.\u201c [2]<\/p>\n\n\n\n<h4 class=\"wp-block-heading\">Neb\u00e1t se b\u00fdt u\u017easl\u00fd<\/h4>\n\n\n\n<p>Je to v\u00fdmluvn\u00fd soud. Z\u00e1padn\u00ed mysl u\u017e t\u00e9m\u011b\u0159 odm\u00edt\u00e1 b\u00fdt v \u00fa\u017easu. Je si v\u011bdoma pouze toho, co je \u0161patn\u00e9, a zd\u00e1 se, \u017ee nen\u00ed schopna radovat se z toho, co je st\u00e1le dobr\u00e9, pravdiv\u00e9 a kr\u00e1sn\u00e9.<\/p>\n\n\n\n<h4 class=\"wp-block-heading\">M\u00edt novou p\u0159edstavivost<\/h4>\n\n\n\n<p>&nbsp;Nejjist\u011bj\u0161\u00ed cestou z t\u00e9to pasti je nov\u00e1 p\u0159edstavivost a nov\u00e1 kosmologie, \u010dasto vytvo\u0159en\u00e1 pozitivn\u00ed zku\u0161enost\u00ed s Bohem. Vzd\u011bl\u00e1n\u00ed, \u0159e\u0161en\u00ed probl\u00e9m\u016f a rigidn\u00ed ideologie jsou samy o sob\u011b nakonec nedostate\u010dn\u00e9 k vytvo\u0159en\u00ed kosmick\u00e9 nad\u011bje a smyslu. To dok\u00e1\u017ee pouze velk\u00e1 n\u00e1bo\u017eenstv\u00ed, co\u017e je pravd\u011bpodobn\u011b d\u016fvod, pro\u010d Je\u017e\u00ed\u0161 str\u00e1vil tolik \u010dasu sv\u00e9ho p\u016fsoben\u00ed snahou o reformu n\u00e1bo\u017eenstv\u00ed.<\/p>\n\n\n\n<h4 class=\"wp-block-heading\">Nechat prostor tajemstv\u00ed<\/h4>\n\n\n\n<p>Zdrav\u00e9 n\u00e1bo\u017eenstv\u00ed, kter\u00e9 v\u017edy ponech\u00e1v\u00e1 prostor pro tajemstv\u00ed, n\u00e1m d\u00e1v\u00e1 z\u00e1kladn\u00ed pocit \u00facty. Znovu okouzluje jinak pr\u00e1zdn\u00fd vesm\u00edr. D\u00e1v\u00e1 lidem univerz\u00e1ln\u00ed \u00factu ke v\u0161em v\u011bcem. Pouze s takovou \u00factou nach\u00e1z\u00edme sebev\u011bdom\u00ed a soudr\u017enost. Teprve tehdy se sv\u011bt st\u00e1v\u00e1 bezpe\u010dn\u00fdm domovem. Pak m\u016f\u017eeme vid\u011bt odraz bo\u017esk\u00e9ho obrazu v \u010dlov\u011bku, ve zv\u00ed\u0159eti, v cel\u00e9m p\u0159\u00edrodn\u00edm sv\u011bt\u011b \u2013 kter\u00fd se nyn\u00ed stal ve sv\u00e9 podstat\u011b \u201enadp\u0159irozen\u00fdm\u201c. [3]<\/p>\n\n\n\n<p><em>Translated with DeepL.com (free version)<\/em><\/p>\n\n\n\n<h6 class=\"wp-block-heading\">Prameny:<\/h6>\n\n\n\n<p class=\"has-small-font-size\">[1] Adapted from Richard Rohr with Paul Swanson and Brie Stoner,\u201d\u202f<em><a href=\"https:\/\/email.cac.org\/t\/d-l-gtthrld-tlkrhyidn-b\/\">Another Name for Every Thing<\/a><\/em>,\u202fpodcast, season 3, ep. 10, \u201c<a href=\"https:\/\/email.cac.org\/t\/d-l-gtthrld-tlkrhyidn-n\/\">The Practice of Awe and Wonder,<\/a>\u201d April 25, 2020. Available in MP3 audio download.&nbsp;<\/p>\n\n\n\n<p class=\"has-small-font-size\">[2] Aleksandr Solzhenitsyn, \u201cHarvard Address,\u201d in\u202f<em>The&nbsp;Solzhenitsyn Reader: New and Essential Writings, 1947\u20132005,<\/em>\u202fed. Edward E. Ericson, Jr. and Daniel J. Mahoney (ISI Books, 2006), 569.&nbsp;<\/p>\n\n\n\n<p class=\"has-small-font-size\">[3] Adapted from Richard Rohr,\u202f<em><a href=\"https:\/\/email.cac.org\/t\/d-l-gtthrld-tlkrhyidn-p\/\">The Wisdom Pattern: Order, Disorder, Reorder<\/a>&nbsp;<\/em>(Franciscan Media, 2020), 65.&nbsp;<\/p>\n\n\n\n<p class=\"has-small-font-size\">Image Credit and inspiration: Mieke Campbell,&nbsp;<em>untitled&nbsp;<\/em>(detail), 2021, photo,&nbsp;<a href=\"https:\/\/email.cac.org\/t\/d-l-gtthrld-tlkrhyidn-x\/\">Unsplash<\/a>.&nbsp;<a href=\"https:\/\/email.cac.org\/t\/d-l-gtthrld-tlkrhyidn-m\/\">Click here to enlarge image<\/a>.&nbsp;<em>The child\u2019s wide-eyed wonder mirrors a heart open to awe: seeing the sacred glimmer even in the most ordinary of moments.<\/em><\/p>\n","protected":false},"excerpt":{"rendered":"<p>V\u011b\u0159\u00edm, \u017ee z\u00e1kladn\u00ed, prvotn\u00ed, fundament\u00e1ln\u00ed duchovn\u00ed intuice je okam\u017eik \u00fa\u017easu a z\u00e1zraku. \u0158\u00edk\u00e1me: \u201eBo\u017ee, to je kr\u00e1sn\u00e9!\u201c Pro\u010d tak \u010dasto \u0159\u00edk\u00e1me \u201eBo\u017ee!\u201c v takov\u00fdch okam\u017eic\u00edch? Mysl\u00edm, \u017ee je to uzn\u00e1n\u00ed, \u017ee se jedn\u00e1 o bo\u017esk\u00fd okam\u017eik. Jsme si n\u011bjak v\u011bdomi, \u017ee n\u011bco je prost\u011b p\u0159\u00edli\u0161 dobr\u00e9, p\u0159\u00edli\u0161 spr\u00e1vn\u00e9, p\u0159\u00edli\u0161 velk\u00e9, p\u0159\u00edli\u0161 v\u010dasn\u00e9. Kdy\u017e v na\u0161em \u017eivot\u011b chyb\u00ed \u00facta a \u00fadiv, budujeme svou v\u00edru na z\u00e1konech a ritu\u00e1lech a sna\u017e\u00edme se vytvo\u0159it n\u011bjak\u00fd moment \u00facty. Ob\u010das to asi funguje.<\/p>\n","protected":false},"author":1,"featured_media":13604,"comment_status":"open","ping_status":"open","sticky":false,"template":"","format":"standard","meta":{"footnotes":""},"categories":[198],"tags":[277,1011,519],"class_list":["post-13603","post","type-post","status-publish","format-standard","has-post-thumbnail","hentry","category-richard-rohr-ofm-centrum-pro-zivot-a-rozjimani","tag-tajemstvi","tag-ucta","tag-uzas","latest_post"],"_links":{"self":[{"href":"https:\/\/www.frantiskani.cz\/index.php\/wp-json\/wp\/v2\/posts\/13603","targetHints":{"allow":["GET"]}}],"collection":[{"href":"https:\/\/www.frantiskani.cz\/index.php\/wp-json\/wp\/v2\/posts"}],"about":[{"href":"https:\/\/www.frantiskani.cz\/index.php\/wp-json\/wp\/v2\/types\/post"}],"author":[{"embeddable":true,"href":"https:\/\/www.frantiskani.cz\/index.php\/wp-json\/wp\/v2\/users\/1"}],"replies":[{"embeddable":true,"href":"https:\/\/www.frantiskani.cz\/index.php\/wp-json\/wp\/v2\/comments?post=13603"}],"version-history":[{"count":1,"href":"https:\/\/www.frantiskani.cz\/index.php\/wp-json\/wp\/v2\/posts\/13603\/revisions"}],"predecessor-version":[{"id":13605,"href":"https:\/\/www.frantiskani.cz\/index.php\/wp-json\/wp\/v2\/posts\/13603\/revisions\/13605"}],"wp:featuredmedia":[{"embeddable":true,"href":"https:\/\/www.frantiskani.cz\/index.php\/wp-json\/wp\/v2\/media\/13604"}],"wp:attachment":[{"href":"https:\/\/www.frantiskani.cz\/index.php\/wp-json\/wp\/v2\/media?parent=13603"}],"wp:term":[{"taxonomy":"category","embeddable":true,"href":"https:\/\/www.frantiskani.cz\/index.php\/wp-json\/wp\/v2\/categories?post=13603"},{"taxonomy":"post_tag","embeddable":true,"href":"https:\/\/www.frantiskani.cz\/index.php\/wp-json\/wp\/v2\/tags?post=13603"}],"curies":[{"name":"wp","href":"https:\/\/api.w.org\/{rel}","templated":true}]}}