{"id":13647,"date":"2025-12-19T08:16:42","date_gmt":"2025-12-19T07:16:42","guid":{"rendered":"https:\/\/www.frantiskani.cz\/?p=13647"},"modified":"2025-12-19T08:16:44","modified_gmt":"2025-12-19T07:16:44","slug":"ucta-a-uzas-jak-najit-smysl-v-kazdodennim-zivote","status":"publish","type":"post","link":"https:\/\/www.frantiskani.cz\/index.php\/2025\/12\/19\/ucta-a-uzas-jak-najit-smysl-v-kazdodennim-zivote\/","title":{"rendered":"\u00dacta a \u00fa\u017eas: Jak naj\u00edt smysl v ka\u017edodenn\u00edm \u017eivot\u011b"},"content":{"rendered":"\n<h6 class=\"wp-block-heading\">Pades\u00e1t\u00fd prvn\u00ed t\u00fdden: \u00dacta a \u00fa\u017eas-P\u00e1tek, 19. prosince 2025<\/h6>\n\n\n\n<p><em>Richard Rohr trv\u00e1 na tom, \u017ee prosperujeme, kdy\u017e pochop\u00edme sv\u00e9 opr\u00e1vn\u011bn\u00e9 m\u00edsto v kosmick\u00e9m \u0159\u00e1du:<\/em><\/p>\n\n\n\n<h4 class=\"wp-block-heading\">Jsem vybr\u00e1n na jevi\u0161t\u011b<\/h4>\n\n\n\n<p>Na\u0161e oby\u010dejn\u00e9 \u017eivoty z\u00edsk\u00e1vaj\u00ed mimo\u0159\u00e1dn\u00fd v\u00fdznam, kdy\u017e p\u0159ijmeme, \u017ee na\u0161e \u017eivoty jsou o n\u011b\u010dem mnohem v\u011bt\u0161\u00edm. Na\u0161e bolest je \u00fa\u010dast\u00ed na Bo\u017e\u00edm vykoupen\u00ed a na\u0161e kreativita je Bo\u017e\u00ed v\u00e1\u0161n\u00ed pro sv\u011bt. Nemus\u00edm b\u00fdt celou hrou ani rozum\u011bt cel\u00e9mu sc\u00e9n\u00e1\u0159i. Sta\u010d\u00ed v\u011bd\u011bt, \u017ee jsem byl vybr\u00e1n, abych byl jedn\u00edm z herc\u016f na jevi\u0161ti a hr\u00e1l svou roli tak dob\u0159e, jak um\u00edm.<\/p>\n\n\n\n<h4 class=\"wp-block-heading\">Jsme sou\u010d\u00e1st\u00ed p\u0159\u00edb\u011bhu<\/h4>\n\n\n\n<p>Slovo \u201ekatastrofa\u201c poch\u00e1z\u00ed z latinsk\u00e9ho slova, kter\u00e9 znamen\u00e1 \u201eb\u00fdt odpojen od hv\u011bzd\u201c. Hv\u011bzdy p\u0159edstavovaly velk\u00fd a univerz\u00e1ln\u00ed p\u0159\u00edb\u011bh. Na\u0161e \u017eivoty jsou obvykle katastrofou, pokud ne\u017eijeme pod t\u011bmito hv\u011bzdami. Kdy\u017e c\u00edt\u00edme, \u017ee n\u00e1\u0161 mal\u00fd p\u0159\u00edb\u011bh je sou\u010d\u00e1st\u00ed velk\u00e9ho p\u0159\u00edb\u011bhu, jsme v z\u00e1sad\u011b spokojeni. \u017d\u00e1dn\u00e1 psychologie ani terapie n\u00e1m nem\u016f\u017ee nab\u00eddnout takovou kosmologii; v\u011b\u0159\u00edm, \u017ee to dok\u00e1\u017ee pouze dobr\u00e9 n\u00e1bo\u017eenstv\u00ed. [1]<\/p>\n\n\n\n<p><em>Rab\u00edn Abraham Joshua Heschel (1907\u20131972), zn\u00e1m\u00fd svou prorockou prac\u00ed pro spravedlnost, tak\u00e9 p\u0159edvedl oddanost \u201eradik\u00e1ln\u00edmu \u00fa\u017easu\u201c:<\/em><\/p>\n\n\n\n<h4 class=\"wp-block-heading\">Osobn\u00ed radik\u00e1ln\u00ed \u00fa\u017eas k byt\u00ed<\/h4>\n\n\n\n<p>Sv\u011bt se mi jev\u00ed dv\u011bma zp\u016fsoby. Sv\u011bt jako v\u011bc, kterou vlastn\u00edm, sv\u011bt jako tajemstv\u00ed, kter\u00e9mu \u010del\u00edm. To, co vlastn\u00edm, je mali\u010dkost, to, \u010demu \u010del\u00edm, je vzne\u0161en\u00e9&#8230;<\/p>\n\n\n\n<p>Manipulujeme s t\u00edm, co je k dispozici na povrchu sv\u011bta; mus\u00edme tak\u00e9 st\u00e1t v \u00fa\u017easu p\u0159ed tajemstv\u00edm sv\u011bta. Objektivizujeme Byt\u00ed, ale tak\u00e9 jsme p\u0159\u00edtomni u Byt\u00ed v \u00fa\u017easu, v radik\u00e1ln\u00edm \u00fa\u017easu.<\/p>\n\n\n\n<p>V\u0161e, co m\u00e1me, je pocit \u00facty a radik\u00e1ln\u00edho \u00fa\u017easu tv\u00e1\u0159\u00ed v tv\u00e1\u0159 tajemstv\u00ed, kter\u00e9 ohromuje na\u0161i schopnost vn\u00edmat ho&#8230;<\/p>\n\n\n\n<h4 class=\"wp-block-heading\">Jsme p\u0159ipout\u00e1ni k\u00a0tajemstv\u00ed za v\u0161\u00edm<\/h4>\n\n\n\n<p>\u00dacta je v\u00edce ne\u017e emoce; je to zp\u016fsob porozum\u011bn\u00ed, vhled do smyslu v\u011bt\u0161\u00edho ne\u017e jsme my sami. Po\u010d\u00e1tkem \u00facty je \u00fadiv a po\u010d\u00e1tkem moudrosti je \u00facta.<\/p>\n\n\n\n<p>\u00dacta je intuice pro d\u016fstojnost v\u0161ech v\u011bc\u00ed, uv\u011bdom\u011bn\u00ed si, \u017ee v\u011bci nejsou jen t\u00edm, \u010d\u00edm jsou, ale tak\u00e9, by\u0165 vzd\u00e1len\u011b, p\u0159edstavuj\u00ed n\u011bco nejvy\u0161\u0161\u00edho. \u00dacta je pocit pro&#8230; tajemstv\u00ed za v\u0161emi v\u011bcmi. Umo\u017e\u0148uje n\u00e1m&#8230; vn\u00edmat v mal\u00fdch v\u011bcech po\u010d\u00e1tek nekone\u010dn\u00e9ho v\u00fdznamu, vn\u00edmat to nejvy\u0161\u0161\u00ed v oby\u010dejn\u00e9m a jednoduch\u00e9m; c\u00edtit v n\u00e1valu pom\u00edjivosti ticho v\u011b\u010dnosti. To, co nedok\u00e1\u017eeme pochopit anal\u00fdzou, si uv\u011bdomujeme v \u00fa\u017easu.<\/p>\n\n\n\n<p>V\u00edra nen\u00ed p\u0159esv\u011bd\u010den\u00ed, souhlas s tvrzen\u00edm; v\u00edra je p\u0159ipoutanost k transcendenci, k v\u00fdznamu za tajemstv\u00edm.<\/p>\n\n\n\n<h4 class=\"wp-block-heading\">\u00dacta k\u00a0tajemstv\u00ed vesm\u00edru o\u017eiv\u00ed moudrost p\u0159i hled\u00e1n\u00ed Boha<\/h4>\n\n\n\n<p>Znalosti jsou podporov\u00e1ny zv\u011bdavost\u00ed; moudrost je podporov\u00e1na \u00fa\u017easem. \u00da\u017eas p\u0159edch\u00e1z\u00ed v\u00edru; je ko\u0159enem v\u00edry. Mus\u00edme se nechat v\u00e9st \u00fa\u017easem, abychom byli hodni v\u00edry.<\/p>\n\n\n\n<p>Ztra\u0165te sv\u016fj pocit \u00facty, nechte svou dom\u00fd\u0161livost oslabit va\u0161i schopnost uct\u00edvat a vesm\u00edr se pro v\u00e1s stane tr\u017ei\u0161t\u011bm. Ztr\u00e1ta \u00facty je vyh\u00fdb\u00e1n\u00edm se vhledu. N\u00e1vrat k \u00fact\u011b je prvn\u00ed p\u0159edpoklad pro o\u017eiven\u00ed moudrosti, pro objevov\u00e1n\u00ed sv\u011bta jako nar\u00e1\u017eky na Boha. [2]<\/p>\n\n\n\n<p><em>Translated with DeepL.com (free version)<\/em><\/p>\n\n\n\n<h6 class=\"wp-block-heading\">Prameny:<\/h6>\n\n\n\n<p class=\"has-small-font-size\">[1] Adapted from Richard Rohr,&nbsp;<em><a href=\"https:\/\/email.cac.org\/t\/d-l-gtdsly-itiuujuudy-b\/\">Jesus\u2019 Alternative Plan: The Sermon on the Mount<\/a><\/em>&nbsp;(Franciscan Media, 2022), 134\u2013135.&nbsp;<\/p>\n\n\n\n<p class=\"has-small-font-size\">[2] Abraham J. Heschel,&nbsp;<em>Who Is Man?<\/em>&nbsp;(Stanford University Press, 1965), 88\u201389.<\/p>\n\n\n\n<p class=\"has-small-font-size\">Image Credit and inspiration: Mieke Campbell,&nbsp;<em>untitled&nbsp;<\/em>(detail), 2021, photo,&nbsp;<a href=\"https:\/\/email.cac.org\/t\/d-l-gtdsly-itiuujuudy-n\/\">Unsplash<\/a>.&nbsp;<a href=\"https:\/\/email.cac.org\/t\/d-l-gtdsly-itiuujuudy-p\/\">Click here to enlarge image<\/a>.&nbsp;<em>The child\u2019s wide-eyed wonder mirrors a heart open to awe: seeing the sacred glimmer even in the most ordinary of moments.<\/em><\/p>\n","protected":false},"excerpt":{"rendered":"<p>Sv\u011bt se mi jev\u00ed dv\u011bma zp\u016fsoby. Sv\u011bt jako v\u011bc, kterou vlastn\u00edm, sv\u011bt jako tajemstv\u00ed, kter\u00e9mu \u010del\u00edm. To, co vlastn\u00edm, je mali\u010dkost, to, \u010demu \u010del\u00edm, je vzne\u0161en\u00e9&#8230;<\/p>\n","protected":false},"author":1,"featured_media":13604,"comment_status":"open","ping_status":"open","sticky":false,"template":"","format":"standard","meta":{"footnotes":""},"categories":[198],"tags":[277,1011,1450,438],"class_list":["post-13647","post","type-post","status-publish","format-standard","has-post-thumbnail","hentry","category-richard-rohr-ofm-centrum-pro-zivot-a-rozjimani","tag-tajemstvi","tag-ucta","tag-udiv","tag-vesmir","latest_post"],"_links":{"self":[{"href":"https:\/\/www.frantiskani.cz\/index.php\/wp-json\/wp\/v2\/posts\/13647","targetHints":{"allow":["GET"]}}],"collection":[{"href":"https:\/\/www.frantiskani.cz\/index.php\/wp-json\/wp\/v2\/posts"}],"about":[{"href":"https:\/\/www.frantiskani.cz\/index.php\/wp-json\/wp\/v2\/types\/post"}],"author":[{"embeddable":true,"href":"https:\/\/www.frantiskani.cz\/index.php\/wp-json\/wp\/v2\/users\/1"}],"replies":[{"embeddable":true,"href":"https:\/\/www.frantiskani.cz\/index.php\/wp-json\/wp\/v2\/comments?post=13647"}],"version-history":[{"count":2,"href":"https:\/\/www.frantiskani.cz\/index.php\/wp-json\/wp\/v2\/posts\/13647\/revisions"}],"predecessor-version":[{"id":13649,"href":"https:\/\/www.frantiskani.cz\/index.php\/wp-json\/wp\/v2\/posts\/13647\/revisions\/13649"}],"wp:featuredmedia":[{"embeddable":true,"href":"https:\/\/www.frantiskani.cz\/index.php\/wp-json\/wp\/v2\/media\/13604"}],"wp:attachment":[{"href":"https:\/\/www.frantiskani.cz\/index.php\/wp-json\/wp\/v2\/media?parent=13647"}],"wp:term":[{"taxonomy":"category","embeddable":true,"href":"https:\/\/www.frantiskani.cz\/index.php\/wp-json\/wp\/v2\/categories?post=13647"},{"taxonomy":"post_tag","embeddable":true,"href":"https:\/\/www.frantiskani.cz\/index.php\/wp-json\/wp\/v2\/tags?post=13647"}],"curies":[{"name":"wp","href":"https:\/\/api.w.org\/{rel}","templated":true}]}}