{"id":13767,"date":"2026-01-13T05:33:14","date_gmt":"2026-01-13T04:33:14","guid":{"rendered":"https:\/\/www.frantiskani.cz\/?p=13767"},"modified":"2026-01-13T05:34:42","modified_gmt":"2026-01-13T04:34:42","slug":"13767","status":"publish","type":"post","link":"https:\/\/www.frantiskani.cz\/index.php\/2026\/01\/13\/13767\/","title":{"rendered":"2026 &#8211; rok sv. Franti\u0161ka"},"content":{"rendered":"\n<figure class=\"wp-block-image size-full\"><img decoding=\"async\" src=\"data:image\/gif;base64,R0lGODlhAQABAAAAACH5BAEKAAEALAAAAAABAAEAAAICTAEAOw==\" data-layzr=\"https:\/\/www.frantiskani.cz\/wp-content\/uploads\/2026\/01\/rok-sv-frantiska.jpg\" alt=\"rok sv frantis\u030cka\" class=\"wp-image-13768\"\/><figcaption class=\"wp-element-caption\">rok sv frantis\u030cka: <\/figcaption><\/figure>\n\n\n\n<p><a href=\"https:\/\/www.cirkev.cz\/papez-vyhlasil-jubilejni-rok-svateho-frantiska_65769\">https:\/\/www.cirkev.cz\/papez-vyhlasil-jubilejni-rok-svateho-frantiska_65769<\/a><\/p>\n\n\n\n<p><\/p>\n","protected":false},"excerpt":{"rendered":"<p>Tento jubilejn\u00ed rok je ur\u010den p\u0159edev\u0161\u00edm \u010dlen\u016fm franti\u0161k\u00e1nsk\u00fdch rodin \u2013 \u0158\u00e1du men\u0161\u00edch brat\u0159\u00ed, klarisek, franti\u0161k\u00e1nsk\u00fdch terci\u00e1\u0159\u016f i dal\u0161\u00edch spole\u010denstv\u00ed inspirovan\u00fdch spiritualitou sv. Franti\u0161ka. Z\u00e1rove\u0148 je v\u0161ak otev\u0159en v\u0161em v\u011b\u0159\u00edc\u00edm, kte\u0159\u00ed cht\u011bj\u00ed \u010derpat z jeho odkazu.<\/p>\n","protected":false},"author":1,"featured_media":0,"comment_status":"open","ping_status":"open","sticky":false,"template":"","format":"standard","meta":{"footnotes":""},"categories":[6],"tags":[426,2484],"class_list":["post-13767","post","type-post","status-publish","format-standard","hentry","category-frantiskanskarodina","tag-frantisek","tag-jubilejni-rok","latest_post"],"_links":{"self":[{"href":"https:\/\/www.frantiskani.cz\/index.php\/wp-json\/wp\/v2\/posts\/13767","targetHints":{"allow":["GET"]}}],"collection":[{"href":"https:\/\/www.frantiskani.cz\/index.php\/wp-json\/wp\/v2\/posts"}],"about":[{"href":"https:\/\/www.frantiskani.cz\/index.php\/wp-json\/wp\/v2\/types\/post"}],"author":[{"embeddable":true,"href":"https:\/\/www.frantiskani.cz\/index.php\/wp-json\/wp\/v2\/users\/1"}],"replies":[{"embeddable":true,"href":"https:\/\/www.frantiskani.cz\/index.php\/wp-json\/wp\/v2\/comments?post=13767"}],"version-history":[{"count":2,"href":"https:\/\/www.frantiskani.cz\/index.php\/wp-json\/wp\/v2\/posts\/13767\/revisions"}],"predecessor-version":[{"id":13770,"href":"https:\/\/www.frantiskani.cz\/index.php\/wp-json\/wp\/v2\/posts\/13767\/revisions\/13770"}],"wp:attachment":[{"href":"https:\/\/www.frantiskani.cz\/index.php\/wp-json\/wp\/v2\/media?parent=13767"}],"wp:term":[{"taxonomy":"category","embeddable":true,"href":"https:\/\/www.frantiskani.cz\/index.php\/wp-json\/wp\/v2\/categories?post=13767"},{"taxonomy":"post_tag","embeddable":true,"href":"https:\/\/www.frantiskani.cz\/index.php\/wp-json\/wp\/v2\/tags?post=13767"}],"curies":[{"name":"wp","href":"https:\/\/api.w.org\/{rel}","templated":true}]}}