{"id":13911,"date":"2026-01-28T08:54:20","date_gmt":"2026-01-28T07:54:20","guid":{"rendered":"https:\/\/www.frantiskani.cz\/?p=13911"},"modified":"2026-01-28T08:54:22","modified_gmt":"2026-01-28T07:54:22","slug":"vzor-od-sameho-pocatku","status":"publish","type":"post","link":"https:\/\/www.frantiskani.cz\/index.php\/2026\/01\/28\/vzor-od-sameho-pocatku\/","title":{"rendered":"Vzor od sam\u00e9ho po\u010d\u00e1tku"},"content":{"rendered":"\n<h6 class=\"wp-block-heading\">Co d\u011bl\u00e1me s Bibl\u00ed? &#8211; St\u0159eda, 28. ledna 2026<\/h6>\n\n\n\n<p><em>Otec Richard identifikuje n\u011bkter\u00e9 paradoxy, s nimi\u017e se setk\u00e1v\u00e1me p\u0159i \u010dten\u00ed Bible:<\/em><\/p>\n\n\n\n<h4 class=\"wp-block-heading\">Bible p\u016fsob\u00ed spolu s v\u011bdom\u00edm<\/h4>\n\n\n\n<p>Po des\u00edtk\u00e1ch let \u010dten\u00ed a studia P\u00edsma se domn\u00edv\u00e1m, \u017ee biblick\u00fd text odr\u00e1\u017e\u00ed povahu lidsk\u00e9ho v\u011bdom\u00ed. Obsahuje pas\u00e1\u017ee, kter\u00e9 rozv\u00edjej\u00ed ur\u010dit\u00e9 velk\u00e9 t\u00e9mata a univerz\u00e1ln\u00ed vzorce, ale tak\u00e9 pas\u00e1\u017ee, kter\u00e9 t\u011bmto pokrok\u016fm odporuj\u00ed a br\u00e1n\u00ed jim. Mohli bychom to dokonce nazvat v\u00edrou a nev\u011brou \u2013 oboj\u00ed je v textu zakotveno.<\/p>\n\n\n\n<h4 class=\"wp-block-heading\">Bible p\u016fsob\u00ed spolu s Duchem<\/h4>\n\n\n\n<p>Cesta do tajemstv\u00ed Boha je nutn\u011b cestou do nezn\u00e1ma. Zat\u00edmco velk\u00e1 \u010d\u00e1st Bible je pouh\u00fdm opakov\u00e1n\u00edm zn\u00e1m\u00e9ho ter\u00e9nu, kde se od historie nepo\u017eaduje nic nov\u00e9ho a du\u0161i nen\u00ed d\u00e1no nic nov\u00e9ho, existuj\u00ed tak\u00e9 \u010dast\u00e9 pr\u016flomy, kter\u00e9 bychom spr\u00e1vn\u011b nazvali \u201ezjeven\u00edmi\u201c od Ducha (proto\u017ee k nim nikdy nedojdeme vlastn\u00edmi mal\u00fdm my\u0161len\u00ed).<\/p>\n\n\n\n<h4 class=\"wp-block-heading\">Bible p\u016fsob\u00ed spolu s&nbsp;vnit\u0159n\u00ed zku\u0161enost\u00ed<\/h4>\n\n\n\n<p>Jakmile pozorujeme tuto trajektorii, jsme v\u017edy p\u0159ipraveni b\u00fdt p\u0159ekvapeni a obda\u0159eni milost\u00ed Nezn\u00e1m\u00e9ho, a proto se tomu od po\u010d\u00e1tku \u0159\u00edk\u00e1 \u201ev\u00edra\u201c. Zpo\u010d\u00e1tku to m\u016f\u017ee b\u00fdt d\u011bsiv\u00e9, nov\u00e9 nebo dokonce vzru\u0161uj\u00edc\u00ed, ale pokud z\u016fstaneme u rozv\u00edjej\u00edc\u00edch se text\u016f, budeme m\u00edt odvahu poznat je tak\u00e9 jako na\u0161e nejhlub\u0161\u00ed nad\u011bje nebo intuice. Takov\u00fd je tanec mezi vn\u011bj\u0161\u00ed autoritou a vnit\u0159n\u00ed autoritou, velkou Tradic\u00ed a vnit\u0159n\u00ed zku\u0161enost\u00ed. To je rovnov\u00e1ha, kterou hled\u00e1me.<\/p>\n\n\n\n<h4 class=\"wp-block-heading\">Bible zve do spojen\u00ed s Bohem<\/h4>\n\n\n\n<p>V\u011b\u0159\u00edm, \u017ee hlavn\u00ed my\u0161lenky P\u00edsma jsou ji\u017e odhaleny v souhrnn\u00e9 podob\u011b na za\u010d\u00e1tku hebrejsk\u00fdch p\u00edsem. Od tohoto ran\u00e9ho vyj\u00e1d\u0159en\u00ed t\u00e9matu je cel\u00e1 st\u0159edn\u00ed \u010d\u00e1st Bible n\u011b\u010d\u00edm podobn\u00fdm v\u00fdvoji charakteru nebo t\u00e9matu. Na konci, zejm\u00e9na ve vzk\u0159\u00ed\u0161en\u00e9m Kristu evangeli\u00ed a v Pavlov\u011b teologii vzk\u0159\u00ed\u0161en\u00e9ho Krista, m\u00e1me crescendo, pln\u00e9 zjeven\u00ed Toho, komu m\u016f\u017eeme d\u016fv\u011b\u0159ovat jako nen\u00e1siln\u00e9mu a naprosto milostiv\u00e9mu Bohu, kter\u00fd n\u00e1s zve do miluj\u00edc\u00edho spojen\u00ed.<\/p>\n\n\n\n<h4 class=\"wp-block-heading\">Je zapot\u0159eb\u00ed pro\u017e\u00edvat celou Bibli<\/h4>\n\n\n\n<p>Je zapot\u0159eb\u00ed cel\u00e9 Bible \u2013 a n\u011bkdy i cel\u00e9ho na\u0161eho \u017eivota \u2013, abychom p\u0159ekonali trestaj\u00edc\u00ed a malichern\u00e9 postoje, kter\u00e9 prom\u00edt\u00e1me na Boha a kter\u00e9 v sob\u011b chov\u00e1me. Mus\u00edme neust\u00e1le spojovat body Bo\u017e\u00ed moudrosti a milosti. Pamatujte, \u017ee to, jak se tam dostaneme, ur\u010duje, kam doraz\u00edme. Samotn\u00fd proces je d\u016fle\u017eit\u00fd a d\u00e1v\u00e1 autoritu v\u00fdsledku. Texty Bible \u201et\u0159i kroky vp\u0159ed, dva kroky vzad\u201c n\u00e1m d\u00e1vaj\u00ed hlub\u0161\u00ed nal\u00e9havost j\u00edt vp\u0159ed a hlub\u0161\u00ed porozum\u011bn\u00ed, kdy\u017e se tam dostaneme.<\/p>\n\n\n\n<h4 class=\"wp-block-heading\">Je zapot\u0159eb\u00ed vid\u011bt kontinuitu v\u0161ech biblick\u00fdch zpr\u00e1v<\/h4>\n\n\n\n<p>Miluji jasnou kontinuitu mezi ob\u011bma testamenty a jasn\u011b vid\u00edm Je\u017e\u00ed\u0161e jako \u017eidovsk\u00e9ho mu\u017ee a rab\u00edna, kter\u00fd n\u00e1m brilantn\u011b dal \u00fa\u017easnou optiku, skrze kterou m\u016f\u017eeme milovat \u017eidovskou tradici a pokra\u010dovat v n\u00ed inkluzivn\u00edm zp\u016fsobem (kter\u00fd se stal jej\u00edm d\u00edt\u011btem, k\u0159es\u0165anstv\u00edm).<\/p>\n\n\n\n<p>Ekumenick\u00fd charakter a budoucnost k\u0159es\u0165anstv\u00ed se st\u00e1vaj\u00ed pom\u011brn\u011b z\u0159ejm\u00fdmi, kdy\u017e je ch\u00e1peme t\u00edmto zp\u016fsobem. U\u017e se nem\u016f\u017eeme navz\u00e1jem vyh\u00fdbat, a pokud tak \u010din\u00edme, je to pouze na na\u0161i vlastn\u00ed \u0161kodu (1 Korin\u0165an\u016fm 12:12\u201330) a na \u0161kodu evangelia.<\/p>\n\n\n\n<p><em>Translated with DeepL.com (free version)<\/em><\/p>\n\n\n\n<h6 class=\"wp-block-heading\">Prameny:<\/h6>\n\n\n\n<p class=\"has-small-font-size\">Adapted from Richard Rohr,&nbsp;<em><a href=\"https:\/\/email.cac.org\/t\/d-l-gihhyut-tlkrhyidn-p\/\">Things Hidden: Scripture as Spirituality<\/a><\/em>&nbsp;(Franciscan Media, 2022), xiii\u2013xv.<\/p>\n\n\n\n<p class=\"has-small-font-size\"><strong>Image credit and inspiration<\/strong>:&nbsp;<strong>Image credit and inspiration<\/strong>: Par\u00e9j Rich\u00e1rd,&nbsp;<em>untitled&nbsp;<\/em>(detail), 2021, photo,&nbsp;<a href=\"https:\/\/email.cac.org\/t\/d-l-gihhyut-tlkrhyidn-x\/\">Unsplash<\/a>.&nbsp;<a href=\"https:\/\/email.cac.org\/t\/d-l-gihhyut-tlkrhyidn-m\/\">Click here to enlarge image<\/a>.&nbsp;<em>Our relationship with the Bible may shift\u2014sometimes clear, sometimes mysterious\u2014yet still holding the promise of a greening, growing thing<\/em>.<\/p>\n","protected":false},"excerpt":{"rendered":"<p>R. Rohr OFM: Je zapot\u0159eb\u00ed cel\u00e9 Bible \u2013 a n\u011bkdy i cel\u00e9ho na\u0161eho \u017eivota \u2013, abychom p\u0159ekonali trestaj\u00edc\u00ed a malichern\u00e9 postoje, kter\u00e9 prom\u00edt\u00e1me na Boha a kter\u00e9 v sob\u011b chov\u00e1me. Mus\u00edme neust\u00e1le spojovat body Bo\u017e\u00ed moudrosti a milosti.<\/p>\n","protected":false},"author":1,"featured_media":13902,"comment_status":"open","ping_status":"open","sticky":false,"template":"","format":"standard","meta":{"footnotes":""},"categories":[198],"tags":[319,934,2501],"class_list":["post-13911","post","type-post","status-publish","format-standard","has-post-thumbnail","hentry","category-richard-rohr-ofm-centrum-pro-zivot-a-rozjimani","tag-bible","tag-ekumena","tag-sz-a-nz","latest_post"],"_links":{"self":[{"href":"https:\/\/www.frantiskani.cz\/index.php\/wp-json\/wp\/v2\/posts\/13911","targetHints":{"allow":["GET"]}}],"collection":[{"href":"https:\/\/www.frantiskani.cz\/index.php\/wp-json\/wp\/v2\/posts"}],"about":[{"href":"https:\/\/www.frantiskani.cz\/index.php\/wp-json\/wp\/v2\/types\/post"}],"author":[{"embeddable":true,"href":"https:\/\/www.frantiskani.cz\/index.php\/wp-json\/wp\/v2\/users\/1"}],"replies":[{"embeddable":true,"href":"https:\/\/www.frantiskani.cz\/index.php\/wp-json\/wp\/v2\/comments?post=13911"}],"version-history":[{"count":1,"href":"https:\/\/www.frantiskani.cz\/index.php\/wp-json\/wp\/v2\/posts\/13911\/revisions"}],"predecessor-version":[{"id":13912,"href":"https:\/\/www.frantiskani.cz\/index.php\/wp-json\/wp\/v2\/posts\/13911\/revisions\/13912"}],"wp:featuredmedia":[{"embeddable":true,"href":"https:\/\/www.frantiskani.cz\/index.php\/wp-json\/wp\/v2\/media\/13902"}],"wp:attachment":[{"href":"https:\/\/www.frantiskani.cz\/index.php\/wp-json\/wp\/v2\/media?parent=13911"}],"wp:term":[{"taxonomy":"category","embeddable":true,"href":"https:\/\/www.frantiskani.cz\/index.php\/wp-json\/wp\/v2\/categories?post=13911"},{"taxonomy":"post_tag","embeddable":true,"href":"https:\/\/www.frantiskani.cz\/index.php\/wp-json\/wp\/v2\/tags?post=13911"}],"curies":[{"name":"wp","href":"https:\/\/api.w.org\/{rel}","templated":true}]}}