{"id":1399,"date":"2021-02-20T16:51:50","date_gmt":"2021-02-20T15:51:50","guid":{"rendered":"https:\/\/www.frantiskani.cz\/?p=1399"},"modified":"2025-10-28T08:49:43","modified_gmt":"2025-10-28T07:49:43","slug":"frantisek-lev-nosek-ofs","status":"publish","type":"post","link":"https:\/\/www.frantiskani.cz\/index.php\/2021\/02\/20\/frantisek-lev-nosek-ofs\/","title":{"rendered":"Franti\u0161ek Lev Nosek OFS (1886-1935) \u2013 Ekonomika bratrstv\u00ed v Kristu"},"content":{"rendered":"\n<p> Poslaneck\u00e9 sn\u011bmovny 1920-1935:  <a href=\"https:\/\/www.frantiskani.cz\/index.php\/nosek-ps-1920-1935\/\">Dr. Franti\u0161ek Nosek v Poslaneck\u00e9 sn\u011bmovn\u011b 1920-1935<\/a> <em><sub>(Zpracoval Lubo\u0161 Kolafa)<\/sub><\/em><\/p>\n\n\n\n<figure class=\"wp-block-embed is-type-wp-embed is-provider-franti-k-nsk-rodina-v-r wp-block-embed-franti-k-nsk-rodina-v-r\"><div class=\"wp-block-embed__wrapper\">\n<blockquote class=\"wp-embedded-content\" data-secret=\"96rRSgZZIY\"><a href=\"https:\/\/www.frantiskani.cz\/index.php\/2025\/03\/07\/sbornik-pramenu-ke-studiu-dila-judr-frantiska-noska\/\">Sborn\u00edk pramen\u016f ke studiu d\u00edla JUDr. Franti\u0161ka Noska<\/a><\/blockquote><iframe loading=\"lazy\" class=\"wp-embedded-content\" sandbox=\"allow-scripts\" security=\"restricted\" style=\"position: absolute; visibility: hidden;\" title=\"&#8222;Sborn\u00edk pramen\u016f ke studiu d\u00edla JUDr. Franti\u0161ka Noska&#8220; &#8212; Franti\u0161k\u00e1nsk\u00e1 rodina v \u010cR\" src=\"https:\/\/www.frantiskani.cz\/index.php\/2025\/03\/07\/sbornik-pramenu-ke-studiu-dila-judr-frantiska-noska\/embed\/#?secret=HrgU9nCOgt#?secret=96rRSgZZIY\" data-secret=\"96rRSgZZIY\" width=\"600\" height=\"338\" frameborder=\"0\" marginwidth=\"0\" marginheight=\"0\" scrolling=\"no\"><\/iframe>\n<\/div><\/figure>\n\n\n\n<p>autorem \u010dl\u00e1nku n\u00ed\u017ee je prof. Ing. Lubom\u00edr Ml\u010doch CSc.<\/p>\n\n\n\n<p><em>Prvorepublikov\u00fd politik za Lidovou stranu, poslanec N\u00e1rodn\u00edho shrom\u00e1\u017ed\u011bn\u00ed (1920-35) a ministr ve dvou vl\u00e1d\u00e1ch \u010ceskoslovenska (1925- 29). N\u00e1rodohospod\u00e1\u0159, finan\u010dn\u00edk, kter\u00fd se stal franti\u0161k\u00e1nem. Politick\u00e1 moc a moc pen\u011bz \u2013 jak to jde dohromady se spiritualitou sv.Franti\u0161ka? V\u017edy\u0165 ten m\u011bl na sv\u00e9 prvn\u00ed bratry n\u00e1rok, aby \u2013 najdou-li n\u011bkde pen\u00edze- se o n\u011b nestarali o nic v\u00edc ne\u017e o prach po n\u011bm\u017e nohama \u0161lapeme.Tuto \u201ekvadraturu kruhu\u201c n\u00e1\u0161 bratr Franti\u0161ek Lev roz\u0159e\u0161il \u2013 profesionalitou pov\u00fd\u0161enou na duchovn\u00ed povol\u00e1n\u00ed- a svatost\u00ed sv\u00e9ho \u017eivota. K sezn\u00e1men\u00ed s&nbsp;\u017eivotem tohoto v\u00fdjime\u010dn\u00e9ho \u010dlov\u011bka jsem m\u011bl p\u0159\u00edle\u017eitost,pr\u00e1v\u011b kdy\u017e jsem se jako podnikov\u00fd ekonom mohl vr\u00e1tit k&nbsp;ekonomii jako v\u011bd\u011b (kv\u011bten 1988), i jako k&nbsp;mo\u017en\u00e9 p\u0159estupn\u00ed stanici do budouc\u00ed politiky. Vzpom\u00ednky jeho p\u0159\u00e1tel a spolupracovn\u00edk\u016f mi pomohly u\u017e tehdy, a od t\u00e9 doby pro mne tento bratr nep\u0159estal b\u00fdt inspiruj\u00edc\u00ed osobnost\u00ed i r\u00e1dcem v&nbsp;kvadratur\u00e1ch kruhu, kter\u00e9 se p\u0159ed n\u00e1mi nep\u0159est\u00e1vaj\u00ed vyno\u0159ovat.Bude to t\u00edm, \u017ee p\u0159edb\u011bhl svou, a mo\u017en\u00e1 dokonce je\u0161t\u011b i na\u0161i dobu.<\/em><\/p>\n\n\n\n<p>Franti\u0161ek Nosek se narodil v&nbsp;Chrudimi, a tam tak\u00e9 slo\u017eil svou zkou\u0161ku dosp\u011blosti na m\u00edstn\u00edm gymn\u00e1ziu. Proto tak\u00e9 kdy\u017e jsme s&nbsp;bratrem M\u00edlou M\u00fcllerem p\u0159ijeli m\u00edstn\u00ed k\u0159es\u0165any sezn\u00e1mit s&nbsp;jejich rod\u00e1kem- o kter\u00e9m tu u\u017e nikdo nev\u011bd\u011bl- mohli jsme si snad dovolit pou\u017e\u00edt pro na\u0161i p\u0159edn\u00e1\u0161ku titulek: Bude m\u00edt Chrudim sv\u00e9ho svat\u00e9ho? (2005). \u0158eknete- trochu lacin\u00fd marketing! \u2013 ale jak \u010delit nev\u011bdomosti zp\u016fsoben\u00e9 p\u016flstolet\u00edm dvou totalit- pro kter\u00e9 katol\u00edk-franti\u0161k\u00e1n, je\u0161t\u011b sp\u00ed\u0161 \u201ebl\u00e1zen pro Krista\u201c nebyl rozhodn\u011b postavou k&nbsp;vystavov\u00e1n\u00ed na odiv.<\/p>\n\n\n\n<p>Franti\u0161k\u016fv otec byl rakousk\u00fdm finan\u010dn\u00edm \u00fa\u0159edn\u00edkem- respicientem finan\u010dn\u00ed str\u00e1\u017ee. Tedy sou\u010d\u00e1st\u00ed st\u00e1tn\u00ed moci monarchie, kterou se vynucovala da\u0148ov\u00e1 a celn\u00ed disciplina. V\u011b\u0159\u00edc\u00ed katol\u00edk byl loaj\u00e1ln\u00ed v\u016f\u010di monarchii zp\u016fsobem, kter\u00fd p\u0159\u00edmo vzorov\u011b spojoval \u2013 ve sv\u00e9 osob\u011b- ono Je\u017e\u00ed\u0161ovo- d\u00e1vejte c\u00edsa\u0159i co je c\u00edsa\u0159ovo, a Bo\u017e\u00ed co pat\u0159\u00ed Bohu. U c\u00edsa\u0159e, kter\u00fd byl sou\u010dasn\u011b titulov\u00e1n \u201eJeho Apo\u0161tolsk\u00e9 Veli\u010denstvo\u201c to ostatn\u011b bylo mravn\u011b naprosto konzistentn\u00ed, p\u0159inejmen\u0161\u00edm do okam\u017eiku, kdy tento titul poslou\u017eil i k&nbsp;vyhl\u00e1\u0161en\u00ed 1.sv\u011btov\u00e9 v\u00e1lky (p\u0159es \u00fap\u011bniv\u00e9 zap\u0159\u00edsah\u00e1n\u00ed pape\u017ee Pia XI., aby tak ne\u010dinil). To u\u017e ale otec \u2013tak\u00e9 Franti\u0161ek- byl na Pravd\u011b Bo\u017e\u00ed. Franti\u0161ek syn byl ve sv\u00fdch deseti letech sv\u011bdkem toho, jak jeho otec o\u010dek\u00e1v\u00e1 p\u0159\u00edchod kn\u011bze s \u201eposledn\u00edm pomaz\u00e1n\u00edm\u201c oble\u010den ve sv\u00e9 slavnostn\u00ed \u00fa\u0159ednick\u00e9 uniform\u011b. Smrt t\u00e1ty byla pro chlapce jist\u011b bolestnou ud\u00e1lost\u00ed, nicm\u00e9n\u011b on si z&nbsp;n\u00ed odnesl odkaz po sv\u00e9m otci: na\u0161e povol\u00e1n\u00ed, profese, je slu\u017eba bli\u017en\u00edm Bohem n\u00e1m sv\u011b\u0159en\u00e1, a Bohu z&nbsp;n\u00ed budeme tak\u00e9 jednou skl\u00e1dat \u00fa\u010dty. Tak to pochopil nejen pro sebe sam\u00e9ho, ale \u2013 jak pozd\u011bji mlad\u00fdm vysv\u011btloval mravn\u00ed smysl lidsk\u00e9 pr\u00e1ce, pro ka\u017ed\u00e9ho \u010dlov\u011bka bez v\u00fdjimky, jak bychom dnes \u0159ekli- od V.I.P.- a\u017e po \u201ecihl\u00e1\u0159sk\u00e9ho d\u011bln\u00edka\u201c (jeho\u017e povol\u00e1n\u00ed jako p\u0159\u00edklad pou\u017eil Nosek).<\/p>\n\n\n\n<p>Matka Alb\u00edna z\u016fstala se starost\u00ed o syna (a star\u0161\u00ed dceru Marii) sama, nav\u00edc m\u011bli v&nbsp;rodin\u011b vzd\u00e1lenou p\u0159\u00edbuznou jako schovanku. Monarchie se ale o sv\u00e9 v\u011brn\u00e9 slu\u017eebn\u00edky dok\u00e1zala postarat, i vdovsk\u00fdm a sirot\u010d\u00edm d\u016fchodem. \u201eB\u00fdt pod penz\u00ed\u201c byla tehdy v\u00fdsada, jen pro nemnoh\u00e9. A tak Franti\u0161ek od d\u011btstv\u00ed inklinuj\u00edc\u00ed k&nbsp;pomoci spolu\u017e\u00e1k\u016fm ze soci\u00e1ln\u011b slab\u0161\u00edch rodin, nach\u00e1zel u&nbsp;matky pochopen\u00ed, i kdy\u017e je p\u0159ivedl dom\u016f na ob\u011bd. To byl odkaz po matce: solidarita st\u00e1tem vynucovan\u00e1 pot\u0159ebuje b\u00fdt dopl\u0148ov\u00e1na solidaritou dobrovolnou, z&nbsp;l\u00e1sky k&nbsp;bli\u017en\u00edm.<\/p>\n\n\n\n<p>Po maturit\u011b Franti\u0161ek nastoupil na Pr\u00e1vnickou fakultu Univerzity Karlovy (1905), a ne\u00fapln\u00e1 rodina se kv\u016fli tomu p\u0159est\u011bhovala do Prahy. Byt v&nbsp;Karl\u00edn\u011b, finan\u010dn\u011b dostupn\u00fd pro vdovu, pot\u00e9 poslou\u017eil Franti\u0161kovi a rodin\u011b poslance i ministra, a\u017e do smrti.<\/p>\n\n\n\n<p>P\u0159\u00edchod do Prahy byl pro maturanta z&nbsp;Chrudimi spojen s&nbsp;kulturn\u00edm \u0161okem, hned v&nbsp;n\u011bkolika sm\u011brech. Praha u\u017e byla c\u00edrkvi nep\u0159\u00e1telsk\u00e1. Kdy\u017e na univerzit\u011b zakl\u00e1dali katoli\u010dt\u00ed studenti \u010ceskou ligu akademickou, byli \u0161ikanov\u00e1ni spolu\u017e\u00e1ky tak, \u017ee museli po\u017e\u00e1dat o ochranu policie! T\u00edm ov\u0161em jen utvrdili v\u011bt\u0161inu, \u017ee jsou dona\u0161e\u010di rakousk\u00fdch policajt\u016f. Praha byla n\u00e1rodnostn\u011b rozd\u011blena, univerzita u\u017e m\u011bla n\u011bmeckou a \u010deskou \u010d\u00e1st, a \u201ecives academici\u201c spolu skoro nekomunikovali, dokonce ani p\u0159\u00edrodov\u011bdci (jak zaznamenal Albert Einstein p\u0159i sv\u00e9m pobytu zde jen p\u00e1r let po p\u0159\u00edchodu Noska do Prahy). V&nbsp;Praze u\u017e byl nazr\u00e1l\u00fd i soci\u00e1ln\u00ed, t\u0159\u00eddn\u00ed konflikt, a soci\u00e1ln\u00ed demokrat\u00e9 stav\u011bli ideov\u011b na Marxovi. (\u201eSocani\u201c v&nbsp;\u017eargonu doby i mnohem pozd\u011bj\u0161\u00ed u\u017e pojmenov\u00e1n\u00edm \u2013 nad\u00e1vkou, jen dokl\u00e1daj\u00ed vztahy nep\u0159\u00edli\u0161 p\u0159\u00e1telsk\u00e9). V&nbsp;Praze se Nosek setk\u00e1v\u00e1 i s&nbsp;vyd\u011blenost\u00ed \u017eidovsk\u00e9 minority, a s&nbsp;projevy antisemitismu. Ve v\u0161ech t\u011bchto aspektech u\u017e &#8211; po\u0159\u00e1d je\u0161t\u011b matrikov\u011b p\u0159eva\u017euj\u00edc\u00ed katolicismus- \u201enem\u011bl na to\u201c, aby kulturn\u011b tyto rozpory m\u00edrnil a kultivoval. M\u011bli bychom v\u011bd\u011bt, \u017ee \u201evyrovn\u00e1n\u00ed se s&nbsp;n\u00e1bo\u017eenskou ot\u00e1zkou\u201c spojen\u00e9 s&nbsp;perzekuc\u00ed c\u00edrkve po n\u00e1stupu komunist\u016f k&nbsp;moci, se p\u0159ipravovalo u\u017e dlouho p\u0159edt\u00edm, je\u0161t\u011b za monarchie.<\/p>\n\n\n\n<p>Nosek nastoupil na Pravnickou fakultu, a jako JUDr. i promoval (1910). Tam se ov\u0161em p\u011bstovalo i \u201en\u00e1rodn\u00ed hospod\u00e1\u0159stv\u00ed\u201c \u2013 tedy ekonomie, a discipliny, kter\u00e9 u\u017e p\u0159edznamen\u00e1valy budouc\u00ed soci\u00e1ln\u00ed a hospod\u00e1\u0159sk\u00e9 politiky. Pr\u00e1vn\u00ed r\u00e1mec vzd\u011bl\u00e1n\u00ed ekonoma byl nesm\u00edrn\u011b d\u016fle\u017eit\u00fd: podnikat je mo\u017eno jen v&nbsp;r\u00e1mci pr\u00e1va, a s&nbsp;ohledem na ve\u0159ejn\u00e9 dobro. Absolvent nastoupil na Finan\u010dn\u00ed spr\u00e1vu- ve \u0161l\u00e9p\u011bj\u00edch sv\u00e9ho otce- ale jeho ambice m\u00ed\u0159ily k&nbsp;teorii: za\u010dal se p\u0159ipravovat na budouc\u00ed profesuru. A zam\u011bstnavatel mu vych\u00e1zel vst\u0159\u00edc, i ke studijn\u00edm pobyt\u016fm v&nbsp;zahrani\u010d\u00ed. U\u017e jako student v&nbsp;Lize Akademick\u00e9 \u0159\u00eddil studijn\u00ed krou\u017eek a m\u011bl na starosti \u010dl\u00e1nky v&nbsp;rubrice \u201esoci\u00e1ln\u00ed hl\u00eddka\u201c. Dokonce inicioval zalo\u017een\u00ed podp\u016frn\u00e9ho studentsk\u00e9ho fondu. Znal u\u017e tak\u00e9 prvn\u00ed soci\u00e1ln\u00ed encykliku. Soci\u00e1ln\u00ed spravedlnost ho l\u00e1kala, a zast\u00e1val solid\u00e1rn\u00ed principy: proto se v\u011bnoval ot\u00e1zk\u00e1m \u201eprogresivn\u00ed sazby bern\u00ed\u201c (dodnes i u n\u00e1s aktu\u00e1ln\u011b \u017ehav\u00e9 progresivity zdan\u011bn\u00ed p\u0159\u00edjmu), ve vysp\u011blej\u0161\u00edch zem\u00edch pak se zaj\u00edmal i o ot\u00e1zky \u201ekapit\u00e1lov\u00fdch dan\u00ed\u201c. Ze zdravotn\u00edch d\u016fvod\u016f byl Nosek \u201enevoj\u00e1k\u201c, a tak do v\u00e1lky nemusel. Jeho \u201ed\u00e1lkov\u00e9 doktorsk\u00e9 studium\u201c &#8211; v&nbsp;dne\u0161n\u00edm jazyku &#8211; tak trvalo a\u017e do p\u00e1du monarchie.<\/p>\n\n\n\n<p>\u201eNaho\u0159e\u201c v\u0161ak bylo rozhodnuto jinak. V&nbsp;nov\u00e9 republice \u201evolala katolick\u00e1 c\u00edrkev S.O.S.\u201c- jak psali pozd\u011bji Noskovi druzi: mezi nimi i ti, co se rozhodli pro vstup do politiky, v&nbsp;z\u00e1jmu obrany k\u0159es\u0165anstv\u00ed a jeho hodnot. Franti\u0161ek Nosek byl ide\u00e1ln\u011b p\u0159ipraven, a v\u00fdzvy doby nemohl odm\u00edtnout. Jeho politick\u00fd start byl \u201eraketov\u00fd\u201c: hned byl zvolen poslncem \u2013 za Dr.Korda\u010de, nov\u00e9ho arcibiskupa pra\u017esk\u00e9ho, v&nbsp;Lidov\u00e9 stran\u011b z\u00edskal rychle autoritu, (2.mu\u017e strany?), a po n\u011bkolika letech je delegov\u00e1n do dvou vl\u00e1d jako ministr (nejprve vnitra, pak po\u0161t a telegrafu). P\u0159echod k&nbsp;nov\u00e9mu st\u00e1tu nebyl po pr\u00e1vn\u00ed str\u00e1nce \u017e\u00e1dnou velkou diskontinuitou: Obchodn\u00ed z\u00e1kon\u00edk a dal\u0161\u00ed z\u00e1kony byly p\u0159evzaty, jin\u00e9 se upravovaly podle minul\u00fdch zku\u0161enost\u00ed na nov\u00e9 podm\u00ednky. Znalostn\u00ed kapit\u00e1l poslance Noska se tu mohl pln\u011b uplatnit, a tak\u00e9 byl ve sv\u00e9m prvn\u00edm poslaneck\u00e9m obdob\u00ed nej\u010dast\u011bj\u0161\u00edm referuj\u00edc\u00edm ve Sn\u011bmovn\u011b.<\/p>\n\n\n\n<p>V&nbsp;dob\u011b vstupu do politiky je u\u017e Dr.Nosek \u017eenat\u00fd. Man\u017eelku nehledal daleko. Jeho \u017eenou se stala \u2013 schovanka Anna Kube\u0161ov\u00e1. Po ro\u010dn\u00ed studijn\u00ed cest\u011b v&nbsp;cizin\u011b ji po\u017e\u00e1dal o ruku. Znali se od d\u011btstv\u00ed, a rozhoduj\u00edc\u00edm momentem pro Franti\u0161ka bylo, s&nbsp;jakou ob\u011btavost\u00ed se schovanka Anna starala v&nbsp;z\u00e1v\u011bru \u017eivota o jeho matku, a vlastn\u011b tak trochu i o svou druhou m\u00e1mu. Toho byl je\u0161t\u011b bl\u00edzk\u00fdm sv\u011bdkem. Svatba se konala v&nbsp;kostele sv. Havla v&nbsp;Po\u0159\u00ed\u010d\u00ed nad S\u00e1zavou je\u0161t\u011b rok p\u0159ed koncem v\u00e1lky. Po\u0159\u00ed\u010d\u00ed a kostel sv. Havla byly v&nbsp;t\u00e9 dob\u011b u\u017e 5 let zamilovan\u00fdmi m\u00edsty pro Noskovu rodinu, pro jejich letn\u00ed pobyty. A\u010dkoliv bydl\u00edvali jen v&nbsp;pron\u00e1jmu, stalo se jim druh\u00fdm domovem, ve 20.letech i jejich dv\u011bma d\u011btem, Ani\u010dce a Franti\u0161kovi. Je\u0161t\u011b mi bylo dop\u0159\u00e1no v&nbsp;Po\u0159\u00ed\u010d\u00ed besedovat s&nbsp;dru\u017ekou jejich d\u011btsk\u00fdch her. Pro Noskovu rodinu se h\u0159bitov u sv. Havla stal nakonec i m\u00edstem v\u011b\u010dn\u00e9ho odpo\u010dinku. Tam putuj\u00ed u\u017e 85 let ti, kdo v\u011b\u0159\u00ed, \u017ee Franti\u0161ek Nosek \u017eil jako slu\u017eebn\u00edk Bo\u017e\u00ed. Nejprve to byli jeho p\u0159\u00e1tel\u00e9 a spolupracovn\u00edci, jeho \u201edru\u017eina\u201c, pak jejich d\u011bti. A brat\u0159i a sestry z&nbsp;III.\u0159\u00e1du svat\u00e9ho Franti\u0161ka, od 80.let p\u0159edev\u0161\u00edm ze spole\u010denstv\u00ed u sv.Ane\u017eky v&nbsp;Praze-Spo\u0159ilov\u011b.<\/p>\n\n\n\n<p>\u017de byl poslanec a ministr i sekul\u00e1rn\u00edm franti\u0161k\u00e1nem- bratrem Lvem,v\u00edme od jeho duchovn\u00edho v\u016fdce P.Jana Ev.Urbana. Nezn\u00e1me den ani rok (1926 ?) jeho profesn\u00edho slibu, ale podle nep\u0159\u00edm\u00fdch indici\u00ed se tak stalo relativn\u011b pozd\u011b, v&nbsp;dob\u011b, kdy u\u017e byl bratr Lev zn\u00e1m\u00fdm politikem, a kdy Otec Urban se u\u017e st\u00e1val i ve\u0159ejn\u011b zn\u00e1m\u00fdm kn\u011bzem 1.\u0159\u00e1du sv.Franti\u0161ka. Ministr Nosek byl vrstevn\u00edkem jin\u00e9ho Jana, Kapistr\u00e1na, v&nbsp;1.\u0159\u00e1du ji\u017e zaslou\u017eil\u00e9ho provinci\u00e1la, ale duchovn\u00ed sp\u0159\u00edzn\u011bnost p\u0159it\u00e1hla bratra Lva k&nbsp;Otci Urbanovi, o 15 let mlad\u0161\u00edmu. Ministr Nosek byl \u201emlad\u00fd duchem\u201c, a vracet \u010cechy Bohu, to byla \u00fa\u017easn\u00e1 duchovn\u00ed motivace, kter\u00e1 ty dva omilostn\u011bn\u00e9 spojovala. A Spo\u0159ilov byl jedn\u00edm z&nbsp;nejv\u00fdznamn\u011bj\u0161\u00edch m\u00edst jejich spole\u010dn\u00e9 anga\u017eovanosti, jak ve zrodu sester Apo\u0161tol\u00e1tu sv.Franti\u0161ka, tak p\u0159i realizaci stavby kostela posl\u00e9ze zasv\u011bcen\u00e9ho Ane\u017ece P\u0159emyslovn\u011b.<\/p>\n\n\n\n<p>Dr.Nosek za\u010dal \u201evracet \u010cechy Bohu\u201c vlastn\u011b u\u017e n\u011bkolik let p\u0159edt\u00edm, sv\u00fdm vstupem do politiky. Jeho \u00fa\u010dinkov\u00e1n\u00ed v&nbsp;Poslaneck\u00e9 sn\u011bmovn\u011b a v&nbsp;politice v\u016fbec m\u011blo tak v\u00fdjime\u010dn\u00fd charakter, \u017ee jednu z&nbsp;na\u0161ich bo\u017eurek \u2013 po des\u00edtk\u00e1ch let- v\u011bnovanou Dr.Noskovi, jsme nev\u00e1hali nazvat \u201ePolitika jako evangelizace\u201c. Tato v\u00fdjime\u010dnost tak\u00e9 m\u016f\u017ee pomoci vysv\u011btlit, pro\u010d pr\u00e1v\u011b k&nbsp;hrobu tohoto politika trv\u00e1 nep\u0159etr\u017eit\u00e1 tradice pout\u00ed u\u017e 9.desetilet\u00ed, a\u010dkoliv \u201edo u\u010debnic d\u011bjepisu\u201c se jako politik nedostal, a dne\u0161n\u00ed politologov\u00e9 jen v\u00fdjime\u010dn\u011b tu\u0161\u00ed, \u017ee n\u011bkdo takov\u00fd jako on \u017eil. Nebo\u0165 c\u00edle politiky b\u00fdvaj\u00ed r\u016fzn\u00e9, ale k\u0159es\u0165ansk\u00e9 misie k&nbsp;nim pat\u0159\u00ed opravdu sp\u00ed\u0161 v\u00fdjime\u010dn\u011b. Evangelizace, kter\u00e1 byla bratru Lvu umo\u017en\u011bna jako politikovi, trvala pouh\u00fdch 15 let, zem\u0159el ml\u00e1d, nedo\u017eil se ani 50 let. M\u011bla ov\u0161em tak\u00e9 mnohem \u0161ir\u0161\u00ed z\u00e1b\u011br, ne\u017e jen Poslaneckou sn\u011bmovnu. Kostel na Spo\u0159ilov\u011b- ji\u017e zm\u00edn\u011bn\u00fd- byl toho v\u00fdznamn\u00fdm dokladem- ale jen jedn\u00edm z&nbsp;velkorys\u00e9 iniciativy: snahy zajistit duchovn\u00ed slu\u017ebu nov\u00fdm pra\u017esk\u00fdm p\u0159edm\u011bst\u00edm, \u010dasto opu\u0161t\u011bn\u00fdm, pastoraci vzd\u00e1len\u00fdm. Bratr Franti\u0161ek Reichel p\u0159ipravil v&nbsp;tomto bodu speci\u00e1ln\u00ed monografii k&nbsp;v\u00fdro\u010d\u00ed 800 let Franti\u0161kovy \u0159ehole; pr\u00e1vem, proto\u017ee franti\u0161k\u00e1n bratr Lev, duchovn\u011b veden\u00fd Otcem Urbanem, se na realizaci t\u00e9to vzne\u0161en\u00e9 my\u0161lenky pod\u00edlel jako \u201erealitn\u00ed makl\u00e9\u0159\u201c a \u201edeveloper\u201c, ov\u0161em ojedin\u011bl\u00e9ho druhu: vyhled\u00e1val a zaji\u0161\u0165oval pozemky pro stavbu kostel\u016f s&nbsp;nejv\u011bt\u0161\u00ed budouc\u00ed \u201ev\u00fdnosnost\u00ed\u201c- ve sp\u00e1se dosud opu\u0161t\u011bn\u00fdch du\u0161\u00ed. V&nbsp;n\u011bkolika p\u0159\u00edpadech m\u011bl pak na v\u00fdsledku i \u201elv\u00ed pod\u00edl\u201c- hodn\u00fd jeho \u0159eholn\u00edho jm\u00e9na, jako na Spo\u0159ilov\u011b. Otec Urban u\u010dil, \u017ee k&nbsp;Bohu m\u00e1me jen takovou l\u00e1sku jakou m\u00e1me ke sv\u00fdm bli\u017en\u00edm, a tak bratr Lev se stal tak\u00e9 inici\u00e1torem velk\u00e9ho charitativn\u00edho d\u00edla. \u201eDomovy svat\u00e9 Kl\u00e1ry\u201c slou\u017eily senior\u016fm, pr\u00e1zdninov\u00e9 kolonie pro ml\u00e1de\u017e- letn\u00ed t\u00e1bory- zase m\u011bstsk\u00fdm d\u011btem z&nbsp;chud\u00fdch pom\u011br\u016f, jak je bratr Lev znal i z&nbsp;Karl\u00edna. Ke v\u0161emu byly ov\u0161em zapot\u0159eb\u00ed i pen\u00edze: a poslanec Nosek, b\u00fdval\u00fd ministr, se jako franti\u0161k\u00e1n neb\u00e1l \u017eebrat. Ale co je p\u0159ekvapiv\u011bj\u0161\u00ed, on se neb\u00e1l tak\u00e9 podnikat, a z&nbsp;v\u00fdnosu podnik\u00e1n\u00ed d\u00e1vat tak\u00e9 pod\u00edl na\u0161emu mil\u00e9mu P\u00e1nu Bohu- v&nbsp;na\u0161ich bli\u017en\u00edch.<\/p>\n\n\n\n<p>Tak se dost\u00e1v\u00e1me ke str\u00e1nce osobnosti Dr.Noska ,stejn\u011b v\u00fdznamn\u00e9 jako jeho pr\u00e1ci politick\u00e9, tedy k&nbsp;Noskovi jako ekonomovi, v&nbsp;tehdej\u0161\u00edm jazyce \u201en\u00e1rodohospod\u00e1\u0159i\u201c. N\u00e1rodohospod\u00e1\u0159em byl ov\u0161em Nosek u\u017e jako poslanec, nap\u0159\u00edklad kdy\u017e p\u0159edsedal parlamentn\u00edmu v\u00fdboru, kter\u00fd m\u011bl hledat rezervy ve ve\u0159ejn\u00fdch rozpo\u010dtech. I zde \u2013 v&nbsp;t\u00e9to jako v\u017edy konfliktn\u00ed problematice &#8211; se osv\u011bd\u010dil, jako franti\u0161k\u00e1n: kdy\u017e hrozilo, \u017ee poslanci se na ni\u010dem nedohodnou, nev\u00e1hal vyt\u00e1hnout p\u0159\u00edklad svat\u00e9ho Franti\u0161ka- a \u201eono to zabralo\u201c. Ale jeho d\u016fle\u017eit\u011bj\u0161\u00edm polem byl \u201ebyznys\u201c s\u00e1m, sf\u00e9ra \u201emikro\u201c, podnik\u00e1n\u00ed. Ov\u0161em zase podnik\u00e1n\u00ed v\u00fdjime\u010dn\u00e9: ekonomika svat\u00e9ho Franti\u0161ka. Tehdej\u0161\u00ed Lidov\u00e1 strana se starala o drobn\u00e9 zem\u011bd\u011blce, jej\u00ed hlavn\u00ed voli\u010dskou z\u00e1kladnu. Franti\u0161ek Nosek byl v\u016fd\u010d\u00ed osobnost\u00ed p\u0159i z\u0159izov\u00e1n\u00ed, veden\u00ed, a \u0161kolen\u00ed Hospod\u00e1\u0159sk\u00fdch dru\u017estev a Lidov\u00fdch z\u00e1lo\u017een. Dru\u017estva slou\u017eila soukrom\u011b hospoda\u0159\u00edc\u00edm roln\u00edk\u016fm v&nbsp;oblastech \u201ez\u00e1sobov\u00e1n\u00ed\u201c a \u201eodbytu\u201c. Lidov\u00e9 z\u00e1lo\u017eny byla sv\u00e9pomocn\u00e1 spo\u0159iteln\u00ed dru\u017estva, op\u011bt orientovan\u00e1 p\u0159ev\u00e1\u017en\u011b na chud\u0161\u00ed, venkovskou klientelu. Oba typy podnik\u00e1n\u00ed m\u011bly sv\u00e9 \u00fast\u0159ed\u00ed ve Sp\u00e1len\u00e9 ulici v&nbsp;Praze, kam Dr.Nosek doch\u00e1zel ze s\u00eddla Parlamentu, kter\u00e9 bylo tehdy v&nbsp;Rudolfinu. Nebylo to vn\u00edm\u00e1no jako \u201ekonflikt z\u00e1jmu\u201c obecn\u011b, a t\u00edm m\u00e9n\u011b v&nbsp;p\u0159\u00edpadu poslance Noska.Ten, kdy\u017e hovo\u0159il k&nbsp;mlad\u00fdm katol\u00edk\u016fm, kte\u0159\u00ed uva\u017euj\u00ed o vstupu do politiky, kladl jim na srdce princip, j\u00edm\u017e se s\u00e1m sna\u017eil \u0159\u00eddit: u\u017e jenom pomy\u0161len\u00ed, jak vyu\u017e\u00edt mocensk\u00e9ho vlivu a postaven\u00ed pro osobn\u00ed prosp\u011bch, je \u00fakladem proti z\u00e1klad\u016fm st\u00e1tu. Podobn\u011b vedl a \u0161kolil pracovn\u00edky hospod\u00e1\u0159sk\u00fdch dru\u017estev a z\u00e1lo\u017een: ne\u0161lo jen o profesion\u00e1ln\u011b veden\u00e9 semin\u00e1\u0159e o \u00fa\u010detn\u00edch a da\u0148ov\u00fdch p\u0159edpisech, \u0161lo o mnohem v\u00edc: o duchovn\u00ed cvi\u010den\u00ed sv\u00e9ho druhu, vlastn\u011b formov\u00e1n\u00ed specifick\u00e9 spirituality k\u0159es\u0165an\u016f, kte\u0159\u00ed se dali na podnik\u00e1n\u00ed, obchod, zach\u00e1zen\u00ed s&nbsp;pen\u011bzi. V&nbsp;t\u00e9to podob\u011b \u0159e\u0161il bratr Frani\u0161ek-Lev dilema franti\u0161k\u00e1nstv\u00ed a pen\u011bz, jako dobr\u00e9ho sluhy a zl\u00e9ho p\u00e1na, jako v\u00fdchovu k&nbsp;\u00fapln\u00e9 osobn\u00ed nezi\u0161tnosti p\u0159i zach\u00e1zen\u00ed s&nbsp;pen\u011bzi druh\u00fdch,na\u0161ich bli\u017en\u00edch. Pen\u00edze maj\u00ed v&nbsp;posledku slou\u017eit k&nbsp;c\u00edl\u016fm duchovn\u00ed povahy. K&nbsp;tomu ov\u0161em mus\u00ed b\u00fdt \u010dlov\u011bk-profesion\u00e1l, formov\u00e1n duchovn\u011b.<\/p>\n\n\n\n<p>A formace mlad\u00fdch katol\u00edk\u016f, to bylo dal\u0161\u00ed pole tak \u00fa\u017easn\u011b \u0161irok\u00e9 aktivity bratra Lva. Jeho schopnost upoutat mlad\u00e9, a mnoh\u00e9 ovlivnit duchovn\u011b na cel\u00fd \u017eivot, \u010dasto jen jednou jedinou p\u0159edn\u00e1\u0161kou &#8211; z&nbsp;t\u011bch des\u00edtek, ba stovek, kter\u00e9 m\u011bl po \u010desk\u00fdch m\u011bstech i venkovu, to bylo obrovsk\u00e9 charisma bratra Lva. Nen\u00ed n\u00e1hodou, \u017ee to byli pr\u00e1v\u011b mlad\u00ed ze SKM, kte\u0159\u00ed p\u0159ipravili prvn\u00ed sborn\u00ed\u010dek o Dr.Noskovi \/Dr.Nosek mlad\u00fdm\/. Reedice po 70 letech je cenn\u00e1 p\u0159ipom\u00ednka k&nbsp;tomu, abychom ve vzpom\u00edn\u00e1n\u00ed na na\u0161eho v\u00fdjime\u010dn\u00e9ho bratra nepolevovali. A abychom zkoumali, v&nbsp;\u010dem ta schopnost oslovit mlad\u00e9, spo\u010d\u00edvala; abychom se pou\u010dili&#8230;<\/p>\n\n\n\n<p>Otec Urban napsal po smrti Dr.Noska, \u017ee jeho \u017eivotopis by musel b\u00fdt zjeven\u00edm. Zat\u00edm \u2013 u\u017e po v\u00edce ne\u017e 80 letech- jde z&nbsp;na\u0161\u00ed strany o st\u0159\u00edpky, i kdy\u017e z&nbsp;u\u017e \u010detn\u00fdch p\u0159\u00edle\u017eitostn\u00fdch vzpom\u00ednek a zamy\u0161len\u00ed nad \u017eivotem na\u0161eho bratra Lva, zejm\u00e9na p\u0159i jeho \u017eivotn\u00edch v\u00fdro\u010d\u00edch. K&nbsp;\u017eivotopisu \u2013zjeven\u00ed- jsme se nedopracovali. Tomu by muselo p\u0159edch\u00e1zet hlub\u0161\u00ed studium p\u00edsemn\u011b zachovan\u00fdch po\u010din\u016f JUDr.Franti\u0161ka Noska, jeho proslov\u016f v&nbsp;N\u00e1rodn\u00edm shrom\u00e1\u017ed\u011bn\u00ed, ve vl\u00e1d\u011b, jeho \u010dasopiseck\u00fdch a novinov\u00fdch \u010dl\u00e1nk\u016f. Je pozoruhodn\u00e9, \u017ee mnohostrannost osobnosti Dr.Noska je tak bohat\u00e1, a ka\u017ed\u00e1 z t\u011bch str\u00e1nek z\u00e1\u0159\u00ed nasv\u00edcena duchovn\u00edm sv\u011btlem, \u017ee budouc\u00ed \u201etitulk\u00e1\u0159\u201c \u017eivotopisu to nebude m\u00edt snadn\u00e9. \u201ePolitik, kter\u00fd nikdy nelhal\u201c. \u201eN\u00e1rodohospod\u00e1\u0159 ve slu\u017eb\u011b obecn\u00e9mu blahu\u201c. \u201eFinan\u010dn\u00edk, kter\u00fd zem\u0159el v&nbsp;chudob\u011b- a\u010d jeho podniky prosperovaly\u201c. \u201eCharizmatick\u00fd vychovatel mlad\u00fdch\u201c&#8230;\u201eSlu\u017eebn\u00edk Bo\u017e\u00ed\u201c. (Ten posledn\u00ed pr\u00fd vy\u017eaduje spln\u011bn\u00ed kanonick\u00fdch podm\u00ednek, tak\u017ee zat\u00edm jen \u201ev duchu\u201c).<\/p>\n\n\n\n<p>Sestry Urbanky vydaly pam\u011btn\u00ed list s&nbsp;pozoruhodnou mozaikou- na n\u00ed\u017e jsou portr\u00e9ty Otce Urbana a Dr.Noska, oz\u00e1\u0159en\u00e9 duchovn\u00edm sv\u011btlem, jak\u00e9 se mezi duchovn\u00edm v\u016fdcem a penitentem zrodilo za necel\u00fdch 10 let jejich spolupr\u00e1ce. Mozaika byla nalezena po letech v&nbsp;\u00fato\u010di\u0161ti sester u sv.V\u00e1clava v&nbsp;Dejvic\u00edch, rok vzniku ani autor nejsou zn\u00e1m\u00ed. Pravd\u011bpodobn\u00e9 je to, \u017ee \u0161lo o d\u00edlo \u2013 velice zda\u0159il\u00e9 i um\u011blecky- vytvo\u0159en\u00e9 kr\u00e1tce p\u0159ed n\u00e1stupem obou totalit. D\u016fle\u017eit\u011bj\u0161\u00ed je to, co sestry pova\u017euj\u00ed za nejpozoruhodn\u011bj\u0161\u00ed rys osobnosti bratra Lva: a t\u00edm je jeho role v&nbsp;jeho vlastn\u00ed rodin\u011b, jako man\u017eela a otce. \u017deny zasv\u011bcen\u00e9ho \u017eivota, kter\u00e9 se samy dobrovoln\u011b vzdaly \u00fa\u017easn\u00e9ho daru m\u00edt vlastn\u00ed d\u00edt\u011b, si nejv\u00edc v\u00e1\u017e\u00ed state\u010dnosti a s\u00edly v\u00edry, s&nbsp;jakou bratr Lev dok\u00e1zal p\u0159ijmout smrt sv\u00e9ho desetilet\u00e9ho synka Franti\u0161ka, a kr\u00e1tce pot\u00e9 i sv\u00e9 milovan\u00e9 \u017eeny. V\u00edra, \u017ee B\u016fh pro jeho Franti\u0161ka dok\u00e1\u017ee na v\u011b\u010dnosti zajistit takov\u00e9 dobro, jak\u00e9ho by on s\u00e1m nikdy nebyl schopen.<\/p>\n\n\n\n<p>Otec Urban vyd\u00e1val sv\u011bdectv\u00ed, \u017ee \u017eivot jeho penitenta byl u\u017e v&nbsp;posledn\u00edch letech trvale nadp\u0159irozen\u00fd. Nevytv\u00e1\u0159el v\u0161ak barvotiskov\u00fd obraz sv\u011btce, zbaven\u00e9ho u\u017e jak\u00fdchkoliv lidsk\u00fdch slabost\u00ed. Dr.Nosek nem\u011bl jen p\u0159\u00e1tele, kte\u0159\u00ed ho milovali a obdivovali. Byli tac\u00ed, kte\u0159\u00ed mu nerozum\u011bli, nech\u00e1pali ho. A podle Otce Urbana, za to ani nemohli: bratr Lev \u0161i\u0159\u00ed sv\u00fdch znalost\u00ed a hloubkou sv\u00fdch \u00fasudk\u016f byl \u201ehodn\u011b nap\u0159ed\u201c. A tak se st\u00e1valo, \u017ee jednal p\u0159ekvapiv\u011b prudce, jak to od n\u011bho lid\u00e9 ne\u010dekali. Znali ho toti\u017e sou\u010dasn\u011b jako \u010dlov\u011bka nejv\u00fd\u0161 pokorn\u00e9ho, ministra, kter\u00fd v&nbsp;\u00fa\u0159adu otv\u00edral dve\u0159e pod\u0159\u00edzen\u00fdm- jako slu\u017eebn\u00edk slu\u017eebn\u00edk\u016f. Kolegov\u00e9 si v\u0161\u00edmali, \u017ee ve vlaku nejen odm\u00edt\u00e1 p\u0159ej\u00edt do 1.t\u0159\u00eddy, na kterou m\u011bl n\u00e1rok, ale dokonce pou\u0161t\u00ed sednout jin\u00e9, a s\u00e1m z\u016fst\u00e1v\u00e1 na chodbi\u010dce, v&nbsp;dru\u017en\u00e9m, zaujat\u00e9m hovoru. A te\u010f najednou \u201evylet\u00ed\u201c , \u201evybuchne\u201c. Otec Urban pou\u017eil v\u00fdrazu \u201ebryskn\u00ed\u201c, kter\u00fd ani Otec Benedikt \u2013 veden z\u00e1jmem o bratra Lva- nebyl s&nbsp;to naj\u00edt ve slovn\u00edku spisovn\u00e9 \u010de\u0161tiny. D\u016fvodn\u00e1 domn\u011bnka je ve slov\u011b p\u0159evzat\u00e9m z&nbsp;fran\u0161tiny: brusque (brysk) znamen\u00e1 n\u00e1hl\u00fd, prudk\u00fd, tak\u00e9 un\u00e1hlen\u00fd. N a n\u011bkoho \u201evylet\u011bt\u201c v\u0161ak mohlo b\u00fdt tak\u00e9 spravedliv\u00fdm hn\u011bvem&#8230;<\/p>\n\n\n\n<p>Dr.Nosek si v\u0161\u00edmal mravn\u00edho \u00fapadku, v&nbsp;byznysu i v&nbsp;politice. A d\u011bsil se i kam to povede. Ale na druh\u00e9 stran\u011b z\u00e1sadn\u011b odm\u00edtal pau\u0161\u00e1ln\u00ed vyl\u00e9v\u00e1n\u00ed \u0161p\u00edny na politiku a demokracii jako takovou. To, \u017ee Franti\u0161ek Nosek nikdy nelhal, poslanc\u016fm samoz\u0159ejm\u011b ne\u0159\u00edkal on s\u00e1m, ani jim to nepot\u0159ebovali \u0159\u00edkat jin\u00ed. To za ta spole\u010dn\u00e1 l\u00e9ta ve sn\u011bmovn\u011b odpozorovali sami. Proto m\u011bl autoritu, i u t\u011bch druh\u00fdch, jin\u00fdch, \u201eprotivn\u00fdch\u201c. P\u0159\u00e1tel\u00e9 a pam\u011btn\u00edci Dr.Noska spojovali jeho charakter, povahu milovat, ne nen\u00e1vid\u011bt, s&nbsp;latinsk\u00fdm heslem, kter\u00e9 bylo p\u0159ed vstupem do s\u00e1lu u P.M.Sn\u011b\u017en\u00e9, kde se konala setk\u00e1n\u00ed iniciativy Otce Urbana \u201eStudium catholicum\u201c: \u201eKdo by cht\u011bl v&nbsp;tomto s\u00e1le zle mluvit o bli\u017en\u00edm, nem\u00e1 povolen p\u0159\u00edstup\u201c. Bratr Lev, m\u00edrn\u00fd jako ber\u00e1nek- jen n\u011bkdy \u201epru\u010fas\u201c.<\/p>\n\n\n\n<p>Franti\u0161ek Nosek se stal ve\u0159ejn\u011b zn\u00e1m\u00fdm p\u0159ed 100 lety. Po v\u0161ech peripeti\u00edch doby a dvou totalit\u00e1ch, je v\u0161ak bratr Lev u\u017e \u201ena\u0161\u00edm sou\u010dasn\u00edkem\u201c: ve\u0159ejn\u011b anga\u017eovan\u00fdm k\u0159es\u0165anem v&nbsp;parlamentn\u00ed demokracii a kapitalistick\u00e9m zp\u016fsobu hospoda\u0159en\u00ed. To \u010din\u00ed jeho \u017eivotn\u00ed p\u0159\u00edklad zvl\u00e1\u0161\u0165 p\u0159ita\u017eliv\u00fdm. Lze nam\u00edtnout: a co po n\u011bm z\u016fstalo? O jeho skrytosti pro sv\u011bt politiky i byznysu ji\u017e byla \u0159e\u010d. Ano: kostel sv. Ane\u017eky na Spo\u0159ilov\u011b, vysv\u011bcen\u00fd jen n\u011bkolik m\u011bs\u00edc\u016f po jeho smrti, to je d\u011bdictv\u00ed viditeln\u00e9. Hospod\u00e1\u0159sk\u00e1 dru\u017estva j\u00edm veden\u00e1 pohltili nejprve agr\u00e1rn\u00edci za totality prvn\u00ed, a zest\u00e1tnili komunist\u00e9 za totality druh\u00e9. T\u00fd\u017e osud potkal i lidov\u00e9 z\u00e1lo\u017eny. My\u0161lenka dru\u017estevnictv\u00ed byla zdiskreditov\u00e1na pou\u017eit\u00edm n\u00e1sil\u00ed, mimoekonomick\u00e9ho donucen\u00ed. Pokus o obnoven\u00ed \u201esv\u00e9pomocn\u00fdch spo\u0159iteln\u00edch dru\u017estev\u201c v&nbsp;privatizaci ztroskotal na prohospoda\u0159en\u00e9, vytunelovan\u00e9 d\u016fv\u011b\u0159e. Tedy co: ani k\u00e1men na kameni nez\u016fstal? Vzpom\u00ednky druh\u016f Dr. Noska \u2013 u\u017e z&nbsp;\u201enormalizace\u201c let 70. \u2013 obsahuj\u00ed pozoruhodn\u00e9 hodnocen\u00ed: socialismus realizuje mnoh\u00e9 z&nbsp;my\u0161lenek Dr. Noska \u2013 ale pokou\u0161\u00ed se o to \u201ebez Boha\u201c. Je-li diagnoza spr\u00e1vn\u00e1, terapie je nasnad\u011b: vr\u00e1tit se k&nbsp;Noskov\u00fdm my\u0161lenk\u00e1m \u2013 ov\u0161em s&nbsp;Bo\u017e\u00edm veden\u00edm. Hnut\u00ed Fokolare po 20.letech sv\u00e9 zku\u0161enosti s \u201eekonomi\u00ed spole\u010denstv\u00ed\u201c do\u0161lo \u00fasty prof. Lugina Bruni-ho k&nbsp;z\u00e1v\u011bru, \u017ee ekonomie spole\u010denstv\u00ed pot\u0159ebuje pevn\u011bj\u0161\u00ed institucion\u00e1ln\u00ed formu: v&nbsp;osv\u011bd\u010den\u00e9 instituci dru\u017estevnictv\u00ed. T\u00fd\u017e prof. Bruni, byl pov\u011b\u0159en pape\u017eem Franti\u0161kem jako organiza\u010dn\u00ed \u0159editel setk\u00e1n\u00edm mlad\u00fdch v&nbsp;Assisi, pod n\u00e1zvem \u201eFranti\u0161kova ekonomika\u201c. Setk\u00e1n\u00ed bylo z&nbsp;leto\u0161n\u00edho jara pro pandemii odlo\u017eeno na podzim, a i tak k&nbsp;n\u011bmu dojde jen ve virtu\u00e1ln\u00ed podob\u011b. Co je rok proti v\u011b\u010dnosti: a \u201en\u00e1\u0161 Franti\u0161ek\u201c Nosek, m\u00e1 na vizi pro budoucnost zad\u011bl\u00e1no u\u017e skoro sto let. To je jeho d\u011bdictv\u00ed \u201eneviditeln\u00e9\u201c. Ekonomika \u201ebli\u017en\u00edho jako sebe sama\u201c. \u201eEkonomika bratrstv\u00ed v&nbsp;Kristu\u201c. Deo gratias.<\/p>\n\n\n\n<p><a href=\"https:\/\/www.frantiskani.cz\/index.php\/nosek-ps-1920-1935\/\">Dr. Franti\u0161ek Nosek v Poslaneck\u00e9 sn\u011bmovn\u011b 1920-1935<\/a><\/p>\n\n\n\n<p><a href=\"https:\/\/www.teologicketexty.cz\/casopis\/2006-4\/Frantisek-Nosek-120-vyroci-narozeni.html\">https:\/\/www.teologicketexty.cz\/casopis\/2006-4\/Frantisek-Nosek-120-vyroci-narozeni.html<\/a><\/p>\n\n\n\n<figure class=\"wp-block-gallery has-nested-images columns-default is-cropped wp-block-gallery-1 is-layout-flex wp-block-gallery-is-layout-flex\">\n<figure class=\"wp-block-image size-large\"><img decoding=\"async\" data-id=\"10524\" src=\"data:image\/gif;base64,R0lGODlhAQABAAAAACH5BAEKAAEALAAAAAABAAEAAAICTAEAOw==\" data-layzr=\"https:\/\/www.frantiskani.cz\/wp-content\/uploads\/2021\/02\/10-Obr-2_svec.kolonie-ve-Dvorku_Pout-7-05-1024x638.jpg\" alt=\"Sv\u011bcen\u00ed Pr\u00e1zdninov\u00e9 d\u011btsk\u00e9 kolonie ve Dvorku u P\u0159ibyslavi Slovem \u201ekolonie\u201c se rozum\u011blo za\u0159\u00edzen\u00ed pro fyzick\u00e9 i duchovn\u00ed zotaven\u00ed chud\u00e9 m\u011bstsk\u00e9 ml\u00e1de\u017ee. O jejich vznik usiloval Nosek. Ve Dvorku vzniklo prv\u00e9 z t\u011bchto za\u0159\u00edzen\u00ed. Pozd\u011bji je\u0161t\u011b dv\u011b. Tyto kolonie sv\u011b\u0159il do p\u00e9\u010de Sdru\u017een\u00ed katolick\u00e9 ml\u00e1de\u017ee (SKM). V koloni\u00edch p\u016fsobily tak\u00e9 \u0159\u00e1dov\u00e9 sestry. Osoby: v lev\u00e9 \u010d\u00e1sti sn\u00edmku stoj\u00ed d\u011bv\u010de v n\u00e1rodn\u00edm kroji. Je to Anu\u0161ka Noskov\u00e1. Za n\u00ed stoj\u00ed Dr. Nosek. Ministrant vedle Anu\u0161ky je Fanou\u0161 Nosek. T\u0159et\u00ed duchovn\u00ed od n\u011bj P. Jan Evangelista Urban OFM. Vzadu od n\u011bj sm\u011brem doprava je mons. vik\u00e1\u0159 A. Hornek. Ten se zaslou\u017eil o z\u0159\u00edzen\u00ed kolonie.\" class=\"wp-image-10524\"\/><figcaption class=\"wp-element-caption\">Sv\u011bcen\u00ed Pr\u00e1zdninov\u00e9 d\u011btsk\u00e9 kolonie<\/figcaption><\/figure>\n\n\n\n<figure class=\"wp-block-image size-large\"><img decoding=\"async\" data-id=\"10523\" src=\"data:image\/gif;base64,R0lGODlhAQABAAAAACH5BAEKAAEALAAAAAABAAEAAAICTAEAOw==\" data-layzr=\"https:\/\/www.frantiskani.cz\/wp-content\/uploads\/2021\/02\/5-Foto-487-1_zPM_seSvehlou_Pout3-06-1024x685.jpg\" alt=\"5. Sn\u00edmek z uveden\u00ed telefonn\u00ed \u00fast\u0159edny do provozu Uprost\u0159ed sn\u00edmku je ministersky\u0301 p\u0159edseda \u010ceskoslovensk\u00e9 republiky Anton\u00edn \u0160vehla (byl j\u00edm ve t\u0159ech vl\u00e1d\u00e1ch, v obdob\u00ed 1922\u20131929). Po jeho pravici\" class=\"wp-image-10523\"\/><figcaption class=\"wp-element-caption\">Sn\u00edmek z uveden\u00ed telefonn\u00ed \u00fast\u0159edny do provozu<\/figcaption><\/figure>\n\n\n\n<figure class=\"wp-block-image size-large\"><img decoding=\"async\" data-id=\"10521\" src=\"data:image\/gif;base64,R0lGODlhAQABAAAAACH5BAEKAAEALAAAAAABAAEAAAICTAEAOw==\" data-layzr=\"https:\/\/www.frantiskani.cz\/wp-content\/uploads\/2021\/02\/6-Foto-2368-2_zPM_balkon-M.post_Pout4-06-1024x766.jpg\" alt=\"Ministr Dr. Nosek sed\u00ed na balkon\u011b ministerstva a poslouch\u00e1 rozhlasov\u00e9 vys\u00edl\u00e1n\u00ed V l\u00e9tech 1926\u20131929 byl st\u00e1le \u010ceskoslovensky\u0301 rozhlas novinkou. Za\u010dal vys\u00edlat v r. 1923.\" class=\"wp-image-10521\"\/><figcaption class=\"wp-element-caption\">Dr. Nosek sed\u00ed na balkon\u011b ministerstva a poslouch\u00e1 rozhlasov\u00e9 vys\u00edl\u00e1n\u00ed<\/figcaption><\/figure>\n\n\n\n<figure class=\"wp-block-image size-large\"><img decoding=\"async\" data-id=\"10522\" src=\"data:image\/gif;base64,R0lGODlhAQABAAAAACH5BAEKAAEALAAAAAABAAEAAAICTAEAOw==\" data-layzr=\"https:\/\/www.frantiskani.cz\/wp-content\/uploads\/2021\/02\/9-Fotogr1_na-dvore-v-Por-c.8_odKotous-1024x715.jpg\" alt=\"Na dvo\u0159e statku Ma\u0161tal\u00ed\u0159ovy\u0301ch v Po\u0159\u00ed\u010d\u00ed nad S\u00e1zavou \u010d. 8 Noskovi sem jezdili ji\u017e od r. 1912 na letn\u00ed byt. Chatu nebo vilu na venkov\u011b nem\u011bli. Jm\u00e9na osob (zleva):Anna Noskov\u00e1, man\u017eelka Dr. Noska. P\u0159ed n\u00ed stoj\u00ed maly\u0301 Franti\u0161ek Nosek. Vedle A. Noskov\u00e9 sed\u00ed Dr. Nosek, p\u0159ed n\u00edm stoj\u00ed Anna, dcera Noskovy\u0301ch. Po Noskov\u011b levici sed\u00ed jeho sestra Marie. Prvy\u0301 zprava je Nosk\u016fv \u0159idi\u010d. Nosek m\u011bl k dispozici auto, jako\u017eto ministr. Kdy\u017e koncem roku 1929 p\u0159estal by\u0301t ministrem, auto ji\u017e nem\u011bl. Jezdil pak vlakem &gt;&gt; 10. Sv\u011bcen\u00ed Pr\u00e1zdninov\u00e9 d\u011btsk\u00e9 kolonie ve Dvorku u P\u0159ibyslavi Slovem \u201ekolonie\u201c se rozum\u011blo za\u0159\u00edzen\u00ed pro fyzick\u00e9 i duchovn\u00ed zotaven\u00ed chud\u00e9 m\u011bstsk\u00e9 ml\u00e1de\u017ee. O jejich vznik usiloval Nosek.\" class=\"wp-image-10522\"\/><figcaption class=\"wp-element-caption\">Na dvo\u0159e v Hostomic\u00edch<\/figcaption><\/figure>\n\n\n\n<figure class=\"wp-block-image size-large\"><img decoding=\"async\" data-id=\"10520\" src=\"data:image\/gif;base64,R0lGODlhAQABAAAAACH5BAEKAAEALAAAAAABAAEAAAICTAEAOw==\" data-layzr=\"https:\/\/www.frantiskani.cz\/wp-content\/uploads\/2021\/02\/8-Foto-2419_zPM_Tablo-Min.post_1928-1024x763.jpg\" alt=\"Tablo Ministerstva po\u0161t a telegraf\u016f: Sn\u00edmek je z roku 1928. Dr. Nosek je ministrem (byl j\u00edm v obdob\u00ed 12. 10. 1926 \u2013 7. 12. 1929). Pod n\u00edm, av\u0161ak uprost\u0159ed sn\u00edmku, je JUDr. Maxmili\u00e1n Fatka. Dr. Fatka m\u011bl titul Gener\u00e1ln\u00ed \u0159editel po\u0161t a telegraf\u016f. Jeho \u00fakolem bylo zaji\u0161\u0165ovat plynuly\u0301 chod ministerstva, bez ohledu na zm\u011bny ministr\u016f. \u0160lo v podstat\u011b o tzv. st\u00e1tn\u00edho tajemn\u00edka.\" class=\"wp-image-10520\"\/><figcaption class=\"wp-element-caption\">Tablo Ministerstva po\u0161t a telegraf\u016f: Sn\u00edmek je z roku 1928<\/figcaption><\/figure>\n\n\n\n<figure class=\"wp-block-image size-large\"><img decoding=\"async\" data-id=\"10519\" src=\"data:image\/gif;base64,R0lGODlhAQABAAAAACH5BAEKAAEALAAAAAABAAEAAAICTAEAOw==\" data-layzr=\"https:\/\/www.frantiskani.cz\/wp-content\/uploads\/2021\/02\/7-Foto-2455-2_zPM_Telefunken_Pout2-06-1024x713.jpg\" alt=\"N\u00e1v\u0161t\u011bva ve firm\u011b Telefunken (vyr\u00e1b\u011bla za\u0159\u00edzen\u00ed pro d\u00e1lkov\u00e9 spojen\u00ed) Je zaj\u00edmav\u00e9, \u017ee uprost\u0159ed sn\u00edmku stoj\u00ed Dr. M. Fatka, gener\u00e1ln\u00ed \u0159editel ministerstva. Po jeho pravici stoj\u00ed ministr\" class=\"wp-image-10519\"\/><figcaption class=\"wp-element-caption\">N\u00e1v\u0161t\u011bva ve firm\u011b Telefunken<\/figcaption><\/figure>\n\n\n\n<figure class=\"wp-block-image size-large\"><img decoding=\"async\" data-id=\"10518\" src=\"data:image\/gif;base64,R0lGODlhAQABAAAAACH5BAEKAAEALAAAAAABAAEAAAICTAEAOw==\" data-layzr=\"https:\/\/www.frantiskani.cz\/wp-content\/uploads\/2021\/02\/2-vlada-Svehly-s-Nosekm-1024x682.webp\" alt=\"poslaneck\u00e9 sn\u011bmovny \u010cR 2. Druh\u00e1 vl\u00e1da Anton\u00edna \u0160vehly od 9. prosince 1925 do 18. b\u0159ezna 1926. Dr. Nosek druhy\u0301 zprava \u2013 ministr vnitra\" class=\"wp-image-10518\"\/><figcaption class=\"wp-element-caption\">2. Druh\u00e1 vl\u00e1da Anton\u00edna \u0160vehly od 9. prosince 1925<\/figcaption><\/figure>\n\n\n\n<figure class=\"wp-block-image size-large\"><img decoding=\"async\" data-id=\"10517\" src=\"data:image\/gif;base64,R0lGODlhAQABAAAAACH5BAEKAAEALAAAAAABAAEAAAICTAEAOw==\" data-layzr=\"https:\/\/www.frantiskani.cz\/wp-content\/uploads\/2021\/02\/11-obrazek-v-Hostomicich-u-P.-Chlumskeho-2.png\" alt=\"V Hostomic\u00edch pod Brdy v r. 1929 u far\u00e1\u0159e P. V\u00e1clava Chlumsk\u00e9ho (sed\u00ed uprost\u0159ed). Toho uvolnil za I. sv\u011btov\u00e9 v\u00e1lky pra\u017esky\u0301 arcibiskup, aby d\u011blal sekret\u00e1\u0159e nov\u011b organizovan\u00e9ho Sdru\u017een\u00ed katolick\u00e9 ml\u00e1de\u017ee (SKM). Pater Chlumsky\u0301 byl pak jedn\u00edm z nejbli\u017e\u0161\u00edch p\u0159\u00e1tel F. Noska. Nosek stoj\u00ed; vedle n\u011bj stoj\u00ed tajemn\u00edk SKM Jan Janou\u0161ek (je men\u0161\u00ed ne\u017e Nosek). Sed\u00edc\u00ed zleva: P. Ad. Pelik\u00e1n SJ, gener\u00e1ln\u00ed duchovn\u00ed r\u00e1dce SKM. Po levici P. Chlumsk\u00e9ho sed\u00ed K. Skleni\u010dka, p\u0159edseda SKM.\" class=\"wp-image-10517\"\/><figcaption class=\"wp-element-caption\">V Hostomic\u00edch pod Brdy v r. 1929 u far\u00e1\u0159e P. V\u00e1clava Chlumsk\u00e9ho<\/figcaption><\/figure>\n\n\n\n<figure class=\"wp-block-image size-large\"><img decoding=\"async\" data-id=\"1306\" src=\"data:image\/gif;base64,R0lGODlhAQABAAAAACH5BAEKAAEALAAAAAABAAEAAAICTAEAOw==\" data-layzr=\"https:\/\/www.frantiskani.cz\/wp-content\/uploads\/2016\/12\/modlitby-Nosek-u-hrobu-2019-kopie.jpg\" alt=\"Galerie fotek s Dr. Noskem\" class=\"wp-image-1306\"\/><figcaption class=\"wp-element-caption\">Hrob Dr. F. Noska<\/figcaption><\/figure>\n\n\n\n<figure class=\"wp-block-image size-large\"><img decoding=\"async\" data-id=\"1390\" src=\"data:image\/gif;base64,R0lGODlhAQABAAAAACH5BAEKAAEALAAAAAABAAEAAAICTAEAOw==\" data-layzr=\"https:\/\/www.frantiskani.cz\/wp-content\/uploads\/2021\/02\/pametni-deska-Pha-8.jpg\" alt=\"pam\u011btn\u00ed deska v Karl\u00edn\u011b Praha\" class=\"wp-image-1390\"\/><figcaption class=\"wp-element-caption\">Pam\u011btn\u00ed deska v Karl\u00edn\u011b v Praze<\/figcaption><\/figure>\n<\/figure>\n\n\n\n<p>Odkaz na <a href=\"https:\/\/www.psp.cz\/sqw\/detail.sqw?org=296&amp;id=3000&amp;ia=33#ia33\">www.psp.cz <\/a>&#8211; poslanec Dr. Nosek<\/p>\n\n\n\n<figure class=\"wp-block-image\"><a href=\"https:\/\/www.psp.cz\/sqw\/detail.sqw?org=296&amp;id=3000&amp;ia=33#ia33\"><img decoding=\"async\" src=\"data:image\/gif;base64,R0lGODlhAQABAAAAACH5BAEKAAEALAAAAAABAAEAAAICTAEAOw==\" data-layzr=\"https:\/\/www.frantiskani.cz\/wp-content\/uploads\/2021\/02\/vypis-Narodni-shromazdeni-300x216.jpg\" alt=\"\" class=\"wp-image-1391\"\/><\/a><\/figure>\n","protected":false},"excerpt":{"rendered":"<p>Dr.Nosek za\u010dal \u201evracet \u010cechy Bohu\u201c vlastn\u011b u\u017e n\u011bkolik let p\u0159edt\u00edm, sv\u00fdm vstupem do politiky. Jeho \u00fa\u010dinkov\u00e1n\u00ed v Poslaneck\u00e9 sn\u011bmovn\u011b a v politice v\u016fbec m\u011blo tak v\u00fdjime\u010dn\u00fd charakter, \u017ee jednu z na\u0161ich bo\u017eurek \u2013 po des\u00edtk\u00e1ch let- v\u011bnovanou Dr.Noskovi, jsme nev\u00e1hali nazvat \u201ePolitika jako evangelizace\u201c. <\/p>\n","protected":false},"author":1,"featured_media":1388,"comment_status":"open","ping_status":"open","sticky":false,"template":"","format":"standard","meta":{"footnotes":""},"categories":[269,6,123],"tags":[],"class_list":["post-1399","post","type-post","status-publish","format-standard","has-post-thumbnail","hentry","category-dr-nosek","category-frantiskanskarodina","category-osobnosti","latest_post"],"_links":{"self":[{"href":"https:\/\/www.frantiskani.cz\/index.php\/wp-json\/wp\/v2\/posts\/1399","targetHints":{"allow":["GET"]}}],"collection":[{"href":"https:\/\/www.frantiskani.cz\/index.php\/wp-json\/wp\/v2\/posts"}],"about":[{"href":"https:\/\/www.frantiskani.cz\/index.php\/wp-json\/wp\/v2\/types\/post"}],"author":[{"embeddable":true,"href":"https:\/\/www.frantiskani.cz\/index.php\/wp-json\/wp\/v2\/users\/1"}],"replies":[{"embeddable":true,"href":"https:\/\/www.frantiskani.cz\/index.php\/wp-json\/wp\/v2\/comments?post=1399"}],"version-history":[{"count":15,"href":"https:\/\/www.frantiskani.cz\/index.php\/wp-json\/wp\/v2\/posts\/1399\/revisions"}],"predecessor-version":[{"id":10713,"href":"https:\/\/www.frantiskani.cz\/index.php\/wp-json\/wp\/v2\/posts\/1399\/revisions\/10713"}],"wp:featuredmedia":[{"embeddable":true,"href":"https:\/\/www.frantiskani.cz\/index.php\/wp-json\/wp\/v2\/media\/1388"}],"wp:attachment":[{"href":"https:\/\/www.frantiskani.cz\/index.php\/wp-json\/wp\/v2\/media?parent=1399"}],"wp:term":[{"taxonomy":"category","embeddable":true,"href":"https:\/\/www.frantiskani.cz\/index.php\/wp-json\/wp\/v2\/categories?post=1399"},{"taxonomy":"post_tag","embeddable":true,"href":"https:\/\/www.frantiskani.cz\/index.php\/wp-json\/wp\/v2\/tags?post=1399"}],"curies":[{"name":"wp","href":"https:\/\/api.w.org\/{rel}","templated":true}]}}